{"id":176653,"date":"2025-10-14T17:33:09","date_gmt":"2025-10-14T17:33:09","guid":{"rendered":"https:\/\/www.europesays.com\/es\/176653\/"},"modified":"2025-10-14T17:33:09","modified_gmt":"2025-10-14T17:33:09","slug":"premios-de-mejorada-del-campo-avance-taurino","status":"publish","type":"post","link":"https:\/\/www.europesays.com\/es\/176653\/","title":{"rendered":"Premios de Mejorada del Campo \u2013 Avance Taurino"},"content":{"rendered":"<p>Daniel Moset y Mario Vilau, los destacados.<\/p>\n<p>\u00a0<\/p>\n<p>Tras finalizar la feria de la localidad madrile\u00f1a de Mejorada del Campo, Daniel Moset ha sido tenido como triunfador del serial y autor de la mejor estocada, concedi\u00e9ndose a Mario Vilau el premio a la mejor faena.<\/p>\n<p>Como mejor ganader\u00eda se ha premiado a La Quinta y como mejor novillo a \u201cSanluque\u00f1o\u201d, de El Retamar, mientras que los prmios a los subalternos han sido para Javier Cerrato a la mejor brega, Carlos de Mar\u00eda por el mejor par de banderillas y Pepe Aguado por el mejor puyazo.<\/p>\n<p>Hubo una menci\u00f3n especial para Marcos Adame, por su gran actuaci\u00f3n en su debut con picadores, y el premio al detalle para el recuerdo fue para Antonio P\u00e9rez.<\/p>\n","protected":false},"excerpt":{"rendered":"Daniel Moset y Mario Vilau, los destacados. \u00a0 Tras finalizar la feria de la localidad madrile\u00f1a de Mejorada&hellip;\n","protected":false},"author":2,"featured_media":176654,"comment_status":"","ping_status":"","sticky":false,"template":"","format":"standard","meta":{"footnotes":""},"categories":[277],"tags":[373,168,25,24,23,167,374],"class_list":{"0":"post-176653","1":"post","2":"type-post","3":"status-publish","4":"format-standard","5":"has-post-thumbnail","7":"category-toreo","8":"tag-bullfighting","9":"tag-deportes","10":"tag-es","11":"tag-espana","12":"tag-spain","13":"tag-sports","14":"tag-toreo"},"share_on_mastodon":{"url":"","error":""},"_links":{"self":[{"href":"https:\/\/www.europesays.com\/es\/wp-json\/wp\/v2\/posts\/176653","targetHints":{"allow":["GET"]}}],"collection":[{"href":"https:\/\/www.europesays.com\/es\/wp-json\/wp\/v2\/posts"}],"about":[{"href":"https:\/\/www.europesays.com\/es\/wp-json\/wp\/v2\/types\/post"}],"author":[{"embeddable":true,"href":"https:\/\/www.europesays.com\/es\/wp-json\/wp\/v2\/users\/2"}],"replies":[{"embeddable":true,"href":"https:\/\/www.europesays.com\/es\/wp-json\/wp\/v2\/comments?post=176653"}],"version-history":[{"count":0,"href":"https:\/\/www.europesays.com\/es\/wp-json\/wp\/v2\/posts\/176653\/revisions"}],"wp:featuredmedia":[{"embeddable":true,"href":"https:\/\/www.europesays.com\/es\/wp-json\/wp\/v2\/media\/176654"}],"wp:attachment":[{"href":"https:\/\/www.europesays.com\/es\/wp-json\/wp\/v2\/media?parent=176653"}],"wp:term":[{"taxonomy":"category","embeddable":true,"href":"https:\/\/www.europesays.com\/es\/wp-json\/wp\/v2\/categories?post=176653"},{"taxonomy":"post_tag","embeddable":true,"href":"https:\/\/www.europesays.com\/es\/wp-json\/wp\/v2\/tags?post=176653"}],"curies":[{"name":"wp","href":"https:\/\/api.w.org\/{rel}","templated":true}]}}