{"id":176655,"date":"2025-10-14T17:36:19","date_gmt":"2025-10-14T17:36:19","guid":{"rendered":"https:\/\/www.europesays.com\/es\/176655\/"},"modified":"2025-10-14T17:36:19","modified_gmt":"2025-10-14T17:36:19","slug":"nueva-denuncia-contra-rafa-nadal-en-el-tenis-rafa-puede-hacer-lo-que-quiera","status":"publish","type":"post","link":"https:\/\/www.europesays.com\/es\/176655\/","title":{"rendered":"Nueva denuncia contra Rafa Nadal en el tenis: \u00ab\u00bfRafa puede hacer lo que quiera?\u00bb"},"content":{"rendered":"<p class=\"parrafo\"><strong>Hace ya un a\u00f1o que Rafa Nadal confirm\u00f3 la triste noticia sobre su retirada<\/strong>, colgando la raqueta en la \u00faltima edici\u00f3n de la Copa Davis y poniendo fin a una de las trayectorias m\u00e1s hist\u00f3ricas del tenis. Sin embargo, el espa\u00f1ol sigue muy presente en el circuito de la ATP. Todos le tienen como referencia. Por ejemplo, Carlos Alcaraz reconoci\u00f3 que <strong>ver la placa de Rafa en Roland Garros l<a href=\"https:\/\/www.estadiodeportivo.com\/tenis\/epica-remontada-carlos-alcaraz-contra-sinner-para-reconquistar-roland-garros-20250608-498673.html\" target=\"_blank\" class=\"intext-link\" rel=\"nofollow noopener\">e ayud\u00f3 a conseguir su gesta en la final contra Jannik Sinner.<\/a> <\/strong><\/p>\n<p class=\"parrafo\">Sin embargo, tambi\u00e9n hay qui\u00e9n se acuerda de Nadal por algo negativo<strong>. Es el caso de Daniil Medvedev, qui\u00e9n en otro de sus t\u00edpicos l\u00edos durante sus partidos puso de ejemplo a Rafa<\/strong>. Durante su participaci\u00f3n en el Masters 1.000 de Shangh\u00e1i,<a href=\"https:\/\/www.estadiodeportivo.com\/tenis\/destino-sido-clave-gesta-vacherot-shanghai-siquiera-suponia-que-jugaria-torneo-20251012-516112.html\" target=\"_blank\" class=\"intext-link\" rel=\"nofollow noopener\"> que acab\u00f3 con la gran haza\u00f1a de Valentin Vacherot <\/a>levantando el t\u00edtulo, el jugador ruso recibi\u00f3 varios &#8216;warnings&#8217; por p\u00e9rdida de tiempo. <\/p>\n<p><a class=\"elementos-rel-t2\" href=\"https:\/\/www.estadiodeportivo.com\/tenis\/carlos-alcaraz-sigue-haciendo-historia-marca-nuevo-record-atp-supera-andy-murray-20251013-516221.html\" title=\"Carlos Alcaraz sigue haciendo historia: marca un nuevo r\u00e9cord en la ATP y supera a Andy Murray\" rel=\"nofollow noopener\" target=\"_blank\">Carlos Alcaraz sigue haciendo historia: marca un nuevo r\u00e9cord en la ATP y supera a Andy Murray<img decoding=\"async\" src=\"https:\/\/www.europesays.com\/es\/wp-content\/uploads\/2025\/10\/eb0a43ec-8c76-436c-9e8e-3e10c1c6ba35_320x180.jpeg\" alt=\"Carlos Alcaraz sigue haciendo historia: marca un nuevo r\u00e9cord en la ATP y supera a Andy Murray\"\/><\/a><a class=\"elementos-rel-t2\" href=\"https:\/\/www.estadiodeportivo.com\/tenis\/mirra-andreeva-nueva-estrella-del-tenis-paso-consagracion-20251013-516269.html\" title=\"Mirra Andreeva, la nueva estrella del tenis, a un paso de su consagraci\u00f3n\" rel=\"nofollow noopener\" target=\"_blank\">Mirra Andreeva, la nueva estrella del tenis, a un paso de su consagraci\u00f3n<img decoding=\"async\" src=\"https:\/\/www.europesays.com\/es\/wp-content\/uploads\/2025\/10\/d6523ed5-3e04-4b90-8922-950ad0f93c7b_320x180.jpeg\" alt=\"Mirra Andreeva, la nueva estrella del tenis, a un paso de su consagraci\u00f3n\"\/><\/a><a class=\"elementos-rel-t2\" href=\"https:\/\/www.estadiodeportivo.com\/tenis\/jannik-sinner-toma-una-medida-drastica-para-debut-six-kings-slam-20251012-516130.html\" title=\"Jannik Sinner toma una medida dr\u00e1stica para su debut en el Six Kings Slam\" rel=\"nofollow noopener\" target=\"_blank\">Jannik Sinner toma una medida dr\u00e1stica para su debut en el Six Kings Slam<img decoding=\"async\" src=\"https:\/\/www.europesays.com\/es\/wp-content\/uploads\/2025\/10\/ad01e89c-d772-4f95-945d-7427e9eb4e2d_320x180.jpeg\" alt=\"Jannik Sinner toma una medida dr\u00e1stica para su debut en el Six Kings Slam\"\/><\/a><\/p>\n<p class=\"parrafo\">Por ello, Medvedev se cans\u00f3 de la situaci\u00f3n y dej\u00f3 caer que Nadal recib\u00eda tratos de favor ya que a \u00e9l nunca le llamaban la atenci\u00f3n a pesar de perder mucho tiempo para el saque. <strong>Una opini\u00f3n que tambi\u00e9n tiene Nick Kyrgios, qui\u00e9n ha querido hacer una denuncia p\u00fablica contra esta supuesta ventaja que ten\u00eda Nadal. <\/strong><\/p>\n<p>Nick Kyrgios se une a Medeved y critica a Rafa Nadal en la ATP <\/p>\n<p class=\"parrafo\">Nick Kyrgios, uno de los tenistas m\u00e1s pol\u00e9micos del circuito, ha querido unirse a esta denuncia de Medvedev y asegurar que a Nadal nunca le daban estos &#8216;warnings&#8217; por p\u00e9rdida de tiempo a pesar de estar hasta m\u00e1s de un minuto para poder sacar. <strong>\u00abTienes un cron\u00f3metro para sacar entre puntos, \u00bfverdad? Deber\u00eda ser de 25 segundos. Rafa es conocido por alargar los tiempos. Ha habido veces que ha tardado un minuto y medio en empezar los puntos y nadie dice nada\u00bb <\/strong>ha explicado el australiano en el podcast &#8216;Unscripted&#8217;.<\/p>\n<p class=\"parrafo\"><strong>\u00abEn cuanto pasan los 26 segundos, dicen: \u00abViolaci\u00f3n del c\u00f3digo, p\u00e9rdida del saque\u00bb, y yo les digo: \u00abHermano, \u00bfhay alguna discreci\u00f3n aqu\u00ed o es que Rafa puede hacer lo que quiera?\u00bb <\/strong>ha expresado Kyrgios sobre las cr\u00edticas que \u00e9l hac\u00eda cuando se enfrentaba en pista contra Nadal, con qui\u00e9n reconoce que no se llava muy bien. Aunque es cierto que Kyrgios no es que tenga muchos amigos en la ATP. <\/p>\n<p><img decoding=\"async\" src=\"https:\/\/www.europesays.com\/es\/wp-content\/uploads\/2025\/10\/5ea268aa-2483-4fd2-9b56-93018ddd6efc_800x533.jpeg\" loading=\"lazy\"\/><\/p>\n<p class=\"parrafo\"><strong>\u00abNo nos caemos bien, somos muy diferentes, pero lo respeto\u00bb <\/strong>a\u00f1adi\u00f3 Kyrgios, dejando claro que los varios encontronazos que han tenido en pista no fueron s\u00f3lo cuesti\u00f3n del momento, sino que realmente tienen una actitud muy diferente en el tenis. <strong>Aunque eso no quita que reconozca que Nadal \u00abes el mejor de todos los tiempos\u00bb. <\/strong><\/p>\n<p>La cr\u00edtica de Medvedev contra Rafa Nadal en el Masters 1.000 de Shangh\u00e1i<strong\/><\/p>\n<p class=\"parrafo\"><strong>\u00abToda mi vida he jugado contra Nadal y le esperaba 55 segundos a que estuviese listo para restar. Jam\u00e1s recibi\u00f3 ni una sola infracci\u00f3n<\/strong>. Hoy, a la primera, me la das. Esperaba siempre a que estuviese listo para sacar, y jam\u00e1s se lo dabais. Est\u00e1is completamente locos\u00bb fueron las palabras de Medvedev al juez de silla durante su partido en Shangh\u00e1i. <\/p>\n","protected":false},"excerpt":{"rendered":"Hace ya un a\u00f1o que Rafa Nadal confirm\u00f3 la triste noticia sobre su retirada, colgando la raqueta en&hellip;\n","protected":false},"author":2,"featured_media":176656,"comment_status":"","ping_status":"","sticky":false,"template":"","format":"standard","meta":{"footnotes":""},"categories":[274],"tags":[26591,168,25,24,284,48641,3654,6894,23,167,327,326],"class_list":{"0":"post-176655","1":"post","2":"type-post","3":"status-publish","4":"format-standard","5":"has-post-thumbnail","7":"category-tenis","8":"tag-daniil-medvedev","9":"tag-deportes","10":"tag-es","11":"tag-espana","12":"tag-estadio-deportivo","13":"tag-masters-1000-shanghai","14":"tag-nick-kyrgios","15":"tag-rafa-nadal","16":"tag-spain","17":"tag-sports","18":"tag-tenis","19":"tag-tennis"},"share_on_mastodon":{"url":"","error":""},"_links":{"self":[{"href":"https:\/\/www.europesays.com\/es\/wp-json\/wp\/v2\/posts\/176655","targetHints":{"allow":["GET"]}}],"collection":[{"href":"https:\/\/www.europesays.com\/es\/wp-json\/wp\/v2\/posts"}],"about":[{"href":"https:\/\/www.europesays.com\/es\/wp-json\/wp\/v2\/types\/post"}],"author":[{"embeddable":true,"href":"https:\/\/www.europesays.com\/es\/wp-json\/wp\/v2\/users\/2"}],"replies":[{"embeddable":true,"href":"https:\/\/www.europesays.com\/es\/wp-json\/wp\/v2\/comments?post=176655"}],"version-history":[{"count":0,"href":"https:\/\/www.europesays.com\/es\/wp-json\/wp\/v2\/posts\/176655\/revisions"}],"wp:featuredmedia":[{"embeddable":true,"href":"https:\/\/www.europesays.com\/es\/wp-json\/wp\/v2\/media\/176656"}],"wp:attachment":[{"href":"https:\/\/www.europesays.com\/es\/wp-json\/wp\/v2\/media?parent=176655"}],"wp:term":[{"taxonomy":"category","embeddable":true,"href":"https:\/\/www.europesays.com\/es\/wp-json\/wp\/v2\/categories?post=176655"},{"taxonomy":"post_tag","embeddable":true,"href":"https:\/\/www.europesays.com\/es\/wp-json\/wp\/v2\/tags?post=176655"}],"curies":[{"name":"wp","href":"https:\/\/api.w.org\/{rel}","templated":true}]}}