{"id":176657,"date":"2025-10-14T17:37:08","date_gmt":"2025-10-14T17:37:08","guid":{"rendered":"https:\/\/www.europesays.com\/es\/176657\/"},"modified":"2025-10-14T17:37:08","modified_gmt":"2025-10-14T17:37:08","slug":"estos-son-todos-los-cortes-de-trafico-programados","status":"publish","type":"post","link":"https:\/\/www.europesays.com\/es\/176657\/","title":{"rendered":"estos son todos los cortes de tr\u00e1fico programados"},"content":{"rendered":"<p>Este mi\u00e9rcoles, <strong>los conductores de Palma deben estar atentos<\/strong> a una serie de cortes intermitentes en varias arterias principales de la ciudad. La Polic\u00eda Local ha alertado que debido a la celebraci\u00f3n de la <strong>Challenge Vuelta Mallorca M\u00e1sters<\/strong>, se implementar\u00e1n restricciones temporales en el tr\u00e1fico rodado.<\/p>\n<p>Las <strong>zonas afectadas mayormente incluyen Son Moix, Cam\u00ed dels Reis, Carretera de Valldemossa y Establiments<\/strong>. Los cortes comenzar\u00e1n puntualmente a las <strong>9:30 horas<\/strong> y se espera que duren durante toda la ma\u00f1ana, generando alteraciones significativas en la movilidad urbana.<\/p>\n<blockquote class=\"instagram-media\" style=\"background: #FFF; border: 0; border-radius: 3px; box-shadow: 0 0 1px 0 rgba(0,0,0,0.5),0 1px 10px 0 rgba(0,0,0,0.15); margin: 1px; max-width: 540px; min-width: 326px; padding: 0; width: calc(100% - 2px);\" data-instgrm-captioned=\"\" data-instgrm-permalink=\"https:\/\/www.instagram.com\/p\/DPybzuPDsMC\/?utm_source=ig_embed&amp;utm_campaign=loading\" data-instgrm-version=\"14\"><p>&#13;<br \/>\n&#13;\n<\/p><\/blockquote>\n<p>La principal informaci\u00f3n comunicada por la <strong>Polic\u00eda Local de Palma<\/strong> se\u00f1ala que los <a href=\"https:\/\/www.ultimahora.es\/etiqueta\/cortes+de+tr%C3%A1fico.html?utm_source=Inline-tag&amp;utm_medium=internal\" rel=\"nofollow noopener\" target=\"_blank\">cortes de tr\u00e1fico<\/a> ser\u00e1n <strong>intermitentes, no continuos<\/strong>, para facilitar el paso regular cuando la carrera no transcurra en la zona respectiva. Esta din\u00e1mica busca minimizar el impacto en la circulaci\u00f3n cotidiana aunque se recomienda prever tiempos de desplazamiento m\u00e1s amplios.<\/p>\n<p>                        <script async src=\"\/\/www.instagram.com\/embed.js\"><\/script><\/p>\n","protected":false},"excerpt":{"rendered":"Este mi\u00e9rcoles, los conductores de Palma deben estar atentos a una serie de cortes intermitentes en varias arterias&hellip;\n","protected":false},"author":2,"featured_media":176658,"comment_status":"","ping_status":"","sticky":false,"template":"","format":"standard","meta":{"footnotes":""},"categories":[273],"tags":[5233,30486,313,50609,50610,312,168,25,24,36550,40819,2553,2554,23,167,1529,21,35171,50611],"class_list":{"0":"post-176657","1":"post","2":"type-post","3":"status-publish","4":"format-standard","5":"has-post-thumbnail","7":"category-ciclismo","8":"tag-audiencias-um","9":"tag-challenge-mallorca","10":"tag-ciclismo","11":"tag-competiciones-deportivas","12":"tag-cortes-de-trafico","13":"tag-cycling","14":"tag-deportes","15":"tag-es","16":"tag-espana","17":"tag-ia-discover","18":"tag-noticias-palma-hoy","19":"tag-palma","20":"tag-palma-de-mallorca","21":"tag-spain","22":"tag-sports","23":"tag-ultima-hora","24":"tag-ultimas-noticias","25":"tag-vuelta-ciclista","26":"tag-vuelta-ciclista-a-mallorca"},"share_on_mastodon":{"url":"","error":""},"_links":{"self":[{"href":"https:\/\/www.europesays.com\/es\/wp-json\/wp\/v2\/posts\/176657","targetHints":{"allow":["GET"]}}],"collection":[{"href":"https:\/\/www.europesays.com\/es\/wp-json\/wp\/v2\/posts"}],"about":[{"href":"https:\/\/www.europesays.com\/es\/wp-json\/wp\/v2\/types\/post"}],"author":[{"embeddable":true,"href":"https:\/\/www.europesays.com\/es\/wp-json\/wp\/v2\/users\/2"}],"replies":[{"embeddable":true,"href":"https:\/\/www.europesays.com\/es\/wp-json\/wp\/v2\/comments?post=176657"}],"version-history":[{"count":0,"href":"https:\/\/www.europesays.com\/es\/wp-json\/wp\/v2\/posts\/176657\/revisions"}],"wp:featuredmedia":[{"embeddable":true,"href":"https:\/\/www.europesays.com\/es\/wp-json\/wp\/v2\/media\/176658"}],"wp:attachment":[{"href":"https:\/\/www.europesays.com\/es\/wp-json\/wp\/v2\/media?parent=176657"}],"wp:term":[{"taxonomy":"category","embeddable":true,"href":"https:\/\/www.europesays.com\/es\/wp-json\/wp\/v2\/categories?post=176657"},{"taxonomy":"post_tag","embeddable":true,"href":"https:\/\/www.europesays.com\/es\/wp-json\/wp\/v2\/tags?post=176657"}],"curies":[{"name":"wp","href":"https:\/\/api.w.org\/{rel}","templated":true}]}}