{"id":176659,"date":"2025-10-14T17:38:08","date_gmt":"2025-10-14T17:38:08","guid":{"rendered":"https:\/\/www.europesays.com\/es\/176659\/"},"modified":"2025-10-14T17:38:08","modified_gmt":"2025-10-14T17:38:08","slug":"heineken-redefine-la-f1-en-mexico-en-el-gran-premio-2025","status":"publish","type":"post","link":"https:\/\/www.europesays.com\/es\/176659\/","title":{"rendered":"Heineken redefine la F1 en M\u00e9xico en el Gran Premio 2025"},"content":{"rendered":"<p><strong>Heineken<\/strong> vuelve a encender la emoci\u00f3n de la <strong>F\u00f3rmula 1<\/strong> en nuestro pa\u00eds. Desde 2016, la marca ha sido patrocinador global del deporte m\u00e1s vibrante, llevando la experiencia del <strong>Gran Premio<\/strong> m\u00e1s all\u00e1 de la pista. En M\u00e9xico, esa energ\u00eda se ha transformado en uno de los mejores eventos en el calendario internacional, reconocido por la pasi\u00f3n de su p\u00fablico, la calidad de su producci\u00f3n y las experiencias que lo hacen inolvidable.<\/p>\n<p>Fiestas \u00e9picas, DJ\u00b4s de talla mundial y activaciones sorprendentes han marcado el camino. Pero este 2025, Heineken dar\u00e1 un paso que cambia las reglas del juego; los fans formar\u00e1n parte de la celebraci\u00f3n en el podio. A trav\u00e9s del sitio <strong><a href=\"https:\/\/my.heineken.mx\/agegate?fbclid=PARlRTSANSa0FleHRuA2FlbQIxMQABpz8IfY_QxthI6x82FydnXhrB91bEveHt-jRYVgPd40NvwDhuceN39dWK6Y8I_aem_cYA3mevY6G7Ve9vp4DQJpw\" rel=\"nofollow noopener\" target=\"_blank\">My Heineken<\/a><\/strong>, los consumidores podr\u00e1n registrarse desde el 6 al 20 de octubre y subir una foto que posteriormente ser\u00e1 impresa para ser lanzada al aire durante la ceremonia de premiaci\u00f3n de los pilotos, junto con cientos de im\u00e1genes de fans de la F1. En otras palabras: sus im\u00e1genes estar\u00e1n en el momento m\u00e1s ic\u00f3nico de la carrera, cuando la victoria se celebre.<\/p>\n<p>As\u00ed, Heineken celebra la pasi\u00f3n por la F1 y reafirma que los grandes momentos son mejores cuando se comparten. <strong>Greg Lim, Brand Manager de Heineken<\/strong>, expres\u00f3: \u201cPara nosotros, la F1 no es solo velocidad; es una plataforma para inspirar, emocionar y conectar con los asistentes. Con esta iniciativa acercaremos a miles de fans al coraz\u00f3n del Gran Premio de la Ciudad de M\u00e9xico\u201d, se\u00f1al\u00f3.<\/p>\n<p>Con este movimiento, Heineken invita a vivir la adrenalina de la carrera desde una nueva perspectiva: la de quienes hacen posible la magia. Porque este a\u00f1o, el podio no ser\u00e1 solo de los pilotos, sino tambi\u00e9n de los fans.<\/p>\n<p>Heineken reafirma as\u00ed su compromiso con la innovaci\u00f3n, la emoci\u00f3n y el esp\u00edritu de uni\u00f3n que solo la F\u00f3rmula 1 despierta, consolidando al Gran Premio de la Ciudad de M\u00e9xico como una fiesta de clase mundial para estar en la cima.<\/p>\n<p>La marca te invita a registrar tu foto en el sitio oficial y compartir tu experiencia arrobando a <strong>@heineken_mx<\/strong><\/p>\n","protected":false},"excerpt":{"rendered":"Heineken vuelve a encender la emoci\u00f3n de la F\u00f3rmula 1 en nuestro pa\u00eds. Desde 2016, la marca ha&hellip;\n","protected":false},"author":2,"featured_media":176660,"comment_status":"","ping_status":"","sticky":false,"template":"","format":"standard","meta":{"footnotes":""},"categories":[270],"tags":[11627,168,25,24,306,271,272,50612,7389,23,167],"class_list":{"0":"post-176659","1":"post","2":"type-post","3":"status-publish","4":"format-standard","5":"has-post-thumbnail","7":"category-formula-1","8":"tag-cdmx","9":"tag-deportes","10":"tag-es","11":"tag-espana","12":"tag-f1","13":"tag-formula-1","14":"tag-formula1","15":"tag-gran-premio-2025","16":"tag-patrocinios","17":"tag-spain","18":"tag-sports"},"share_on_mastodon":{"url":"","error":""},"_links":{"self":[{"href":"https:\/\/www.europesays.com\/es\/wp-json\/wp\/v2\/posts\/176659","targetHints":{"allow":["GET"]}}],"collection":[{"href":"https:\/\/www.europesays.com\/es\/wp-json\/wp\/v2\/posts"}],"about":[{"href":"https:\/\/www.europesays.com\/es\/wp-json\/wp\/v2\/types\/post"}],"author":[{"embeddable":true,"href":"https:\/\/www.europesays.com\/es\/wp-json\/wp\/v2\/users\/2"}],"replies":[{"embeddable":true,"href":"https:\/\/www.europesays.com\/es\/wp-json\/wp\/v2\/comments?post=176659"}],"version-history":[{"count":0,"href":"https:\/\/www.europesays.com\/es\/wp-json\/wp\/v2\/posts\/176659\/revisions"}],"wp:featuredmedia":[{"embeddable":true,"href":"https:\/\/www.europesays.com\/es\/wp-json\/wp\/v2\/media\/176660"}],"wp:attachment":[{"href":"https:\/\/www.europesays.com\/es\/wp-json\/wp\/v2\/media?parent=176659"}],"wp:term":[{"taxonomy":"category","embeddable":true,"href":"https:\/\/www.europesays.com\/es\/wp-json\/wp\/v2\/categories?post=176659"},{"taxonomy":"post_tag","embeddable":true,"href":"https:\/\/www.europesays.com\/es\/wp-json\/wp\/v2\/tags?post=176659"}],"curies":[{"name":"wp","href":"https:\/\/api.w.org\/{rel}","templated":true}]}}