{"id":176661,"date":"2025-10-14T17:39:08","date_gmt":"2025-10-14T17:39:08","guid":{"rendered":"https:\/\/www.europesays.com\/es\/176661\/"},"modified":"2025-10-14T17:39:08","modified_gmt":"2025-10-14T17:39:08","slug":"galbiati-debemos-ser-inteligentes-porque-va-a-ser-un-desafio-duro","status":"publish","type":"post","link":"https:\/\/www.europesays.com\/es\/176661\/","title":{"rendered":"Galbiati: \u00abDebemos ser inteligentes porque va a ser un desaf\u00edo duro\u00bb"},"content":{"rendered":"<p>Al <a href=\"https:\/\/www.elcorreo.com\/baskonia\/\" title=\"www.elcorreo.com\" data-voc-vtm-id=\"in-text-traffic\" data-mrf-link=\"www.elcorreo.com\" rel=\"nofollow noopener\" target=\"_blank\">Baskonia<\/a> le ha tocado madrugar para poner rumbo a Par\u00eds en busca de su primera victoria de la temporada en la Euroliga. \u00abNos  &#8230; hemos levantado muy pronto porque el avi\u00f3n era pronto en Bilbao\u00bb, ha expuesto Galbiati ya en el aeropuerto. Pero pese al madrug\u00f3n sus sensaciones sobre el terreno fueron buenas. \u00abEl equipo parece que est\u00e1 bien, les he visto hablando entre ellos y eso es bueno\u00bb, ha detallado.<\/p>\n<p class=\"v-p\">Ha confirmado que tiene a todos disponibles menos a Rodions Kurucs. La lesi\u00f3n que ape\u00f3 al let\u00f3n del partido contra el Real Madrid no es grave, sino m\u00e1s bien parte del proceso de recuperaci\u00f3n de la operaci\u00f3n en la fascia plantar de su pie izquierdo a la que se someti\u00f3 en verano. Pero eso le impedir\u00e1 estar ante el conjunto galo y es seria duda para el choque ante el Partizan que se jugar\u00e1 solo dos d\u00edas despu\u00e9s.<\/p>\n<p class=\"v-p\">Espera \u00abun desaf\u00edo duro\u00bb para sus jugadores por las caracter\u00edsticas de un equipo adiestrado por su paisano Francesco Tabellini. \u00abPar\u00eds juega con mucha energ\u00eda y gran intensidad. Tambi\u00e9n en la presi\u00f3n. Debemos ser inteligentes para jugar nuestro partido a nuestro ritmo para a la vez estar juntos\u00bb, ha analizado. Su segundo derbi consecutivo ante un preparador italiano tras imponerse en el primero a Scariolo.<\/p>\n<p class=\"v-p\">Tambi\u00e9n cree que la plantilla del Par\u00eds cuenta con estiletes de primer nivel pese a haber perdido a otros tras haber sido el curso pasado la revelaci\u00f3n del gran torneo continental. \u00abSon muy talentosos. Tienen en Hifi a uno de los mejores anotadores de la competici\u00f3n y tambi\u00e9n a Robinson, que es un jugador muy interesante\u00bb, ha a\u00f1adido sobre dos de los primeros espadas exteriores del rival.<\/p>\n<p class=\"v-p\">\u00abEs uno de los equipos m\u00e1s atl\u00e9ticos de la competici\u00f3n. Tambi\u00e9n tienen mucha libertad para tirar, sobre todo triples\u00bb, ha destacado un Galbiati que espera dar continuidad a la buena media hora mostrada en los tres cuartos finales frente al Real Madrid. \u00abPor eso debemos frenar su transici\u00f3n ofensiva y su habilidad para encontrar tiradores\u00bb, ha insistido el italiano.<\/p>\n","protected":false},"excerpt":{"rendered":"Al Baskonia le ha tocado madrugar para poner rumbo a Par\u00eds en busca de su primera victoria de&hellip;\n","protected":false},"author":2,"featured_media":176662,"comment_status":"","ping_status":"","sticky":false,"template":"","format":"standard","meta":{"footnotes":""},"categories":[269],"tags":[299,298,28490,168,10897,2562,25,24,17490,40165,23,167],"class_list":{"0":"post-176661","1":"post","2":"type-post","3":"status-publish","4":"format-standard","5":"has-post-thumbnail","7":"category-baloncesto","8":"tag-baloncesto","9":"tag-basketball","10":"tag-debemos","11":"tag-deportes","12":"tag-desafio","13":"tag-duro","14":"tag-es","15":"tag-espana","16":"tag-galbiati","17":"tag-inteligentes","18":"tag-spain","19":"tag-sports"},"share_on_mastodon":{"url":"","error":""},"_links":{"self":[{"href":"https:\/\/www.europesays.com\/es\/wp-json\/wp\/v2\/posts\/176661","targetHints":{"allow":["GET"]}}],"collection":[{"href":"https:\/\/www.europesays.com\/es\/wp-json\/wp\/v2\/posts"}],"about":[{"href":"https:\/\/www.europesays.com\/es\/wp-json\/wp\/v2\/types\/post"}],"author":[{"embeddable":true,"href":"https:\/\/www.europesays.com\/es\/wp-json\/wp\/v2\/users\/2"}],"replies":[{"embeddable":true,"href":"https:\/\/www.europesays.com\/es\/wp-json\/wp\/v2\/comments?post=176661"}],"version-history":[{"count":0,"href":"https:\/\/www.europesays.com\/es\/wp-json\/wp\/v2\/posts\/176661\/revisions"}],"wp:featuredmedia":[{"embeddable":true,"href":"https:\/\/www.europesays.com\/es\/wp-json\/wp\/v2\/media\/176662"}],"wp:attachment":[{"href":"https:\/\/www.europesays.com\/es\/wp-json\/wp\/v2\/media?parent=176661"}],"wp:term":[{"taxonomy":"category","embeddable":true,"href":"https:\/\/www.europesays.com\/es\/wp-json\/wp\/v2\/categories?post=176661"},{"taxonomy":"post_tag","embeddable":true,"href":"https:\/\/www.europesays.com\/es\/wp-json\/wp\/v2\/tags?post=176661"}],"curies":[{"name":"wp","href":"https:\/\/api.w.org\/{rel}","templated":true}]}}