{"id":176671,"date":"2025-10-14T17:44:13","date_gmt":"2025-10-14T17:44:13","guid":{"rendered":"https:\/\/www.europesays.com\/es\/176671\/"},"modified":"2025-10-14T17:44:13","modified_gmt":"2025-10-14T17:44:13","slug":"vivimos-desde-dentro-la-ultima-gala-y-esto-es-lo-que-mas-nos-sorprendio","status":"publish","type":"post","link":"https:\/\/www.europesays.com\/es\/176671\/","title":{"rendered":"vivimos desde dentro la \u00faltima gala y esto es lo que m\u00e1s nos sorprendi\u00f3"},"content":{"rendered":"<p id=\"enqu424155\" data-wc=\"64\"><strong>\u00bfTe imaginas vivir una gala de Operaci\u00f3n Triunfo en directo?<\/strong> En \u00a1HOLA! hemos estado all\u00ed para traerte todo lo que nunca antes se ha contado: desde los nervios \u00a0de los concursantes antes de la gala, hasta las <a class=\"hm-link ho-link\" href=\"https:\/\/www.hola.com\/actualidad\/20250912855472\/operacion-triunfo-2025-revela-sus-18-concursantes-y-la-polemica-esta-servida\/\" data-mrf-recirculation=\"article-body-link\" rel=\"nofollow noopener\" target=\"_blank\">an\u00e9cdotas m\u00e1s in\u00e9ditas<\/a> y los secretos mejor guardados detr\u00e1s de c\u00e1maras. Aqu\u00ed te ofrecemos todos los detalles in\u00e9ditos para que sientas la gala como si estuvieras dentro.<\/p>\n<p>El trayecto que une talento y nervios<\/p>\n<p id=\"e1zuY2obaf\" data-wc=\"86\">Cada lunes por la tarde, la emoci\u00f3n comienza mucho antes de que se enciendan las luces del plat\u00f3. El p\u00fablico fiel de Operaci\u00f3n Triunfo parte desde \u00a0Barcelona rumbo a Terrassa, donde se vive la gala en directo. Pero no es llegar y sentarse: dos horas antes de que comience el espect\u00e1culo, ya est\u00e1n all\u00ed, palpando la energ\u00eda, saludando a los concursantes y disfrutando de momentos \u00fanicos que solo se viven en primera fila. <strong>Es la antesala perfecta para una noche llena de m\u00fasica, talento y sorpresas.<\/strong><\/p>\n<p id=\"etE_3QFd_9\" data-wc=\"55\">Los concursantes, que est\u00e1n en la academia, pero <a class=\"hm-link ho-link\" href=\"https:\/\/www.hola.com\/actualidad\/20250914855505\/ot-2025-llega-con-polemica-y-estas-son-las-mas-virales-de-toda-la-historia-del-programa\/\" data-mrf-recirculation=\"article-body-link\" rel=\"nofollow noopener\" target=\"_blank\">el plat\u00f3 est\u00e1 muy cerquita<\/a>, y el equipo t\u00e9cnico <strong>salen a plat\u00f3 sobre las 21:30h de la noche<\/strong>. Previamente, ya est\u00e1n por las instalaciones <strong>maquill\u00e1ndose y haciendo un \u00abpicoteo\u00bb previo<\/strong>. Es un momento clave para que los chicos y chicas de la edici\u00f3n 2025 se preparen mentalmente.<\/p>\n<p id=\"eEqBjOsiHJB\" data-wc=\"28\">Mientras algunos aprovechan para repasar sus letras y practicar vocalizaciones con auriculares, otros se confiesan nerviosos o emocionados en conversaciones espont\u00e1neas con sus compa\u00f1eros, compartiendo risas y consejos.<\/p>\n<p> <img src=\"https:\/\/www.europesays.com\/es\/wp-content\/uploads\/2025\/10\/9257dd8103a3-ffjt2493.jpg\"   width=\"1024\" height=\"682\" loading=\"lazy\" decoding=\"async\" alt=\"OT gala \" fetchpriority=\"auto\" class=\"image ho-image\"\/>\u00a9 FERNANDO JUNCO TELLADO<\/p>\n<p> <img src=\"https:\/\/www.europesays.com\/es\/wp-content\/uploads\/2025\/10\/f34d253eb6df-ffjt1974.jpg\"   width=\"682\" height=\"1024\" loading=\"lazy\" decoding=\"async\" alt=\"OT gala\" fetchpriority=\"auto\" class=\"image ho-image\"\/>\u00a9 FERNANDO JUNCO TELLADO<br \/>\nChenoa y su apoyo constante, incluso en el viaje<\/p>\n<p id=\"ehq9Lkl_Pgg\" data-wc=\"54\">Un detalle poco conocido es la implicaci\u00f3n de Chenoa m\u00e1s all\u00e1 del plat\u00f3. La presentadora est\u00e1 muy pendiente de todos ellos, convirti\u00e9ndose en una especie de mentora improvisada. La artista \u00a0aprovecha esos minutos para <strong>dar \u00e1nimos personalizados<\/strong>, ayudar a calmar los nervios y mantener la moral alta antes de que las c\u00e1maras se enciendan.<\/p>\n<p id=\"ev0ckgmYwAH\" data-wc=\"128\">Esta cercan\u00eda es una de las claves del buen ambiente que se respira en esta edici\u00f3n, algo que se refleja en la qu\u00edmica que tiene con los concursantes y que el p\u00fablico percibe en cada gala. Adem\u00e1s, lo que realmente <strong>nos conquist\u00f3 fue la energ\u00eda contagiosa y el buen rollo que Chenoa<\/strong> irradia en cada momento. Durante <a class=\"hm-link ho-link\" href=\"https:\/\/www.hola.com\/actualidad\/20250914855683\/lola-indigo-sorprende-al-anunciar-que-se-retira\/\" data-mrf-recirculation=\"article-body-link\" rel=\"nofollow noopener\" target=\"_blank\">el ensayo previo a la gala<\/a>, sin c\u00e1maras ni focos, la presentadora no pudo evitar dejarse llevar por la m\u00fasica: s<strong>e puso a cantar y bailar con una espontaneidad<\/strong> y alegr\u00eda que contagiaba a todo el equipo. Esa frescura y cercan\u00eda son, sin duda, parte del secreto que hace que este programa sea mucho m\u00e1s que un concurso, y que Chenoa se gane el cari\u00f1o tanto de concursantes como del p\u00fablico.<\/p>\n<p> <img src=\"https:\/\/www.europesays.com\/es\/wp-content\/uploads\/2025\/10\/ffcb3da06c6e-ffjt2147.jpg\"   width=\"1024\" height=\"682\" loading=\"lazy\" decoding=\"async\" alt=\"OT gala\" fetchpriority=\"auto\" class=\"image ho-image\"\/>\u00a9 FERNANDO JUNCO TELLADO<br \/>\nDatos curiosos para los fans<\/p>\n<ul data-wc=\"8\" id=\"ul-905d4mgqul3hc\">\n<li data-end=\"2857\" data-start=\"2678\"><strong>El buen rollo entre Chenoa, Leire y Cris<\/strong><\/li>\n<\/ul>\n<p id=\"eoixOCk8nNP\" data-wc=\"53\">Desde el primer d\u00eda, la conexi\u00f3n entre Chenoa y Leire Mart\u00ednez ha sido evidente. Ambas comparten ese esp\u00edritu de \u201cmujer de escenario\u201d que entiende lo que significa subirse a cantar con el alma. Entre bromas, <strong>confidencias musicales\u00a0<\/strong>y alguna que otra mirada c\u00f3mplice, se han convertido en el d\u00fao m\u00e1s divertido del plat\u00f3.<\/p>\n<ul data-wc=\"7\" id=\"ul-905d4mgqul3hd\">\n<li data-end=\"3228\" data-start=\"3030\"><strong>Los profesores: muy pendientes de la gala<\/strong><\/li>\n<\/ul>\n<p id=\"eCq58SjGERy\" data-wc=\"79\">Un detalle que muchos desconocen es que <strong data-end=\"293\" data-start=\"191\">Noem\u00ed Galera, Manu Guix y el resto del equipo de profesores no se pierden ni un segundo de la gala<\/strong>. Mientras los concursantes brillan sobre el escenario, ellos siguen cada actuaci\u00f3n desde una sala habilitada dentro de la Academia, atentos a cada nota, gesto y emoci\u00f3n.<a class=\"hm-link ho-link\" href=\"https:\/\/www.hola.com\/actualidad\/20250915855923\/chenoa-vuelve-ot-reencuentro-primera-edicion\/\" data-mrf-recirculation=\"article-body-link\" rel=\"nofollow noopener\" target=\"_blank\">\u00a0Tomando apuntes<\/a> y compartiendo impresiones en tiempo real, preparan la valoraci\u00f3n que har\u00e1n al d\u00eda siguiente, siempre con el mismo objetivo: ayudarles a crecer como artistas.<\/p>\n<p id=\"eF8kdiFwJbH\" data-wc=\"18\">Los asistentes llegan <strong data-end=\"1839\" data-start=\"1820\">dos horas antes<\/strong> y hay un animador que anima el ambiente con m\u00fasica y juegos.<\/p>\n<p> <img src=\"https:\/\/www.europesays.com\/es\/wp-content\/uploads\/2025\/10\/f46f510b25d0-ffjt2625.jpg\"   width=\"1024\" height=\"682\" loading=\"lazy\" decoding=\"async\" alt=\"OT gala\" fetchpriority=\"auto\" class=\"image ho-image\"\/>\u00a9 FERNANDO JUNCO TELLADO<\/p>\n","protected":false},"excerpt":{"rendered":"\u00bfTe imaginas vivir una gala de Operaci\u00f3n Triunfo en directo? En \u00a1HOLA! hemos estado all\u00ed para traerte todo&hellip;\n","protected":false},"author":2,"featured_media":176672,"comment_status":"","ping_status":"","sticky":false,"template":"","format":"standard","meta":{"footnotes":""},"categories":[171],"tags":[517,17945,146,147,25,24,222,23,807,214],"class_list":{"0":"post-176671","1":"post","2":"type-post","3":"status-publish","4":"format-standard","5":"has-post-thumbnail","7":"category-tv","8":"tag-actualidad","9":"tag-chenoa","10":"tag-entertainment","11":"tag-entretenimiento","12":"tag-es","13":"tag-espana","14":"tag-operacion-triunfo","15":"tag-spain","16":"tag-television","17":"tag-tv"},"share_on_mastodon":{"url":"","error":""},"_links":{"self":[{"href":"https:\/\/www.europesays.com\/es\/wp-json\/wp\/v2\/posts\/176671","targetHints":{"allow":["GET"]}}],"collection":[{"href":"https:\/\/www.europesays.com\/es\/wp-json\/wp\/v2\/posts"}],"about":[{"href":"https:\/\/www.europesays.com\/es\/wp-json\/wp\/v2\/types\/post"}],"author":[{"embeddable":true,"href":"https:\/\/www.europesays.com\/es\/wp-json\/wp\/v2\/users\/2"}],"replies":[{"embeddable":true,"href":"https:\/\/www.europesays.com\/es\/wp-json\/wp\/v2\/comments?post=176671"}],"version-history":[{"count":0,"href":"https:\/\/www.europesays.com\/es\/wp-json\/wp\/v2\/posts\/176671\/revisions"}],"wp:featuredmedia":[{"embeddable":true,"href":"https:\/\/www.europesays.com\/es\/wp-json\/wp\/v2\/media\/176672"}],"wp:attachment":[{"href":"https:\/\/www.europesays.com\/es\/wp-json\/wp\/v2\/media?parent=176671"}],"wp:term":[{"taxonomy":"category","embeddable":true,"href":"https:\/\/www.europesays.com\/es\/wp-json\/wp\/v2\/categories?post=176671"},{"taxonomy":"post_tag","embeddable":true,"href":"https:\/\/www.europesays.com\/es\/wp-json\/wp\/v2\/tags?post=176671"}],"curies":[{"name":"wp","href":"https:\/\/api.w.org\/{rel}","templated":true}]}}