{"id":176675,"date":"2025-10-14T17:46:12","date_gmt":"2025-10-14T17:46:12","guid":{"rendered":"https:\/\/www.europesays.com\/es\/176675\/"},"modified":"2025-10-14T17:46:12","modified_gmt":"2025-10-14T17:46:12","slug":"los-personajes-y-la-magia-de-harry-potter-regresan-a-la-misericordia-de-palma","status":"publish","type":"post","link":"https:\/\/www.europesays.com\/es\/176675\/","title":{"rendered":"Los personajes y la magia de Harry Potter regresan a La Miseric\u00f2rdia de Palma"},"content":{"rendered":"<p class=\"ft-text\">Los potterheads de Mallorca est\u00e1n de enhorabuena porque <strong>la magia y los personajes de Harry Potter regresan a La Miseric\u00f2rdia en una nueva jornada solidaria<\/strong> en la que habr\u00e1 juegos y actividades relacionadas con esta saga.<\/p>\n<p class=\"ft-text\"><strong>Harry Potter Fans Mallorca<\/strong>, secci\u00f3n del mundo m\u00e1gico de la <strong>Asociaci\u00f3n de Amigos de la Ciencia Ficci\u00f3n (AACF<\/strong>), <strong>ha organizado la II Trobada M\u00e0gica<\/strong> en el Pati dels Homes de La Miseric\u00f2rdia para <strong>el pr\u00f3ximo 25 de octubre de 2025<\/strong>, un encuentro con la fantas\u00eda que se desarrollar\u00e1 en dos turnos, <strong>de 10:00h a 14:00 horas y de 16:00 a 20:00 horas<\/strong>. Como en la anterior ocasi\u00f3n, <a class=\"ft-link ft-link--decoration\" href=\"https:\/\/www.diariodemallorca.es\/cultura\/2024\/04\/20\/misericordia-palma-convierte-hogwarts-101323117.html\" rel=\"nofollow noopener\" target=\"_blank\">celebrada en abril de 2024<\/a>, <strong>la entrada es un donativo de 2 euros<\/strong> que se destinar\u00e1 a causas solidarias.<\/p>\n<p><img decoding=\"async\" src=\"https:\/\/www.europesays.com\/es\/wp-content\/uploads\/2025\/10\/fb244675-9a50-41d1-8811-b3dd375aac03_alta-libre-aspect-ratio_default_0.jpg\" width=\"1200\" height=\"800\" alt=\"Los profesores de Hogwarts, preparados para la ceremonia del sombrero seleccionador.\" class=\"ft-helper-img-rd\" loading=\"lazy\" hasdataaida=\"true\"\/><\/p>\n<p class=\"ft-helper-fontColor-quaternary ft-helper-fontSize-body-S ft-helper-spacer-t-xxs\">Los profesores de Hogwarts, preparados para la ceremonia del sombrero seleccionador.  \/ GUILLEM BOSCH<\/p>\n<p class=\"ft-text\">De nuevo, en esta II Trobada M\u00e0gica el p\u00fablico podr\u00e1 participar en la ceremonia del sombrero seleccionador, conocer su habilidad en los duelos de varitas, probar su astucia para desentramar la gincana, hacerse fotos con los personajes de la saga en los diferentes photocalls, adem\u00e1s de muchas m\u00e1s sorpresas que se est\u00e1n preparando, como por ejemplo la presencia de un actor de doblaje de las pel\u00edculas de la saga, ha avanzado Harry Potter Fans Mallorca.<\/p>\n<p class=\"ft-text\">\u201cY no nos podemos olvidar de nuestra faceta solidaria ya que contaremos con la participaci\u00f3n de varias asociaciones continuando as\u00ed con nuestra labor de ayuda y colaboraci\u00f3n a los colectivos m\u00e1s necesitados como son las familias de ni\u00f1os y ni\u00f1as con necesidades especiales y familias vulnerables. Siempre, para nosotros, los m\u00e1s peque\u00f1os son los principales destinatarios de las actividades que realizamos en la Asociaci\u00f3n\u201d, han indicado los organizadores.<\/p>\n<p><img decoding=\"async\" src=\"https:\/\/www.europesays.com\/es\/wp-content\/uploads\/2025\/10\/95cfbca6-6d3e-463b-b026-4ba1d8f22478_alta-libre-aspect-ratio_default_0.jpg\" width=\"1200\" height=\"800\" alt=\"Este a\u00f1o se repetir\u00e1 la batalla de varitas m\u00e1gicas.\" class=\"ft-helper-img-rd\" loading=\"lazy\" hasdataaida=\"true\"\/><\/p>\n<p class=\"ft-helper-fontColor-quaternary ft-helper-fontSize-body-S ft-helper-spacer-t-xxs\">Este a\u00f1o se repetir\u00e1 la batalla de varitas m\u00e1gicas.  \/ GUILLEM BOSCH<\/p>\n<p class=\"ft-text\">En abril de 2024 tuvo lugar la <a class=\"ft-link ft-link--decoration\" href=\"https:\/\/www.diariodemallorca.es\/fotos\/cultura\/2024\/04\/20\/centenares-personas-participan-jornada-tematica-101322051.html\" rel=\"nofollow noopener\" target=\"_blank\">I Trobada M\u00e1gica en La Misericordia<\/a> <strong>con la asistencia de m\u00e1s de 3.000 personas<\/strong>, que participaron en diversos talleres, juegos y otras actividades pensadas para todas las edades y para disfrutar de un d\u00eda en familia.<\/p>\n<p class=\"ft-text\">La AACF se cre\u00f3 en 1999 por iniciativa de Honorio Arribas con la intenci\u00f3n de divulgar el mundo de la ciencia ficci\u00f3n en la isla. Hoy d\u00eda es una organizaci\u00f3n sin \u00e1nimo de lucro con sede en Palma, aunque desarrolla por otros puntos de Espa\u00f1a propuestas como la que se podr\u00e1 vivir en La Miseric\u00f2rdia.<\/p>\n<p class=\"ft-text\">Adem\u00e1s de los encuentros con la magia potteriana de los dos \u00faltimos a\u00f1os, la Asociaci\u00f3n de Amigos de la Ciencia Ficci\u00f3n tambi\u00e9n organiz\u00f3 una jornada ambientada en <a class=\"ft-link ft-link--decoration\" href=\"https:\/\/www.diariodemallorca.es\/palma\/2019\/05\/11\/locura-harry-potter-colapsa-bellver-2876242.html\" rel=\"nofollow noopener\" target=\"_blank\">Harry Potter en el castillo de Bellver en 2019<\/a>, el <strong>Proyecto 145 Episodio VI <\/strong>(2017) en Katmand\u00fa Park, por el que recibi\u00f3 el premio al mejor evento Star Wars Espa\u00f1a ese a\u00f1o, o<strong> Frikijor 145<\/strong>, en Llucmajor.<\/p>\n","protected":false},"excerpt":{"rendered":"Los potterheads de Mallorca est\u00e1n de enhorabuena porque la magia y los personajes de Harry Potter regresan a&hellip;\n","protected":false},"author":2,"featured_media":176676,"comment_status":"","ping_status":"","sticky":false,"template":"","format":"standard","meta":{"footnotes":""},"categories":[169],"tags":[6843,177,209,146,147,25,24,176,12144,3999,2518,2457,175,2553,3885,12145,12676,23],"class_list":{"0":"post-176675","1":"post","2":"type-post","3":"status-publish","4":"format-standard","5":"has-post-thumbnail","7":"category-cine","8":"tag-ciencia-ficcion","9":"tag-cine","10":"tag-cultura","11":"tag-entertainment","12":"tag-entretenimiento","13":"tag-es","14":"tag-espana","15":"tag-film","16":"tag-harry","17":"tag-harry-potter","18":"tag-magia","19":"tag-mallorca","20":"tag-movies","21":"tag-palma","22":"tag-personajes","23":"tag-potter","24":"tag-regresan","25":"tag-spain"},"share_on_mastodon":{"url":"","error":""},"_links":{"self":[{"href":"https:\/\/www.europesays.com\/es\/wp-json\/wp\/v2\/posts\/176675","targetHints":{"allow":["GET"]}}],"collection":[{"href":"https:\/\/www.europesays.com\/es\/wp-json\/wp\/v2\/posts"}],"about":[{"href":"https:\/\/www.europesays.com\/es\/wp-json\/wp\/v2\/types\/post"}],"author":[{"embeddable":true,"href":"https:\/\/www.europesays.com\/es\/wp-json\/wp\/v2\/users\/2"}],"replies":[{"embeddable":true,"href":"https:\/\/www.europesays.com\/es\/wp-json\/wp\/v2\/comments?post=176675"}],"version-history":[{"count":0,"href":"https:\/\/www.europesays.com\/es\/wp-json\/wp\/v2\/posts\/176675\/revisions"}],"wp:featuredmedia":[{"embeddable":true,"href":"https:\/\/www.europesays.com\/es\/wp-json\/wp\/v2\/media\/176676"}],"wp:attachment":[{"href":"https:\/\/www.europesays.com\/es\/wp-json\/wp\/v2\/media?parent=176675"}],"wp:term":[{"taxonomy":"category","embeddable":true,"href":"https:\/\/www.europesays.com\/es\/wp-json\/wp\/v2\/categories?post=176675"},{"taxonomy":"post_tag","embeddable":true,"href":"https:\/\/www.europesays.com\/es\/wp-json\/wp\/v2\/tags?post=176675"}],"curies":[{"name":"wp","href":"https:\/\/api.w.org\/{rel}","templated":true}]}}