{"id":176693,"date":"2025-10-14T17:55:15","date_gmt":"2025-10-14T17:55:15","guid":{"rendered":"https:\/\/www.europesays.com\/es\/176693\/"},"modified":"2025-10-14T17:55:15","modified_gmt":"2025-10-14T17:55:15","slug":"el-cordoba-bm-salva-un-mal-fin-de-semana-para-el-balonmano-cordobes","status":"publish","type":"post","link":"https:\/\/www.europesays.com\/es\/176693\/","title":{"rendered":"El C\u00f3rdoba BM salva un mal fin de semana para el balonmano cordob\u00e9s"},"content":{"rendered":"<p class=\"paragraph\">El balonmano cordob\u00e9s vivi\u00f3 un fin de semana con un tono negativo en l\u00edneas generales. Porque, m\u00e1s all\u00e1 de la victoria del C\u00f3rdoba BM, el resto fueron derrotas. En Puente Genil, el \u00c1ngel Xim\u00e9nez <b>se top\u00f3 con la realidad de un Ademar de Le\u00f3n que fue demasiado (26-33)<\/b>. El 0-9 tras el descanso dej\u00f3 al equipo de Paco Bustos desarmado y con muchos minutos de relleno. Una derrota dura que obliga a hacer autocr\u00edtica de cara al pr\u00f3ximo domingo (12:30 horas, BM Nava).<\/p>\n<p class=\"paragraph\">En la Divisi\u00f3n de Honor Oro femenina, el Rahi-Sepisur C\u00f3rdoba acarici\u00f3 la remontada perfecta ante el Ikasa Boadilla (28-30). <b>Las de Rafa Moreno levantaron un 16-22 desde el coraje y la defensa, pero se quedaron sin gasolina en el momento clave<\/b>. Pese a la derrota, las sensaciones son buenas.<\/p>\n<p class=\"paragraph\"><b>Peor suerte corri\u00f3 el Deza CBM, que naufrag\u00f3 en su visita a Murcia (24-17)<\/b>. Las granates tardaron quince minutos en anotar y eso es firmar la derrota. Reaccionaron con orgullo, pero el mal inicio pes\u00f3. No terminan de arrancar las de Benito Puerto, aunque el calendario ofrece ahora un peque\u00f1o respiro con el aplazamiento de su pr\u00f3ximo encuentro.<\/p>\n<p class=\"paragraph\">Y, para cerrar, el alivio lo trajo el C\u00f3rdoba de Balonmano. <b>Los de Jes\u00fas Escribano volvieron a sonre\u00edr en F\u00e1tima (34-26) ante el Cajasol Proin Sevilla B<\/b>, firmando un triunfo de autoridad para seguir enganchados a la zona noble de la Primera Nacional. <b>ARS Palma del R\u00edo roz\u00f3 la machada en Almer\u00eda, cayendo por la m\u00ednima (25-24), y La Salle se desinfl\u00f3 en Melilla tras un gran inicio (30-22).<\/b> Un mal fin de semana en l\u00edneas generales para los equipos de C\u00f3rdoba y provincia. Veremos el siguiente.<\/p>\n","protected":false},"excerpt":{"rendered":"El balonmano cordob\u00e9s vivi\u00f3 un fin de semana con un tono negativo en l\u00edneas generales. Porque, m\u00e1s all\u00e1&hellip;\n","protected":false},"author":2,"featured_media":176694,"comment_status":"","ping_status":"","sticky":false,"template":"","format":"standard","meta":{"footnotes":""},"categories":[278],"tags":[376,168,25,24,375,23,167],"class_list":{"0":"post-176693","1":"post","2":"type-post","3":"status-publish","4":"format-standard","5":"has-post-thumbnail","7":"category-balonmano","8":"tag-balonmano","9":"tag-deportes","10":"tag-es","11":"tag-espana","12":"tag-handball","13":"tag-spain","14":"tag-sports"},"share_on_mastodon":{"url":"","error":""},"_links":{"self":[{"href":"https:\/\/www.europesays.com\/es\/wp-json\/wp\/v2\/posts\/176693","targetHints":{"allow":["GET"]}}],"collection":[{"href":"https:\/\/www.europesays.com\/es\/wp-json\/wp\/v2\/posts"}],"about":[{"href":"https:\/\/www.europesays.com\/es\/wp-json\/wp\/v2\/types\/post"}],"author":[{"embeddable":true,"href":"https:\/\/www.europesays.com\/es\/wp-json\/wp\/v2\/users\/2"}],"replies":[{"embeddable":true,"href":"https:\/\/www.europesays.com\/es\/wp-json\/wp\/v2\/comments?post=176693"}],"version-history":[{"count":0,"href":"https:\/\/www.europesays.com\/es\/wp-json\/wp\/v2\/posts\/176693\/revisions"}],"wp:featuredmedia":[{"embeddable":true,"href":"https:\/\/www.europesays.com\/es\/wp-json\/wp\/v2\/media\/176694"}],"wp:attachment":[{"href":"https:\/\/www.europesays.com\/es\/wp-json\/wp\/v2\/media?parent=176693"}],"wp:term":[{"taxonomy":"category","embeddable":true,"href":"https:\/\/www.europesays.com\/es\/wp-json\/wp\/v2\/categories?post=176693"},{"taxonomy":"post_tag","embeddable":true,"href":"https:\/\/www.europesays.com\/es\/wp-json\/wp\/v2\/tags?post=176693"}],"curies":[{"name":"wp","href":"https:\/\/api.w.org\/{rel}","templated":true}]}}