{"id":176695,"date":"2025-10-14T17:56:14","date_gmt":"2025-10-14T17:56:14","guid":{"rendered":"https:\/\/www.europesays.com\/es\/176695\/"},"modified":"2025-10-14T17:56:14","modified_gmt":"2025-10-14T17:56:14","slug":"el-patrimonio-de-morante-de-la-puebla-empresas-un-cortijo-y-el-chalet-de-vicky-martin-berrocal","status":"publish","type":"post","link":"https:\/\/www.europesays.com\/es\/176695\/","title":{"rendered":"El patrimonio de Morante de la Puebla: empresas, un cortijo y el chalet de Vicky Mart\u00edn Berrocal"},"content":{"rendered":"<p><img decoding=\"async\" class=\"voc-image-signature__img\" src=\"https:\/\/www.europesays.com\/es\/wp-content\/uploads\/2025\/09\/autor-6697-foto-3.jpeg\" alt=\"Jorge C. Parcero\"\/><\/p>\n<p class=\"voc-paragraph\">\u00abS\u00e9 lo mucho que te ha costado llegar hasta donde has llegado y te admiro en cada paso que das. Y aqu\u00ed estar\u00e9 siempre para acompa\u00f1arte porque eres lo m\u00e1s grande que me ha pasado en la vida. Te quiero mucho, guerrero de la vida\u00bb. Estas eran las palabras de admiraci\u00f3n y respeto que le dedicaba Jos\u00e9 Antonio Morante a su padre, <strong>Morante de la Puebla,<\/strong> despu\u00e9s de que el torero sevillano se cortara la coleta de forma inesperada tras cortarle las dos orejas al cuarto toro de la corrida de la Hispanidad en la madrile\u00f1a plaza de Las Ventas, antes de salir a hombros. Antes, le dedicaba el primer astado a <a href=\"https:\/\/www.mujerhoy.com\/moda\/no-te-pierdas\/isabel-diaz-ayuso-vestido-invitada-azul-dia-hispanidad-20251012105750-nt.html\" target=\"_self\" data-voc-vtm-id=\"in-text-traffic\" title=\"Isabel D\u00edaz Ayuso\" data-mrf-link=\"www.mujerhoy.com\" rel=\"nofollow noopener\">Isabel D\u00edaz Ayuso<\/a> y el segundo a Santiago Abascal, de quien es muy amigo.<\/p>\n<p class=\"voc-paragraph\">Nacido en la localidad sevillana de La Puebla del R\u00edo, origen de su nombre taurino, el diestro andaluz que <strong>obtuvo en 2021 el Premio Nacional de Tauromaquia<\/strong> y que est\u00e1 considerado como un s\u00edmbolo de pureza y clasicismo en el ruedo, debut\u00f3 como novillero en 1995 en Madrid y dos a\u00f1os despu\u00e9s tomaba la alternativa en Burgos con C\u00e9sar Rinc\u00f3n como testigo y Fernando Cepeda de padrino.<\/p>\n<p><a href=\"http:\/\/www.mujerhoy.com\/celebrities\/realeza\/infanta-elena-victoria-federica-hispanidad-corrida-toros-las-ventas-20251013120757-nt.html#vtm_modulosEngag=mod-rel:celebrities:noticia:1:cmp:2-not\" class=\"v-a-link\" title=\"Sabemos qu\u00e9 hicieron la infanta Elena y Victoria Federica mientras la familia real celebraba el D\u00eda de la Hispanidad\" rel=\"nofollow noopener\" target=\"_blank\"><br \/>\n<img decoding=\"async\" loading=\"lazy\" class=\"v-a-img\" src=\"https:\/\/www.europesays.com\/es\/wp-content\/uploads\/2025\/10\/infanta-elena-victoria-federica-kfHG-U27515320631qyz-366x256@Mujer Hoy.jpg\" alt=\"Sabemos qu\u00e9 hicieron la infanta Elena y Victoria Federica mientras la familia real celebraba el D\u00eda de la Hispanidad\"\/><br \/>\n<\/a><\/p>\n<p><a href=\"http:\/\/www.mujerhoy.com\/celebrities\/victoria-federica-tana-rivera-polemica-guerra-toreros-roca-rey-morante-20250813162305-nt.html#vtm_modulosEngag=mod-rel:celebrities:noticia:2:cmp:2-not\" class=\"v-a-link\" title=\"La guerra de toreros entre Roca Rey y Morante de la Puebla que compromete a Victoria Federica y Tana Rivera\" rel=\"nofollow noopener\" target=\"_blank\"><br \/>\n<img decoding=\"async\" loading=\"lazy\" class=\"v-a-img\" src=\"https:\/\/www.europesays.com\/es\/wp-content\/uploads\/2025\/10\/victoria-federica-kDrE--366x256@Mujer Hoy.jpg\" alt=\"La guerra de toreros entre Roca Rey y Morante de la Puebla que compromete a Victoria Federica y Tana Rivera\"\/><br \/>\n<\/a><\/p>\n<p class=\"voc-paragraph\">En 2004 decidi\u00f3 suspender la temporada \u00abpor problemas ps\u00edquicos\u00bb, antes de trasladarse a Miami, donde recibi\u00f3 tratamiento m\u00e9dico. Como confesaba en una reciente entrevista con el diario ABC, desde hace m\u00e1s de veinte a\u00f1os sufre un trastorno disociativo que desconecta su cuerpo de las emociones, agravado ahora por un cuadro depresivo. \u00ab<strong>He pensado en la muerte como alivio<\/strong>; es una enfermedad compleja, triste y dolorosa\u00bb, aseguraba Morante durante esa sincera conversaci\u00f3n. <\/p>\n<p>Morante de la Puebla, \u00edntimo y personal<\/p>\n<p class=\"voc-paragraph\">Procedente de una familia sin relaci\u00f3n con el mundo del toro, su pasi\u00f3n por el toreo comienza con solo cinco a\u00f1os. Morante de la Puebla ha estado casado en dos ocasiones. La primera vez que pas\u00f3 por el altar fue junto a <strong>Cynthia Ant\u00fanez,<\/strong> con la que se dio el &#8216;s\u00ed, quiero&#8217; en la Iglesia de Nuestra Se\u00f1ora de la Granada de su localidad natal. El matrimonio dur\u00f3 tres a\u00f1os y fruto de \u00e9l naci\u00f3 Jos\u00e9 Antonio, que ha orientado su carrera profesional hacia el f\u00fatbol, jugando en las categor\u00edas inferiores del Betis.<\/p>\n<p><img decoding=\"async\" loading=\"lazy\" src=\"https:\/\/www.europesays.com\/es\/wp-content\/uploads\/2025\/10\/morante-puebla-mujer-hijos-U25621654781oNP-650x650@Mujer Hoy.jpg\" class=\"v-a-img\" width=\"650\" height=\"650\" alt=\"Morante de la Puebla junto a su esposa, Elisabeth Garrido.\" data-voc-vtm-id=\"in-text-traffic\"\/><\/p>\n<p>Morante de la Puebla junto a su esposa, Elisabeth Garrido.<\/p>\n<p>GTRES<\/p>\n<p><img loading=\"lazy\" decoding=\"async\" src=\"https:\/\/www.europesays.com\/es\/wp-content\/uploads\/2025\/10\/morante-puebla-mujer-hijos-U25621654781oNP-650x650@Mujer Hoy.jpg\" class=\"v-mdl__img-z\" width=\"650\" height=\"650\" alt=\"\"\/><\/p>\n<p class=\"voc-paragraph\">En 2010 se cas\u00f3 en segundas nupcias con <strong>Elisabeth Garrido<\/strong>, a la que conoc\u00eda desde que ambos eran peque\u00f1os. En esta ocasi\u00f3n su boda fue por lo civil y tuvo lugar en la Hacienda Los \u00c1ngeles de Alcal\u00e1 de Guadaira ante 150 invitados. Juntos han tenido dos hijas, Mar\u00eda y Lola, que ahora tienen 14 y 12 a\u00f1os respectivamente. <\/p>\n<p class=\"voc-paragraph\">Su esposa, junto a la que <strong>regenta el popular bar de copas La Capilla<\/strong>, y sus hijos se han convertido en su apoyo m\u00e1s importante cuando ha debido alejarse de los ruedos debido a sus problemas de salud mental. Durante este tiempo, Morante de la Puebla se ha erigido como todo un defensor de <a href=\"https:\/\/www.mujerhoy.com\/vivir\/psicologia\/mal-humor-recomendaciones-patri-psicologa-cambiar-estado-animo-20251013232452-nt.html\" target=\"_self\" data-voc-vtm-id=\"in-text-traffic\" title=\"normalizar el ir a terapia\" data-mrf-link=\"www.mujerhoy.com\" rel=\"nofollow noopener\">normalizar el ir a terapia<\/a>. \u00abLa visita al psiquiatra se debe normalizar como el que va a un fisio o a un m\u00e9dico general. Le cuentas tu problema, c\u00f3mo es el d\u00eda, la noche y te manda un tratamiento\u00bb, aseguraba en su entrevista con el ABC.<\/p>\n<p>Sus negocios y su patrimonio inmobiliario<\/p>\n<p class=\"voc-paragraph\">El refugio familiar en pleno campo del ya retirado torero es un cortijo andaluz con alma taurina:<strong> la finca Huerta de San Antonio.<\/strong> Ubicada en La Puebla del R\u00edo, dispone de una plaza de toros port\u00e1til y un campo de f\u00fatbol abierto a los vecinos, adem\u00e1s de salones para la celebraci\u00f3n de bodas, comuniones y otros eventos impregnados de tauromaquia. <\/p>\n<p class=\"voc-paragraph\">Adem\u00e1s del mencionado local de ocio que poseen en su pueblo, la familia disfruta tambi\u00e9n de escapadas a la playa en el chalet que adquirieron en <strong>el municipio onubense de Matalasca\u00f1as.<\/strong> Se trata de una vivienda con piscina privada y situada en primera l\u00ednea de playa que Morante le compr\u00f3 en su d\u00eda a <a href=\"https:\/\/www.mujerhoy.com\/vivir\/bienestar\/secreto-vicky-martin-berrocal-adelgazar-18-kilos-merienda-alimentacion-saludable-20240831083656-nt.html\" target=\"_self\" data-voc-vtm-id=\"in-text-traffic\" title=\"Vicky Mart\u00edn Berrocal.\" data-mrf-link=\"www.mujerhoy.com\" rel=\"nofollow noopener\">Vicky Mart\u00edn Berrocal.<\/a><\/p>\n<p class=\"voc-paragraph\">Morante de la Puebla, cuyo sueldo por faena alcanzaba los 18.800 euros, aunque como aseguraba en La Raz\u00f3n, prefer\u00eda <strong>\u00abno saber por cu\u00e1nto me juego la vida cada tarde\u00bb,<\/strong> tiene tambi\u00e9n una destacada faceta de empresario. Su \u00faltima aventura en este sentido ha sido asociarse con su apoderado y persona de confianza, Pedro Jorge Marqu\u00e9s, para encargarse de la organizaci\u00f3n de los tradicionales encierros de la localidad donde reside.<\/p>\n<p><a href=\"http:\/\/www.mujerhoy.com\/celebrities\/eva-gonzalez-vida-sin-cayetano-rivera-escandalo-detencion-20250702130220-nt.html#vtm_modulosEngag=mod-rel:celebrities:noticia:1:cmp:2-not\" class=\"v-a-link\" title=\"Los mejores apoyos de Eva Gonz\u00e1lez tras separarse de Cayetano Rivera: \u00abMe dedico a trabajar y a...\u00bb\" rel=\"nofollow noopener\" target=\"_blank\"><br \/>\n<img decoding=\"async\" loading=\"lazy\" class=\"v-a-img\" src=\"https:\/\/www.europesays.com\/es\/wp-content\/uploads\/2025\/10\/eva-gonzalez-U230142510391538F--366x256@Mujer Hoy.jpg\" alt=\"Los mejores apoyos de Eva Gonz\u00e1lez tras separarse de Cayetano Rivera: \u00abMe dedico a trabajar y a...\u00bb\"\/><br \/>\n<\/a><\/p>\n<p><a href=\"http:\/\/www.mujerhoy.com\/celebrities\/realeza\/cayetano-rivera-amistad-duquesa-alba-diseno-traje-torero-20250701102324-nt.html#vtm_modulosEngag=mod-rel:celebrities:noticia:2:cmp:2-not\" class=\"v-a-link\" title=\"Los secretos de la amistad de Cayetano Rivera y Cayetana de Alba y el traje de luces que la duquesa dise\u00f1\u00f3 para el torero\" rel=\"nofollow noopener\" target=\"_blank\"><br \/>\n<img decoding=\"async\" loading=\"lazy\" class=\"v-a-img\" src=\"https:\/\/www.europesays.com\/es\/wp-content\/uploads\/2025\/10\/duquesa-alba-cayetano-rivera-kjn--366x256@Mujer Hoy.jpg\" alt=\"Los secretos de la amistad de Cayetano Rivera y Cayetana de Alba y el traje de luces que la duquesa dise\u00f1\u00f3 para el torero\"\/><br \/>\n<\/a><\/p>\n","protected":false},"excerpt":{"rendered":"\u00abS\u00e9 lo mucho que te ha costado llegar hasta donde has llegado y te admiro en cada paso&hellip;\n","protected":false},"author":2,"featured_media":176696,"comment_status":"","ping_status":"","sticky":false,"template":"","format":"standard","meta":{"footnotes":""},"categories":[277],"tags":[10512,373,5716,168,25,24,17002,780,1397,781,12319,15896,23,167,600,374,2606],"class_list":{"0":"post-176695","1":"post","2":"type-post","3":"status-publish","4":"format-standard","5":"has-post-thumbnail","7":"category-toreo","8":"tag-alma","9":"tag-bullfighting","10":"tag-campo","11":"tag-deportes","12":"tag-es","13":"tag-espana","14":"tag-familiar","15":"tag-morante","16":"tag-patrimonio","17":"tag-puebla","18":"tag-refugio","19":"tag-retira","20":"tag-spain","21":"tag-sports","22":"tag-taurina","23":"tag-toreo","24":"tag-vida"},"share_on_mastodon":{"url":"","error":""},"_links":{"self":[{"href":"https:\/\/www.europesays.com\/es\/wp-json\/wp\/v2\/posts\/176695","targetHints":{"allow":["GET"]}}],"collection":[{"href":"https:\/\/www.europesays.com\/es\/wp-json\/wp\/v2\/posts"}],"about":[{"href":"https:\/\/www.europesays.com\/es\/wp-json\/wp\/v2\/types\/post"}],"author":[{"embeddable":true,"href":"https:\/\/www.europesays.com\/es\/wp-json\/wp\/v2\/users\/2"}],"replies":[{"embeddable":true,"href":"https:\/\/www.europesays.com\/es\/wp-json\/wp\/v2\/comments?post=176695"}],"version-history":[{"count":0,"href":"https:\/\/www.europesays.com\/es\/wp-json\/wp\/v2\/posts\/176695\/revisions"}],"wp:featuredmedia":[{"embeddable":true,"href":"https:\/\/www.europesays.com\/es\/wp-json\/wp\/v2\/media\/176696"}],"wp:attachment":[{"href":"https:\/\/www.europesays.com\/es\/wp-json\/wp\/v2\/media?parent=176695"}],"wp:term":[{"taxonomy":"category","embeddable":true,"href":"https:\/\/www.europesays.com\/es\/wp-json\/wp\/v2\/categories?post=176695"},{"taxonomy":"post_tag","embeddable":true,"href":"https:\/\/www.europesays.com\/es\/wp-json\/wp\/v2\/tags?post=176695"}],"curies":[{"name":"wp","href":"https:\/\/api.w.org\/{rel}","templated":true}]}}