{"id":176711,"date":"2025-10-14T18:08:08","date_gmt":"2025-10-14T18:08:08","guid":{"rendered":"https:\/\/www.europesays.com\/es\/176711\/"},"modified":"2025-10-14T18:08:08","modified_gmt":"2025-10-14T18:08:08","slug":"jisoo-y-zayn-publican-eyes-closed","status":"publish","type":"post","link":"https:\/\/www.europesays.com\/es\/176711\/","title":{"rendered":"Jisoo y Zayn publican \u00abEyes Closed\u00bb"},"content":{"rendered":"<p>                    <b>Jisoo<\/b> de BLACKPINK y <b>Zayn Malik <\/b>se han unido para lanzar su canci\u00f3n juntos titulada<b>\u00a0Eyes Closed<\/b>.<\/p>\n<p>Este lanzamiento marca el primer tema nuevo de Jisoo en ocho meses, desde la salida de su debut en solitario, Amortage. La canci\u00f3n fusiona las voces contrastantes de ambos int\u00e9rpretes para tejer <b>una melod\u00eda sensual y envolvente que destaca por su riqueza tonal y su atm\u00f3sfera intimista<\/b>.<\/p>\n<p>Eyes Closed explora <b>din\u00e1micas vocales que permiten a Zayn y Jisoo jugar con matices suaves y pulsos r\u00edtmicos m\u00e1s profundos<\/b>, creando un paisaje sonoro que oscila entre lo seductor y lo nost\u00e1lgico. La producci\u00f3n, que equilibra elementos pop con tintes R&amp;B y una producci\u00f3n pulida, facilita que cada one-liner vocal resalte, a la vez que la base sostiene una sensaci\u00f3n de tensi\u00f3n contenida.<\/p>\n<p>Este lanzamiento no solo ampl\u00eda el repertorio de los artistas, sino que tambi\u00e9n<b> ofrece a los fans una mirada fresca a la qu\u00edmica entre dos voces tan distintas<\/b>.<\/p>\n<p><b>Con informaci\u00f3n de agencias<\/b><\/p>\n","protected":false},"excerpt":{"rendered":"Jisoo de BLACKPINK y Zayn Malik se han unido para lanzar su canci\u00f3n juntos titulada\u00a0Eyes Closed. Este lanzamiento&hellip;\n","protected":false},"author":2,"featured_media":176712,"comment_status":"","ping_status":"","sticky":false,"template":"","format":"standard","meta":{"footnotes":""},"categories":[170],"tags":[6191,146,147,25,24,50621,184,185,23,1192],"class_list":{"0":"post-176711","1":"post","2":"type-post","3":"status-publish","4":"format-standard","5":"has-post-thumbnail","7":"category-musica","8":"tag-caracas","9":"tag-entertainment","10":"tag-entretenimiento","11":"tag-es","12":"tag-espana","13":"tag-globovision","14":"tag-music","15":"tag-musica","16":"tag-spain","17":"tag-venezuela"},"share_on_mastodon":{"url":"","error":""},"_links":{"self":[{"href":"https:\/\/www.europesays.com\/es\/wp-json\/wp\/v2\/posts\/176711","targetHints":{"allow":["GET"]}}],"collection":[{"href":"https:\/\/www.europesays.com\/es\/wp-json\/wp\/v2\/posts"}],"about":[{"href":"https:\/\/www.europesays.com\/es\/wp-json\/wp\/v2\/types\/post"}],"author":[{"embeddable":true,"href":"https:\/\/www.europesays.com\/es\/wp-json\/wp\/v2\/users\/2"}],"replies":[{"embeddable":true,"href":"https:\/\/www.europesays.com\/es\/wp-json\/wp\/v2\/comments?post=176711"}],"version-history":[{"count":0,"href":"https:\/\/www.europesays.com\/es\/wp-json\/wp\/v2\/posts\/176711\/revisions"}],"wp:featuredmedia":[{"embeddable":true,"href":"https:\/\/www.europesays.com\/es\/wp-json\/wp\/v2\/media\/176712"}],"wp:attachment":[{"href":"https:\/\/www.europesays.com\/es\/wp-json\/wp\/v2\/media?parent=176711"}],"wp:term":[{"taxonomy":"category","embeddable":true,"href":"https:\/\/www.europesays.com\/es\/wp-json\/wp\/v2\/categories?post=176711"},{"taxonomy":"post_tag","embeddable":true,"href":"https:\/\/www.europesays.com\/es\/wp-json\/wp\/v2\/tags?post=176711"}],"curies":[{"name":"wp","href":"https:\/\/api.w.org\/{rel}","templated":true}]}}