{"id":176731,"date":"2025-10-14T18:18:08","date_gmt":"2025-10-14T18:18:08","guid":{"rendered":"https:\/\/www.europesays.com\/es\/176731\/"},"modified":"2025-10-14T18:18:08","modified_gmt":"2025-10-14T18:18:08","slug":"maxima-goleadora-de-division-de-honor-oro","status":"publish","type":"post","link":"https:\/\/www.europesays.com\/es\/176731\/","title":{"rendered":"m\u00e1xima goleadora de Divisi\u00f3n de Honor Oro"},"content":{"rendered":"<p class=\"article-text\">\n        El Rahi-Sepirsur Adesal C\u00f3rdoba ha arrancado la temporada con un objetivo claro, el ascenso, y una protagonista indiscutible: \u00c1ngela Ruiz. La capitana se ha erigido como la m\u00e1xima goleadora no solo del equipo, sino de toda la Divisi\u00f3n de Honor Oro, liderando a las de la Fuensanta en un inicio prometedor con dos victorias en tres partidos. Un rendimiento que alimenta el sue\u00f1o de dar el salto a la \u00e9lite tras un notable a\u00f1o de debut en la categor\u00eda\n    <\/p>\n<p class=\"article-text\">\n        Y es que este arranque fulgurante confirma lo que la propia jugadora presagi\u00f3 en su ATENEAS hace meses. Con el ascenso a la Liga Guerreras Iberdrola entre ceja y ceja, la capitana se ha echado el peso del gol a sus espaldas. Al t\u00e9rmino de la tercera jornada, y a falta de disputarse el Mislata-Lleida, \u00c1ngela Ruiz lidera la tabla de artilleras con una autoridad incontestable.\n    <\/p>\n","protected":false},"excerpt":{"rendered":"El Rahi-Sepirsur Adesal C\u00f3rdoba ha arrancado la temporada con un objetivo claro, el ascenso, y una protagonista indiscutible:&hellip;\n","protected":false},"author":2,"featured_media":175474,"comment_status":"","ping_status":"","sticky":false,"template":"","format":"standard","meta":{"footnotes":""},"categories":[278],"tags":[1128,12031,376,14417,168,3496,25,24,50622,375,9228,6659,3371,5106,23,167],"class_list":{"0":"post-176731","1":"post","2":"type-post","3":"status-publish","4":"format-standard","5":"has-post-thumbnail","7":"category-balonmano","8":"tag-adesal","9":"tag-angela","10":"tag-balonmano","11":"tag-canon","12":"tag-deportes","13":"tag-division","14":"tag-es","15":"tag-espana","16":"tag-goleadora","17":"tag-handball","18":"tag-honor","19":"tag-maxima","20":"tag-oro","21":"tag-ruiz","22":"tag-spain","23":"tag-sports"},"share_on_mastodon":{"url":"","error":""},"_links":{"self":[{"href":"https:\/\/www.europesays.com\/es\/wp-json\/wp\/v2\/posts\/176731","targetHints":{"allow":["GET"]}}],"collection":[{"href":"https:\/\/www.europesays.com\/es\/wp-json\/wp\/v2\/posts"}],"about":[{"href":"https:\/\/www.europesays.com\/es\/wp-json\/wp\/v2\/types\/post"}],"author":[{"embeddable":true,"href":"https:\/\/www.europesays.com\/es\/wp-json\/wp\/v2\/users\/2"}],"replies":[{"embeddable":true,"href":"https:\/\/www.europesays.com\/es\/wp-json\/wp\/v2\/comments?post=176731"}],"version-history":[{"count":0,"href":"https:\/\/www.europesays.com\/es\/wp-json\/wp\/v2\/posts\/176731\/revisions"}],"wp:featuredmedia":[{"embeddable":true,"href":"https:\/\/www.europesays.com\/es\/wp-json\/wp\/v2\/media\/175474"}],"wp:attachment":[{"href":"https:\/\/www.europesays.com\/es\/wp-json\/wp\/v2\/media?parent=176731"}],"wp:term":[{"taxonomy":"category","embeddable":true,"href":"https:\/\/www.europesays.com\/es\/wp-json\/wp\/v2\/categories?post=176731"},{"taxonomy":"post_tag","embeddable":true,"href":"https:\/\/www.europesays.com\/es\/wp-json\/wp\/v2\/tags?post=176731"}],"curies":[{"name":"wp","href":"https:\/\/api.w.org\/{rel}","templated":true}]}}