{"id":176738,"date":"2025-10-14T18:23:13","date_gmt":"2025-10-14T18:23:13","guid":{"rendered":"https:\/\/www.europesays.com\/es\/176738\/"},"modified":"2025-10-14T18:23:13","modified_gmt":"2025-10-14T18:23:13","slug":"cicloturismo-por-los-parajes-naturales-de-alava","status":"publish","type":"post","link":"https:\/\/www.europesays.com\/es\/176738\/","title":{"rendered":"Cicloturismo por los parajes naturales de \u00c1lava"},"content":{"rendered":"<p>\n        <strong>Deporte, sostenibilidad y naturaleza<\/strong> se mezclan en un nuevo evento que har\u00e1 su debut <strong>este s\u00e1bado 18 de octubre.<\/strong> La 1\u00aa edici\u00f3n de la<strong> marcha gravel <\/strong>impulsada por Iberdrola y organizada por el club ciclista<strong> Inurri Sport<\/strong> se llevar\u00e1 a cabo en entornos naturales de \u00c1lava como <strong>el embalse de Uribarri-Ganboa y la sierra de Badaia.<\/strong>\n<\/p>\n<p class=\"article-body__text \">\n        Este acontecimiento se trata de <strong>un evento cicloturista no competitivo,<\/strong> en el que no habr\u00e1 tiempos ni tampoco clasificaciones. La principal idea y valor del mismo reside en <strong>visibilizar la energ\u00eda renovable, <\/strong>as\u00ed como el encanto de estos parajes de \u00c1lava.\n<\/p>\n<p>            <a href=\"https:\/\/www.noticiasdealava.eus\/sociedad\/2023\/05\/04\/euskadi-quiere-referente-cicloturismo-6759831.html\" title=\"Euskadi quiere ser referente en cicloturismo\" class=\"new__media\" rel=\"nofollow noopener\" target=\"_blank\"><\/p>\n<p>                <img alt=\"Euskadi quiere ser referente en cicloturismo\" data-src=\"https:\/\/www.europesays.com\/es\/wp-content\/uploads\/2025\/10\/74ca2ad3-d15a-4422-8962-0d6462590d84_16-9-aspect-ratio_default_0_x1143y225.jpg\" class=\"lozad\"\/><\/p>\n<p>        <\/a><\/p>\n<p>        <a href=\"https:\/\/www.noticiasdealava.eus\/sociedad\/2023\/05\/04\/euskadi-quiere-referente-cicloturismo-6759831.html\" title=\"Euskadi quiere ser referente en cicloturismo\" class=\"new__headline\" rel=\"nofollow noopener\" target=\"_blank\"><br \/>\n            Euskadi quiere ser referente en cicloturismo<br \/>\n        <\/a><\/p>\n<p class=\"article-body__text \">\n        Los participantes podr\u00e1n realizar el evento con <strong>bicicleta gravel, BTT o e-bike. <\/strong>Adem\u00e1s, la prueba presenta<strong> dos recorridos<\/strong> dise\u00f1ados para todos los niveles: <strong>uno de 51,6 km y 417 metros de desnivel positivo acumulado,<\/strong> perfecto para disfrutar del paisaje sin excesiva exigencia y<strong> otro de 95,8 km y 997m D+<\/strong> , que ser\u00e1 un desaf\u00edo m\u00e1s exigente para corredores m\u00e1s experimentados.\n<\/p>\n<p class=\"article-body__text \">\n        <strong>David Cotillas,<\/strong> presidente del Inurri Sport, asegura que gracias a la existencia de dos recorridos <strong>cualquier persona con un poco de preparaci\u00f3n puede participar.<\/strong>\n<\/p>\n<p class=\"article-body__text \">\n        \u201cLa prueba es para gente de todos los niveles. <strong>El tramo corto es m\u00e1s asequible y sin tener un nivel medio-alto se puede completar <\/strong>sin problema\u201d, confirma David.\n<\/p>\n<p class=\"article-photo__footer\">\n            Mapa del recorrido corto de la marcha gravel.            Inurri Sport        <\/p>\n<p class=\"article-body__text \">\n        <strong>El recorrido corto comenzar\u00e1 sobre las 9.30 horas<\/strong> desde Garaio y rodear\u00e1 todo el embalse pasando por localidades como <strong>Uribarri-Ganboa, Landa, Marieta, Ozaeta, Guevara y Maturana,<\/strong> hasta regresar sobre las 11.00 horas hasta el punto de partida.\n<\/p>\n<p class=\"article-body__text \">\n        Por su parte,<strong> el tramo largo partir\u00e1 desde Garaio a las 9.00 horas.<\/strong> Los participartes saldr\u00e1n desde el pantano rumbo a la sierra de Badaia en un recorrido que<strong> finalizar\u00e1 nuevamente en Garaio sobre la 13.30 horas.<\/strong>\n<\/p>\n<p class=\"article-body__text \">\n        <strong>Mi\u00f1ano, Etxabarri-Ibi\u00f1a, Legarda, Nanclares, Estarrona, Ar\u00e1nguiz, Abetxuko o Durana<\/strong> son solo algunos de los n\u00facleos rurales por los que la marcha har\u00e1 acto de presencia en este recorrido de mayor distancia.\n<\/p>\n<p class=\"article-photo__footer\">\n            Mapa del recorrido largo de la marcha gravel.            Inurri Sport        <\/p>\n<p class=\"article-body__text \">\n        Adem\u00e1s, David desvela que desde la organizaci\u00f3n tambi\u00e9n han querido realizar <strong>un homenaje a la ciclista alavesa Lourdes Oyarbide,<\/strong> quien anunci\u00f3 su retiro a finales del pasado a\u00f1o. La entrega de dicho reconocimiento se le har\u00e1 <strong>al inicio de la prueba, durante el corte de cinta.<\/strong>\n<\/p>\n<p>            <a href=\"https:\/\/www.noticiasdealava.eus\/deportes\/2022\/10\/18\/rioja-alavesa-convertira-capital-cicloturismo-6128413.html\" title=\"La Rioja Alavesa se convertir\u00e1 en la capital del cicloturismo\" class=\"new__media\" rel=\"nofollow noopener\" target=\"_blank\"><\/p>\n<p>                <img alt=\"La Rioja Alavesa se convertir\u00e1 en la capital del cicloturismo\" data-src=\"https:\/\/www.europesays.com\/es\/wp-content\/uploads\/2025\/10\/371036a5-85e9-4136-a4cb-fb0c97a0a61c_16-9-aspect-ratio_default_0.jpg\" class=\"lozad\"\/><\/p>\n<p>        <\/a><\/p>\n<p>        <a href=\"https:\/\/www.noticiasdealava.eus\/deportes\/2022\/10\/18\/rioja-alavesa-convertira-capital-cicloturismo-6128413.html\" title=\"La Rioja Alavesa se convertir\u00e1 en la capital del cicloturismo\" class=\"new__headline\" rel=\"nofollow noopener\" target=\"_blank\"><br \/>\n            La Rioja Alavesa se convertir\u00e1 en la capital del cicloturismo<br \/>\n        <\/a><\/p>\n<p>  Gran acogida <\/p>\n<p class=\"article-body__text \">\n        La aceptaci\u00f3n del p\u00fablico ha sido \u201cmuy buena\u201d seg\u00fan David, y <strong>el presidente de Inurri Sport asegura que est\u00e1n muy contentos con la acogida.<\/strong>\n<\/p>\n<p class=\"article-body__text \">\n        \u201cLa verdad es que para haberlo montado en tiempo r\u00e9cord con apenas un mes y medio de preparaci\u00f3n, <strong>la aceptaci\u00f3n de la gente ha sido muy buena.<\/strong> Nos marcamos un l\u00edmite de 500 inscritos y<strong> hemos conseguido ser algo m\u00e1s de 400 participantes\u201d,<\/strong> comenta.\n<\/p>\n<p class=\"article-photo__footer\">\n            Cartel promocional del evento.            Alimco Campy Team        <\/p>\n<p class=\"article-body__text \">\n        La valoraci\u00f3n tras el evento puede marcar su<strong> repetici\u00f3n de cara a pr\u00f3ximos a\u00f1os<\/strong> en el caso de ser positiva.<\/p>\n","protected":false},"excerpt":{"rendered":"Deporte, sostenibilidad y naturaleza se mezclan en un nuevo evento que har\u00e1 su debut este s\u00e1bado 18 de&hellip;\n","protected":false},"author":2,"featured_media":176739,"comment_status":"","ping_status":"","sticky":false,"template":"","format":"standard","meta":{"footnotes":""},"categories":[273],"tags":[3935,313,5766,312,168,25,24,8343,50623,23,167],"class_list":{"0":"post-176738","1":"post","2":"type-post","3":"status-publish","4":"format-standard","5":"has-post-thumbnail","7":"category-ciclismo","8":"tag-alava","9":"tag-ciclismo","10":"tag-cicloturismo","11":"tag-cycling","12":"tag-deportes","13":"tag-es","14":"tag-espana","15":"tag-naturales","16":"tag-parajes","17":"tag-spain","18":"tag-sports"},"share_on_mastodon":{"url":"","error":""},"_links":{"self":[{"href":"https:\/\/www.europesays.com\/es\/wp-json\/wp\/v2\/posts\/176738","targetHints":{"allow":["GET"]}}],"collection":[{"href":"https:\/\/www.europesays.com\/es\/wp-json\/wp\/v2\/posts"}],"about":[{"href":"https:\/\/www.europesays.com\/es\/wp-json\/wp\/v2\/types\/post"}],"author":[{"embeddable":true,"href":"https:\/\/www.europesays.com\/es\/wp-json\/wp\/v2\/users\/2"}],"replies":[{"embeddable":true,"href":"https:\/\/www.europesays.com\/es\/wp-json\/wp\/v2\/comments?post=176738"}],"version-history":[{"count":0,"href":"https:\/\/www.europesays.com\/es\/wp-json\/wp\/v2\/posts\/176738\/revisions"}],"wp:featuredmedia":[{"embeddable":true,"href":"https:\/\/www.europesays.com\/es\/wp-json\/wp\/v2\/media\/176739"}],"wp:attachment":[{"href":"https:\/\/www.europesays.com\/es\/wp-json\/wp\/v2\/media?parent=176738"}],"wp:term":[{"taxonomy":"category","embeddable":true,"href":"https:\/\/www.europesays.com\/es\/wp-json\/wp\/v2\/categories?post=176738"},{"taxonomy":"post_tag","embeddable":true,"href":"https:\/\/www.europesays.com\/es\/wp-json\/wp\/v2\/tags?post=176738"}],"curies":[{"name":"wp","href":"https:\/\/api.w.org\/{rel}","templated":true}]}}