{"id":176740,"date":"2025-10-14T18:24:11","date_gmt":"2025-10-14T18:24:11","guid":{"rendered":"https:\/\/www.europesays.com\/es\/176740\/"},"modified":"2025-10-14T18:24:11","modified_gmt":"2025-10-14T18:24:11","slug":"la-tension-y-el-efecto-newey-en-aston-martin-alonso-tiene-motivos-para-sonreir","status":"publish","type":"post","link":"https:\/\/www.europesays.com\/es\/176740\/","title":{"rendered":"La tensi\u00f3n (y el efecto) Newey en Aston Martin. Alonso tiene motivos para sonre\u00edr"},"content":{"rendered":"<p><strong>Adrian Newey<\/strong> sigue siendo la principal esperanza de <a href=\"https:\/\/www.grada3.com\/2025\/09\/17\/aston-martin-pelear-podio-en-2026\/\" target=\"_blank\" rel=\"noreferrer nofollow noopener\">Aston Martin<\/a> para la pr\u00f3xima temporada. En el equipo est\u00e1n convencidos de que el ingeniero los llevar\u00e1 al \u00e9xito, la duda es si lo lograr\u00e1 ya desde el pr\u00f3ximo a\u00f1o, pero s\u00ed que lo conseguir\u00e1 a partir de los pr\u00f3ximos a\u00f1os. <strong>Andy Cowell<\/strong> ha vuelto a resaltar la capacidad de trabajar, la concentraci\u00f3n, y el respecto y efecto que supone para el resto de trabajadores su presencia.<\/p>\n<p>Newey y las opciones de Aston Martin<\/p>\n<p><a href=\"https:\/\/www.grada3.com\/2025\/09\/25\/adrian-newey-alonso-2026-f1\/\" target=\"_blank\" rel=\"noreferrer nofollow noopener\">Adrian Newey<\/a> podr\u00eda compararse como los buenos estudiantes que, antes de llegar a un examen, o incluso despu\u00e9s, dicen que lo llevan mal preparado o que les ha salido mal, y cuando sale la nota final obtienen un sobresaliente. Este comportamiento no se debe, ni mucho menos, a una falsa modestia: habitualmente esta relacionado con las altas capacidades, y cuando m\u00e1s se sabe de algo, cuando se comprende la magnitud de una materia, m\u00e1s sensaci\u00f3n existe de que todo podr\u00eda hacerse mejor, de que falta mucho por hacer y por aprender para que salga todo perfecto.<\/p>\n<p>As\u00ed es <strong>Adrian Newey<\/strong>, siempre pesimista con los resultados de sus proyectos pero que, a la hora de presentarlos y de ponerlos en pr\u00e1ctica, suelen ser excepcionales. De ah\u00ed viene su sensaci\u00f3n de que no podr\u00e1n estar a la altura el pr\u00f3ximo a\u00f1o, aunque s\u00ed conf\u00eda en hacerlo m\u00e1s adelante. Esta manera de ver las cosas es la que frena al resto de la escuder\u00eda, al resto de un equipo convencido de que llegar\u00e1 el \u00e9xito, y con la creencia de que podr\u00eda ser el pr\u00f3ximo a\u00f1o.<\/p>\n<p>Newey exprime a Aston Martin<\/p>\n<p><a href=\"https:\/\/www.grada3.com\/2025\/10\/08\/andy-cowell-fernando-alonso-retirada\/\" target=\"_blank\" rel=\"noreferrer nofollow noopener\">Andy Cowell<\/a>, CEO de Aston Martin, ha vuelto a resaltar lo que supone trabajar al lado de <strong>Adrian Newey,<\/strong> siempre muy metido en su trabajo, con una capacidad de an\u00e1lisis y de concentraci\u00f3n que invitan, incluso, a no interrumpirle. Incluso se ha llegado a especular con que duerme en la f\u00e1brica.<\/p>\n<p>\u00abEs una persona excepcionalmente centrada, impulsada, con una cosa sola en la mente\u2026 y siempre est\u00e1 haciendo dise\u00f1os detallados en su mesa de dibujo en su oficina\u00bb.<\/p>\n<p>\u00abBueno, \u00a1todos necesitamos una cama en la f\u00e1brica! Entras para ponerte al d\u00eda con \u00e9l y ves que est\u00e1 concentrado en un dise\u00f1o detallado. Como muchos de nosotros, cuando est\u00e1s concentrado en algo, parece que est\u00e1s en trance. Y es impresionante ver c\u00f3mo se concentra en los detalles\u00bb. \u00ab\u00a1<strong>Casi que tienes que pedirle perd\u00f3n por distraerle<\/strong>!\u00bb.<\/p>\n<p>Una forma \u00fanica de entender los dise\u00f1os<\/p>\n<p>A <strong>Cowell<\/strong> le ha llamado poderosamente la atenci\u00f3n su capacidad para visualizar los coches y para plasmarlos en sus dise\u00f1os, con todo lujo de detalles, casi como si fuera dise\u00f1ado por un ordenador, en donde no se le escapa nada y todo tiene un significado que acabar\u00e1 siendo determinante para el monoplaza.<\/p>\n<p>\u00abEs incre\u00edble de ver. Su <strong>capacidad para ver la arquitectura general de un coche<\/strong>, equilibrando los sistemas que compiten, yo dir\u00eda que <strong>es el mejor en la industria<\/strong>. Pero tambi\u00e9n, su enfoque de ingenier\u00eda de los principios b\u00e1sicos es muy agudo, hay un mont\u00f3n de ingenieros mec\u00e1nicos estructurales con los que he podido hablar que dicen que su ingenier\u00eda de principios b\u00e1sicos es impresionante. La rigidez de un componente, siempre nos lo est\u00e1 recordando. As\u00ed que, s\u00ed, es un ingeniero excepcional\u00bb.<\/p>\n<p>Ha sido la gran apuesta de un <strong>Lawrence Stroll<\/strong> que lo ha cambiado todo en la escuder\u00eda brit\u00e1nica para que pueda luchar por el campeonato a partir de 2026. Hay plena confianza en que, como ha hecho siempre, puede llevar a Aston Martin a la cima de la F1. Hasta el momento, nunca ha fallado y esperan que ahora tampoco lo hace. Ahora la esperanza es que pueda hacerlo desde el pr\u00f3ximo a\u00f1o, y que <a href=\"https:\/\/www.grada3.com\/2025\/09\/20\/fernando-alonso-aprovecha-oportunidades-baku\/\" target=\"_blank\" rel=\"noreferrer nofollow noopener\">Fernando Alonso<\/a> pueda luchar por el campeonato.<\/p>\n<p><a class=\"PublisherImprintLink_container__RL6Zd title-7-medium\" href=\"https:\/\/www.grada3.com\/\" rel=\"noreferrer nofollow noopener\" target=\"_blank\"><img alt=\"\" decoding=\"async\" loading=\"lazy\" width=\"24\" height=\"24\" data-nimg=\"1\" style=\"color:transparent\"  src=\"https:\/\/image-service.onefootball.com\/transform?w=48&amp;dpr=2&amp;image=https:\/\/images.onefootball.com\/cw\/icons\/info-light.svg\"\/>View publisher imprint<\/a>Share this article<img alt=\"string\" decoding=\"async\" loading=\"lazy\" width=\"24\" height=\"24\" data-nimg=\"1\" class=\"Snackbar_iconImage__XXOz2\" style=\"color:transparent\"  src=\"https:\/\/image-service.onefootball.com\/transform?w=48&amp;dpr=2&amp;image=https:\/\/images.onefootball.com\/cw\/icons\/close-light.svg\"\/><\/p>\n","protected":false},"excerpt":{"rendered":"Adrian Newey sigue siendo la principal esperanza de Aston Martin para la pr\u00f3xima temporada. En el equipo est\u00e1n&hellip;\n","protected":false},"author":2,"featured_media":176741,"comment_status":"","ping_status":"","sticky":false,"template":"","format":"standard","meta":{"footnotes":""},"categories":[270],"tags":[168,25,24,306,271,272,23,167],"class_list":{"0":"post-176740","1":"post","2":"type-post","3":"status-publish","4":"format-standard","5":"has-post-thumbnail","7":"category-formula-1","8":"tag-deportes","9":"tag-es","10":"tag-espana","11":"tag-f1","12":"tag-formula-1","13":"tag-formula1","14":"tag-spain","15":"tag-sports"},"share_on_mastodon":{"url":"","error":""},"_links":{"self":[{"href":"https:\/\/www.europesays.com\/es\/wp-json\/wp\/v2\/posts\/176740","targetHints":{"allow":["GET"]}}],"collection":[{"href":"https:\/\/www.europesays.com\/es\/wp-json\/wp\/v2\/posts"}],"about":[{"href":"https:\/\/www.europesays.com\/es\/wp-json\/wp\/v2\/types\/post"}],"author":[{"embeddable":true,"href":"https:\/\/www.europesays.com\/es\/wp-json\/wp\/v2\/users\/2"}],"replies":[{"embeddable":true,"href":"https:\/\/www.europesays.com\/es\/wp-json\/wp\/v2\/comments?post=176740"}],"version-history":[{"count":0,"href":"https:\/\/www.europesays.com\/es\/wp-json\/wp\/v2\/posts\/176740\/revisions"}],"wp:featuredmedia":[{"embeddable":true,"href":"https:\/\/www.europesays.com\/es\/wp-json\/wp\/v2\/media\/176741"}],"wp:attachment":[{"href":"https:\/\/www.europesays.com\/es\/wp-json\/wp\/v2\/media?parent=176740"}],"wp:term":[{"taxonomy":"category","embeddable":true,"href":"https:\/\/www.europesays.com\/es\/wp-json\/wp\/v2\/categories?post=176740"},{"taxonomy":"post_tag","embeddable":true,"href":"https:\/\/www.europesays.com\/es\/wp-json\/wp\/v2\/tags?post=176740"}],"curies":[{"name":"wp","href":"https:\/\/api.w.org\/{rel}","templated":true}]}}