{"id":176763,"date":"2025-10-14T18:37:08","date_gmt":"2025-10-14T18:37:08","guid":{"rendered":"https:\/\/www.europesays.com\/es\/176763\/"},"modified":"2025-10-14T18:37:08","modified_gmt":"2025-10-14T18:37:08","slug":"powell-de-la-fed-dice-que-fin-de-la-reduccion-del-balance-puede-estar-cerca","status":"publish","type":"post","link":"https:\/\/www.europesays.com\/es\/176763\/","title":{"rendered":"Powell de la Fed dice que fin de la reducci\u00f3n del balance puede estar cerca"},"content":{"rendered":"\n<p class=\"yf-1090901\">Por Michael S. Derby<\/p>\n<p class=\"yf-1090901\">14 oct (Reuters) -El presidente de la Reserva Federal, Jerome Powell, dijo el martes que el final del largo esfuerzo del banco central para reducir el tama\u00f1o de sus tenencias, ampliamente conocido como endurecimiento cuantitativo (QT por su sigla en ingl\u00e9s), puede estar la la vista.<\/p>\n<p class=\"yf-1090901\">Dado el objetivo de la Fed de dejar suficiente liquidez en el sistema financiero para permitir un control firme de las tasas de corto plazo y la volatilidad normal del mercado monetario, Powell dijo que \u00abpodr\u00edamos acercarnos a ese punto en los pr\u00f3ximos meses, y estamos vigilando de cerca una amplia serie de indicadores\u00bb para saber si eso ha sucedido.<\/p>\n<p class=\"yf-1090901\">Sus comentarios proceden del texto de un discurso preparado para ser pronunciado ante una reuni\u00f3n celebrada por la National Association for Business Economics en Filadelfia.<\/p>\n<p class=\"yf-1090901\">\u00abHan empezado a surgir algunas se\u00f1ales de que las condiciones de liquidez se est\u00e1n endureciendo gradualmente, incluido un endurecimiento general de las tasas repo junto con presiones m\u00e1s notables, aunque temporales, en determinadas fechas\u00bb, se\u00f1al\u00f3 Powell.<\/p>\n<p class=\"yf-1090901\">El proceso QT, en marcha desde 2022, est\u00e1 dise\u00f1ado para eliminar las cantidades excesivas de liquidez que la Fed a\u00f1adi\u00f3 a los mercados financieros durante la pandemia del COVID-19.<\/p>\n<p class=\"yf-1090901\">Las compras a gran escala de bonos del Tesoro y bonos respaldados por hipotecas ten\u00edan como objetivo estabilizar los mercados y proporcionar est\u00edmulo cuando el objetivo de tasas a corto plazo de la Fed estaba en niveles cercanos a cero.<\/p>\n<p class=\"yf-1090901\">La compra de activos contribuy\u00f3 a que las tenencias de la Reserva Federal se duplicaran con creces hasta situarse en torno a los 9 billones de d\u00f3lares. Desde 2022, permitir que una cantidad fija de bonos venza y no sea reemplazada ha ayudado a reducir el balance de la Fed a 6,6 billones de d\u00f3lares.<\/p>\n<p class=\"yf-1090901\">No est\u00e1 claro hasta d\u00f3nde puede llegar la Fed con la QT, pero algunos funcionarios han dicho que sigue habiendo mucha liquidez en el sistema financiero, lo que sugiere que pueden seguir adelante con la QT sin desestabilizar los mercados monetarios.<\/p>\n<p class=\"yf-1090901\">Powell no dijo hasta qu\u00e9 punto la Fed podr\u00eda reducir sus tenencias, pero s\u00ed se\u00f1al\u00f3 que hasta ahora, \u00abla conclusi\u00f3n es que nuestro r\u00e9gimen de amplias reservas ha demostrado ser notablemente eficaz para la aplicaci\u00f3n de la pol\u00edtica monetaria y el apoyo a la estabilidad econ\u00f3mica y financiera\u00bb.<\/p>\n<p class=\"yf-1090901\">(Reporte de Michael S. Derby; editado en espa\u00f1ol por Manuel Far\u00edas)<\/p>\n","protected":false},"excerpt":{"rendered":"Por Michael S. Derby 14 oct (Reuters) -El presidente de la Reserva Federal, Jerome Powell, dijo el martes&hellip;\n","protected":false},"author":2,"featured_media":176764,"comment_status":"","ping_status":"","sticky":false,"template":"","format":"standard","meta":{"footnotes":""},"categories":[80],"tags":[24744,82,95,94,25,24,939,1845,50629,1843,23],"class_list":{"0":"post-176763","1":"post","2":"type-post","3":"status-publish","4":"format-standard","5":"has-post-thumbnail","7":"category-economia","8":"tag-bonos-del-tesoro","9":"tag-business","10":"tag-economia","11":"tag-economy","12":"tag-es","13":"tag-espana","14":"tag-fed","15":"tag-jerome-powell","16":"tag-por-michael-s-derby","17":"tag-reserva-federal","18":"tag-spain"},"share_on_mastodon":{"url":"","error":""},"_links":{"self":[{"href":"https:\/\/www.europesays.com\/es\/wp-json\/wp\/v2\/posts\/176763","targetHints":{"allow":["GET"]}}],"collection":[{"href":"https:\/\/www.europesays.com\/es\/wp-json\/wp\/v2\/posts"}],"about":[{"href":"https:\/\/www.europesays.com\/es\/wp-json\/wp\/v2\/types\/post"}],"author":[{"embeddable":true,"href":"https:\/\/www.europesays.com\/es\/wp-json\/wp\/v2\/users\/2"}],"replies":[{"embeddable":true,"href":"https:\/\/www.europesays.com\/es\/wp-json\/wp\/v2\/comments?post=176763"}],"version-history":[{"count":0,"href":"https:\/\/www.europesays.com\/es\/wp-json\/wp\/v2\/posts\/176763\/revisions"}],"wp:featuredmedia":[{"embeddable":true,"href":"https:\/\/www.europesays.com\/es\/wp-json\/wp\/v2\/media\/176764"}],"wp:attachment":[{"href":"https:\/\/www.europesays.com\/es\/wp-json\/wp\/v2\/media?parent=176763"}],"wp:term":[{"taxonomy":"category","embeddable":true,"href":"https:\/\/www.europesays.com\/es\/wp-json\/wp\/v2\/categories?post=176763"},{"taxonomy":"post_tag","embeddable":true,"href":"https:\/\/www.europesays.com\/es\/wp-json\/wp\/v2\/tags?post=176763"}],"curies":[{"name":"wp","href":"https:\/\/api.w.org\/{rel}","templated":true}]}}