{"id":176773,"date":"2025-10-14T18:42:11","date_gmt":"2025-10-14T18:42:11","guid":{"rendered":"https:\/\/www.europesays.com\/es\/176773\/"},"modified":"2025-10-14T18:42:11","modified_gmt":"2025-10-14T18:42:11","slug":"tarde-de-toros-solidaria-sevillainfo","status":"publish","type":"post","link":"https:\/\/www.europesays.com\/es\/176773\/","title":{"rendered":"Tarde de toros solidaria &#8211; SevillaInfo"},"content":{"rendered":"<p style=\"text-align: center;\">A mi amigo Jes\u00fas S\u00e1nchez Dur\u00e1n, nazareno de San Bernardo,\u00a0<\/p>\n<p style=\"text-align: center;\">en el d\u00eda uno despu\u00e9s de Jos\u00e9 Antonio Morante Camacho, el de la Puebla del R\u00edo.<\/p>\n<p>La Plaza de Toros de Sevilla, con el cartel de \u201cno hay billetes\u201d colgado en las taquillas, se convirti\u00f3 en el matadero de la Puerta de la Carne, el que se inaugur\u00f3 cuando los Reyes Cat\u00f3licos. Donde se asent\u00f3 la Escuela de Tauromaquia que fundara el rey Fernando VII all\u00e1 por 1830. Lo mismo que los bronces de Pepe Luis y Manolo en el Paseo de Col\u00f3n fueron ayer retablo de claveles rojos. Lo mismo que el tendido cinco se transform\u00f3 en el patio de la Iglesia de San Bernardo, aspidistras y macetas de helechos, en una ma\u00f1ana de Mi\u00e9rcoles Santo: los mismos rostros, las mismas miradas. <strong>No faltaba nadie, que desde el balc\u00f3n del cielo los hermanos de pareja nombrada por San Pedro<\/strong>, tambi\u00e9n estaban presentes cuando a las cinco y media, cinco y media de la tarde, sonaron los clarines en el Baratillo para que se abriera de par en par la puerta de cuadrillas.<\/p>\n<p>Son\u00f3 la m\u00fasica, el \u201cPlaza de la Maestranza\u201d de Tejera, y como una cofrad\u00eda bien formada, tras el despeje a comp\u00e1s de los alguacilillos, cruzaron el amarillo albero los toreros con sus cuadrillas, unos a pi\u00e9 y otros sobre sus jamelgos bien aderezados, los dos tiros de mulillas y los areneros. Una cofrad\u00eda por la carrera oficial del coso donde la gloria le da la mano a la muerte. Igual que el Cristo de la Salud abraza a la ciudad bajo las almenas de las murallas del Alc\u00e1zar, cuando la tarde va de vencida. Igual que cuando la Virgen del Refugio, la de los machos toreros en los respiraderos, pasea por las calles de su barrio escoltada por los pasos sordos de los artilleros.<\/p>\n<p>En uno de estos festivales <strong>organizados por la Hermandad de San Bernardo, debut\u00f3 en en la Maestranza Juan Belmonte en 1912<\/strong>, el torero trianero que naci\u00f3 en la calle Ancha de la Feria, el hijo del Quincallero, el que \u00abSupo torcer el curso de los r\u00edos, \/ someter a otras leyes a la naturaleza, \/ decirle al viento: T\u00fa de aqu\u00ed no pasas\u00ab, que dej\u00f3 escrito Aquilino Duque.<\/p>\n<p>Chirriaron los goznes del amplio port\u00f3n de chiqueros \u2014\u201cel de los sustos\u201d lo llaman\u2014 y salieron los novillos, uno a uno, para que la tarde torera tuviera sentido pleno, para que el torero los esperara junto a la bocana del burladero de matadores.\u00a0<\/p>\n<p>La\u00a0 corrida sali\u00f3 floja y con poca casta. Los novillos iban y ven\u00edan pero dec\u00edan poco. Casi nada. A excepci\u00f3n del extraordinario segundo, un casta\u00f1o de la ganader\u00eda de Domingo Hern\u00e1ndez que llevaba por nombre Galeono. <strong>Le toc\u00f3 en suerte a Alejando Talavante, el de aquel natural en los soleados terrenos de chiqueros<\/strong>, aunque aquella tarde callera el agua a manta. Y Talavante lo tore\u00f3 con el capote y con la muleta con la verdad por delante. Trapos adelantados, metidos los ri\u00f1ones, temple, despaciosidad y torer\u00eda. Hubo algunos naturales desmayados que hicieron rugir los tendidos. Lo de los cambios de mano, eternos, es que no se puede ni explicar. La m\u00fasica tratando de sonar por encima de los oles y el personal, al final, pidiendo que no lo matara. El torero miraba al palco y no hab\u00eda nada que rascar. El bruto se fue al patio del desolladero tras dar la vuelta al ruedo. Un honor. El extreme\u00f1o fue premiado con dos orejas de peso para el esport\u00f3n.<\/p>\n<p>Manuel Jes\u00fas El Cid, el de la zurda poderosa y prodigiosa, el que someti\u00f3 con un trapo las embestidas embravecidas de los c\u00e1rdenos de Victorino Mart\u00edn, fue prendido en el primero y sufri\u00f3 una cornada interna. El Cid, de las puertas del Pr\u00edncipe, mostr\u00f3 su empaque en el ruedo. El Cid, el que mejor ha manejado la muleta con la zocata de los \u00faltimos tiempos, no tuvo suerte con el novillo, pero si con su temple, que eso no se pierde. Ayer le pudimos ver poco porque su oponente no lo ayud\u00f3. Pero el que tiene la moneda la cambia cuando quiere.<\/p>\n<p>Tampoco acompa\u00f1\u00f3 la suerte a Juan Ortega y a Pablo Aguado. A los dos se les vio toreo caro que atesoran, pero muy a cuentagotas. <strong>El capote de Ortega cada vez va cogiendo m\u00e1s vuelo y el clasicismo de Aguado cada vez es m\u00e1s vertical y templado.<\/strong><\/p>\n<p>Lo mismo les ocurri\u00f3 a Zulueta y a Dom\u00ednguez. Les queda a\u00fan mucho camino por recorrer\u00a0 la senda de ambos, creemos, es la correcta.<\/p>\n<p>Y <strong>Manolo V\u00e1zquez. Apellido del arrabal, calle Ancha y Campamento. El cartucho de pescao y el cite de frente.<\/strong> Siempre con los pies juntos. Apellido que llena la historia de la torer\u00eda. Antonio Burgos escribi\u00f3, cuando muri\u00f3 Pepe Luis: \u201cQuiero decir que ha muerto quien, capote y muleta, descubri\u00f3 nuevos mundos, intactos hasta entonces: los ciertos territorios de la gracia imposible\u201d. Yo hoy quiero escribir que es imposible borrar la sangre que corre por las venas de las dinast\u00edas toreras. Que s\u00ed, que pesa mucho el apellido. Much\u00edsimo. Pero m\u00e1s pesa, a la hora de coger los trastos, la verdad del toreo veraz, de las tauromaquias a las que no le caben ni dobladillos ni medias suelas. Ayer lo intent\u00f3 por todos los medios, pero aquello no termin\u00f3 de romper ni de navegar. El novillo protestaba, ten\u00eda teclas que tocar, y tampoco iba sobrado de nada. El detalle de brindar a todos sus compa\u00f1eros de cartel y los destellos de un toreo sevillano nos siguieron alegrando la tarde, que cada dos por tres se nos asomaba una sonrisilla a la cara.<\/p>\n<p>La tarde termin\u00f3 en noche cerrada. Mi Antonio se ha estrenado en la Maestranza en una corrida a favor de las bolsas de caridad de San Bernardo y el Amor. Lo ha pasado bien. Est\u00e1 feliz. Y nosotros nos <strong>despedimos de la Plaza de Toros ante la mirada azul de los V\u00e1zquez. En frente segu\u00edan los claveles rojos a los pies de los dos hermanos.<\/strong><\/p>\n<p><a href=\"https:\/\/www.elalguacilillo.es\/\" target=\"_blank\" rel=\"noopener noreferrer nofollow\"><img loading=\"lazy\" decoding=\"async\" class=\"aligncenter wp-image-54055 size-full\" src=\"https:\/\/www.europesays.com\/es\/wp-content\/uploads\/2025\/08\/ElAlguacilillo.gif\" alt=\"\" width=\"972\" height=\"340\"\/><\/a><\/p>\n","protected":false},"excerpt":{"rendered":"A mi amigo Jes\u00fas S\u00e1nchez Dur\u00e1n, nazareno de San Bernardo,\u00a0 en el d\u00eda uno despu\u00e9s de Jos\u00e9 Antonio&hellip;\n","protected":false},"author":2,"featured_media":176774,"comment_status":"","ping_status":"","sticky":false,"template":"","format":"standard","meta":{"footnotes":""},"categories":[277],"tags":[373,168,25,24,23,167,374],"class_list":{"0":"post-176773","1":"post","2":"type-post","3":"status-publish","4":"format-standard","5":"has-post-thumbnail","7":"category-toreo","8":"tag-bullfighting","9":"tag-deportes","10":"tag-es","11":"tag-espana","12":"tag-spain","13":"tag-sports","14":"tag-toreo"},"share_on_mastodon":{"url":"","error":""},"_links":{"self":[{"href":"https:\/\/www.europesays.com\/es\/wp-json\/wp\/v2\/posts\/176773","targetHints":{"allow":["GET"]}}],"collection":[{"href":"https:\/\/www.europesays.com\/es\/wp-json\/wp\/v2\/posts"}],"about":[{"href":"https:\/\/www.europesays.com\/es\/wp-json\/wp\/v2\/types\/post"}],"author":[{"embeddable":true,"href":"https:\/\/www.europesays.com\/es\/wp-json\/wp\/v2\/users\/2"}],"replies":[{"embeddable":true,"href":"https:\/\/www.europesays.com\/es\/wp-json\/wp\/v2\/comments?post=176773"}],"version-history":[{"count":0,"href":"https:\/\/www.europesays.com\/es\/wp-json\/wp\/v2\/posts\/176773\/revisions"}],"wp:featuredmedia":[{"embeddable":true,"href":"https:\/\/www.europesays.com\/es\/wp-json\/wp\/v2\/media\/176774"}],"wp:attachment":[{"href":"https:\/\/www.europesays.com\/es\/wp-json\/wp\/v2\/media?parent=176773"}],"wp:term":[{"taxonomy":"category","embeddable":true,"href":"https:\/\/www.europesays.com\/es\/wp-json\/wp\/v2\/categories?post=176773"},{"taxonomy":"post_tag","embeddable":true,"href":"https:\/\/www.europesays.com\/es\/wp-json\/wp\/v2\/tags?post=176773"}],"curies":[{"name":"wp","href":"https:\/\/api.w.org\/{rel}","templated":true}]}}