{"id":176779,"date":"2025-10-14T18:47:08","date_gmt":"2025-10-14T18:47:08","guid":{"rendered":"https:\/\/www.europesays.com\/es\/176779\/"},"modified":"2025-10-14T18:47:08","modified_gmt":"2025-10-14T18:47:08","slug":"revelaron-los-avances-importantes-en-la-salud-de-michael-schumacher-esta","status":"publish","type":"post","link":"https:\/\/www.europesays.com\/es\/176779\/","title":{"rendered":"Revelaron los avances importantes en la salud de Michael Schumacher: Est\u00e1&#8230;"},"content":{"rendered":"<p>  \u00bfQu\u00e9 se sabe del entorno de Schumacher y su privacidad? <\/p>\n<p>Desde su accidente, <strong>Michael Schumacher vive junto a su esposa Corinna en Mallorca<\/strong>, en una finca que apenas permite acceso a familiares y amigos muy cercanos. <strong>El hermetismo familiar ha sido clave para proteger la intimidad del siete veces campe\u00f3n mundial<\/strong>, y cualquier informaci\u00f3n sobre su estado de salud se divulga con cuentagotas.<\/p>\n<p>A pesar de la limitada informaci\u00f3n, <strong>las declaraciones de L\u2019Hermitt generaron un fuerte impacto entre los fans del piloto<\/strong>, que pr\u00e1cticamente no tienen noticias desde 2013. La firma del casco, en particular, fue percibida como una se\u00f1al alentadora de que, aunque el progreso sea moderado, existen gestos de participaci\u00f3n y contacto con su entorno.<\/p>\n<p> \u00bfQu\u00e9 significa esta informaci\u00f3n para los fans y el mundo de la F1? <\/p>\n<p>Aunque las mejoras a\u00fan son limitadas, <strong>la confirmaci\u00f3n de avances concretos<\/strong> ofrece un rayo de esperanza para los seguidores del alem\u00e1n. La salud de Schumacher sigue siendo fr\u00e1gil y su comunicaci\u00f3n contin\u00faa restringida, pero <strong>estos peque\u00f1os gestos indican que hay movimientos hacia una recuperaci\u00f3n<\/strong>, aunque parcial.<\/p>\n<p>El ex piloto sigue siendo una figura emblem\u00e1tica del automovilismo mundial, y cada nueva noticia sobre su estado genera repercusi\u00f3n global. Su vida privada permanece estrictamente protegida, lo que convierte cada declaraci\u00f3n externa en una pieza clave para comprender su evoluci\u00f3n.<\/p>\n<p>En definitiva, <strong>doce a\u00f1os despu\u00e9s del accidente<\/strong>, Michael Schumacher contin\u00faa en un proceso de recuperaci\u00f3n muy reservado, pero las recientes palabras del periodista franc\u00e9s abren una ventana de esperanza: aunque no se pueda hablar de una recuperaci\u00f3n completa, <strong>hay se\u00f1ales de progreso que no se hab\u00edan documentado hasta ahora<\/strong>, manteniendo vivo el inter\u00e9s y la admiraci\u00f3n de sus seguidores.<\/p>\n","protected":false},"excerpt":{"rendered":"\u00bfQu\u00e9 se sabe del entorno de Schumacher y su privacidad? Desde su accidente, Michael Schumacher vive junto a&hellip;\n","protected":false},"author":2,"featured_media":176780,"comment_status":"","ping_status":"","sticky":false,"template":"","format":"standard","meta":{"footnotes":""},"categories":[270],"tags":[168,25,24,306,271,272,23,167],"class_list":{"0":"post-176779","1":"post","2":"type-post","3":"status-publish","4":"format-standard","5":"has-post-thumbnail","7":"category-formula-1","8":"tag-deportes","9":"tag-es","10":"tag-espana","11":"tag-f1","12":"tag-formula-1","13":"tag-formula1","14":"tag-spain","15":"tag-sports"},"share_on_mastodon":{"url":"","error":""},"_links":{"self":[{"href":"https:\/\/www.europesays.com\/es\/wp-json\/wp\/v2\/posts\/176779","targetHints":{"allow":["GET"]}}],"collection":[{"href":"https:\/\/www.europesays.com\/es\/wp-json\/wp\/v2\/posts"}],"about":[{"href":"https:\/\/www.europesays.com\/es\/wp-json\/wp\/v2\/types\/post"}],"author":[{"embeddable":true,"href":"https:\/\/www.europesays.com\/es\/wp-json\/wp\/v2\/users\/2"}],"replies":[{"embeddable":true,"href":"https:\/\/www.europesays.com\/es\/wp-json\/wp\/v2\/comments?post=176779"}],"version-history":[{"count":0,"href":"https:\/\/www.europesays.com\/es\/wp-json\/wp\/v2\/posts\/176779\/revisions"}],"wp:featuredmedia":[{"embeddable":true,"href":"https:\/\/www.europesays.com\/es\/wp-json\/wp\/v2\/media\/176780"}],"wp:attachment":[{"href":"https:\/\/www.europesays.com\/es\/wp-json\/wp\/v2\/media?parent=176779"}],"wp:term":[{"taxonomy":"category","embeddable":true,"href":"https:\/\/www.europesays.com\/es\/wp-json\/wp\/v2\/categories?post=176779"},{"taxonomy":"post_tag","embeddable":true,"href":"https:\/\/www.europesays.com\/es\/wp-json\/wp\/v2\/tags?post=176779"}],"curies":[{"name":"wp","href":"https:\/\/api.w.org\/{rel}","templated":true}]}}