{"id":176781,"date":"2025-10-14T18:48:09","date_gmt":"2025-10-14T18:48:09","guid":{"rendered":"https:\/\/www.europesays.com\/es\/176781\/"},"modified":"2025-10-14T18:48:09","modified_gmt":"2025-10-14T18:48:09","slug":"sorpresa-keita-debuta-en-euroliga-como-titular","status":"publish","type":"post","link":"https:\/\/www.europesays.com\/es\/176781\/","title":{"rendered":"\u00a1Sorpresa! Keita debuta en Euroliga como titular"},"content":{"rendered":"<p class=\"ft-text\">Sorprendente decisi\u00f3n de <strong>Pe\u00f1arroya<\/strong> en el inicio del<a class=\"ft-link ft-link--decoration\" href=\"https:\/\/www.sport.es\/es\/noticias\/barca\/baloncesto\/maccabi-tel-aviv-barca-directo-122577084\" rel=\"nofollow noopener\" target=\"_blank\"> Bar\u00e7a<\/a> ante <strong>Maccabi.<\/strong> Los blaugrana han salido con <strong>Sayon Keita<\/strong> de inicio, una de las perlas de la cantera que todav\u00eda no hab\u00eda ni debutado en Euroliga. En el primer cuarto, ya fue capaz de demostrar que puede formar parte del primer equipo y aportar desde la posici\u00f3n de p\u00edvot.<\/p>\n<p class=\"ft-text\">De hecho, Keita fue el primero en anotar en el partido. Con un mate,<strong> puso por delante a un Bar\u00e7a que empez\u00f3 de la mejor manera, con un parcial de 0-8 a favor.<\/strong> En tan solo dos minutos, ya llevaba cuatro puntos, mostrando su gran envergadura en la zona. Tambi\u00e9n rob\u00f3 un bal\u00f3n que permiti\u00f3 un contraataque que acab\u00f3 en 2+1 de Clyburn.<\/p>\n<p class=\"ft-text\">En ACB, lleva un total de seis partidos disputados con la camiseta azulgrana. Debut\u00f3 el d\u00eda siguiente a su cumplea\u00f1os,<strong> cuando celebr\u00f3 los 17 a\u00f1os<\/strong>, ante R\u00edo Breog\u00e1n. Anot\u00f3 tan solo un tiro libre. Este fin de semana jug\u00f3 contra el Baxi Manresa en la Liga U, donde tuvo una gran participaci\u00f3n: <strong>15 puntos, 4 rebotes, 4 robos y 19 de valoraci\u00f3n. <\/strong><\/p>\n","protected":false},"excerpt":{"rendered":"Sorprendente decisi\u00f3n de Pe\u00f1arroya en el inicio del Bar\u00e7a ante Maccabi. Los blaugrana han salido con Sayon Keita&hellip;\n","protected":false},"author":2,"featured_media":176782,"comment_status":"","ping_status":"","sticky":false,"template":"","format":"standard","meta":{"footnotes":""},"categories":[269],"tags":[299,2296,298,168,25,24,833,19946,23,167],"class_list":{"0":"post-176781","1":"post","2":"type-post","3":"status-publish","4":"format-standard","5":"has-post-thumbnail","7":"category-baloncesto","8":"tag-baloncesto","9":"tag-barca","10":"tag-basketball","11":"tag-deportes","12":"tag-es","13":"tag-espana","14":"tag-euroliga","15":"tag-keita","16":"tag-spain","17":"tag-sports"},"share_on_mastodon":{"url":"","error":""},"_links":{"self":[{"href":"https:\/\/www.europesays.com\/es\/wp-json\/wp\/v2\/posts\/176781","targetHints":{"allow":["GET"]}}],"collection":[{"href":"https:\/\/www.europesays.com\/es\/wp-json\/wp\/v2\/posts"}],"about":[{"href":"https:\/\/www.europesays.com\/es\/wp-json\/wp\/v2\/types\/post"}],"author":[{"embeddable":true,"href":"https:\/\/www.europesays.com\/es\/wp-json\/wp\/v2\/users\/2"}],"replies":[{"embeddable":true,"href":"https:\/\/www.europesays.com\/es\/wp-json\/wp\/v2\/comments?post=176781"}],"version-history":[{"count":0,"href":"https:\/\/www.europesays.com\/es\/wp-json\/wp\/v2\/posts\/176781\/revisions"}],"wp:featuredmedia":[{"embeddable":true,"href":"https:\/\/www.europesays.com\/es\/wp-json\/wp\/v2\/media\/176782"}],"wp:attachment":[{"href":"https:\/\/www.europesays.com\/es\/wp-json\/wp\/v2\/media?parent=176781"}],"wp:term":[{"taxonomy":"category","embeddable":true,"href":"https:\/\/www.europesays.com\/es\/wp-json\/wp\/v2\/categories?post=176781"},{"taxonomy":"post_tag","embeddable":true,"href":"https:\/\/www.europesays.com\/es\/wp-json\/wp\/v2\/tags?post=176781"}],"curies":[{"name":"wp","href":"https:\/\/api.w.org\/{rel}","templated":true}]}}