{"id":176785,"date":"2025-10-14T18:50:08","date_gmt":"2025-10-14T18:50:08","guid":{"rendered":"https:\/\/www.europesays.com\/es\/176785\/"},"modified":"2025-10-14T18:50:08","modified_gmt":"2025-10-14T18:50:08","slug":"belen-esteban-vuelve-a-verse-las-caras-con-tono-sanchis","status":"publish","type":"post","link":"https:\/\/www.europesays.com\/es\/176785\/","title":{"rendered":"Bel\u00e9n Esteban vuelve a verse las caras con To\u00f1o Sanch\u00eds"},"content":{"rendered":"<p class=\"v-mdl-ath__p v-mdl-ath__p--6\">\nMartes, 14 de octubre 2025, 15:16<\/p>\n<p class=\"v-p\">Esta semana ha comenzado en la Secci\u00f3n Cuarta de la Audiencia Provincial de Madrid el juicio penal contra To\u00f1o Sanch\u00eds, exrepresentante de Bel\u00e9n Esteban, por apropiaci\u00f3n ilegal de m\u00e1s de 300.000 euros de la madrile\u00f1a. La colaboradora de televisi\u00f3n llegaba aferrada a la mano de su marido, Miguel Marcos, a la primera sesi\u00f3n celebrada el pasado lunes. \u00abYo estoy tranquila porque yo cuento la verdad. No cada uno la verdad, no, cuento la verdad y creo que en los otros juicios se ha demostrado\u00bb, expresaba ante los medios de comunicaci\u00f3n. Por su parte, To\u00f1o acced\u00eda a la audiencia acompa\u00f1ado de su abogado, proyectando una imagen relajada. <\/p>\n<p class=\"v-p\">Durante la primera jornada se pudo escuchar el testimonio de las dos partes. El relato de Bel\u00e9n que se escuch\u00f3 en sala lo conocemos desde hace una d\u00e9cada, cuando la amistad entre representante y representada salt\u00f3 por los aires. \u00abLe quer\u00eda como parte de mi familia\u00bb, record\u00f3 Bel\u00e9n que asegur\u00f3 que ella hab\u00eda depositado en \u00e9l su confianza al cien por cien ya que eran grandes amigos, tanto que lleg\u00f3 a incluirlo en su testamento. <\/p>\n<p class=\"v-p\">Y es que hubo un tiempo en el que &#8216;la patrona&#8217; (antes, princesa del pueblo) estaba profundamente unida profesional y personalmente a su representante, no hab\u00eda evento o fiesta que se preciara en al que no llegaran juntos. Su confianza fue tal que se extendi\u00f3 a otros compa\u00f1eros de profesi\u00f3n y To\u00f1o se convirti\u00f3 en el representante por excelencia del universo &#8216;S\u00e1lvame&#8217; con Terelu Campos, \u00c1lvaro Mu\u00f1oz Escassi o Ylenia Padilla entre sus clientes. <\/p>\n<p class=\"v-p\">Fue en 2015, despu\u00e9s de salir de &#8216;Gran Hermano Vip&#8217; cuando una persona puso sobre aviso a Bel\u00e9n. \u00abAqu\u00ed pasa algo\u00bb, le dijo. Entonces, la de Paracuellos pidi\u00f3 explicaciones y al no recibirlas, se puso directamente en contacto con las productoras para revisar cada contrato. As\u00ed, pudo comprobar que To\u00f1o, lejos de percibir el 20% acordado \u00abse llevaba el 30% o el 40%\u00bb, incluso \u00abel 85%\u00bb, cont\u00f3 a la revista &#8216;Lecturas&#8217;. <\/p>\n<p class=\"v-p\">La versi\u00f3n de To\u00f1o es que \u00e9l no firm\u00f3 personalmente el mencionado contrato. Adem\u00e1s, se ha escudado en que ya fue condenado a entregarle una casa. Un inmueble que, seg\u00fan ha especificado Bel\u00e9n, dej\u00f3 destrozada y con una hipoteca de 260.000 euros. <\/p>\n<p class=\"v-p\">Antes de este proceso, la justicia ya hab\u00eda dado la raz\u00f3n a Bel\u00e9n en un proceso civil por el que To\u00f1o fue condenado a pagar 388.868 a su exrepresentada. Sin embargo, hasta el momento ha abonado menos de 50.000, lo que llev\u00f3 a la colaboradora a plantearse la v\u00eda penal. <\/p>\n<p class=\"v-p\">El pasado viernes, la Fiscal\u00eda anunciaba que pide a Sanch\u00eds tres a\u00f1os y medio de c\u00e1rcel por un delito continuado de apropiaci\u00f3n indebida entre 2009 y 2015. Adem\u00e1s, solicita que la empresa de Sanch\u00eds indemnice a la de Esteban con casi 340.000 euros (la parte obtenida ilegalmente) m\u00e1s una multa de 3.600 euros. <\/p>\n<p class=\"v-p\">En su escrito, el Ministerio P\u00fablico se\u00f1ala que la empresa participada por To\u00f1o al 50%, Agencia de Servicios Lorant S.L., representaba a Bel\u00e9n de manera exclusiva para Espa\u00f1a y el mundo, por lo que recib\u00eda los pagos por los trabajos de su clienta. Luego, la empresa de Bel\u00e9n, Bem Imaging S.L., recib\u00eda el pago previa emisi\u00f3n de unas facturas que hac\u00eda el propio acusado \u00abpor la confianza existente entre las partes\u00bb. To\u00f1o habr\u00eda aprovechado esta situaci\u00f3n para, presuntamente, \u00abobtener un il\u00edcito enriquecimiento patrimonial\u00bb. <\/p>\n<p class=\"v-p\">Desde el inicio de este enfrentamiento, la colaboradora de televisi\u00f3n dej\u00f3 claro que har\u00eda todo lo que estuviera en su mano para recuperar hasta el \u00faltimo c\u00e9ntimo y este juicio es una prueba m\u00e1s de que est\u00e1 decidida a llegar hasta el final. <\/p>\n<p>Reporta un error<\/p>\n","protected":false},"excerpt":{"rendered":"Martes, 14 de octubre 2025, 15:16 Esta semana ha comenzado en la Secci\u00f3n Cuarta de la Audiencia Provincial&hellip;\n","protected":false},"author":2,"featured_media":176786,"comment_status":"","ping_status":"","sticky":false,"template":"","format":"standard","meta":{"footnotes":""},"categories":[174],"tags":[3848,3160,255,146,147,25,24,16142,256,49027,23,12206,11535,739],"class_list":{"0":"post-176785","1":"post","2":"type-post","3":"status-publish","4":"format-standard","5":"has-post-thumbnail","7":"category-famosos","8":"tag-belen","9":"tag-caras","10":"tag-celebrities","11":"tag-entertainment","12":"tag-entretenimiento","13":"tag-es","14":"tag-espana","15":"tag-esteban","16":"tag-famosos","17":"tag-sanchis","18":"tag-spain","19":"tag-tono","20":"tag-verse","21":"tag-vuelve"},"share_on_mastodon":{"url":"","error":""},"_links":{"self":[{"href":"https:\/\/www.europesays.com\/es\/wp-json\/wp\/v2\/posts\/176785","targetHints":{"allow":["GET"]}}],"collection":[{"href":"https:\/\/www.europesays.com\/es\/wp-json\/wp\/v2\/posts"}],"about":[{"href":"https:\/\/www.europesays.com\/es\/wp-json\/wp\/v2\/types\/post"}],"author":[{"embeddable":true,"href":"https:\/\/www.europesays.com\/es\/wp-json\/wp\/v2\/users\/2"}],"replies":[{"embeddable":true,"href":"https:\/\/www.europesays.com\/es\/wp-json\/wp\/v2\/comments?post=176785"}],"version-history":[{"count":0,"href":"https:\/\/www.europesays.com\/es\/wp-json\/wp\/v2\/posts\/176785\/revisions"}],"wp:featuredmedia":[{"embeddable":true,"href":"https:\/\/www.europesays.com\/es\/wp-json\/wp\/v2\/media\/176786"}],"wp:attachment":[{"href":"https:\/\/www.europesays.com\/es\/wp-json\/wp\/v2\/media?parent=176785"}],"wp:term":[{"taxonomy":"category","embeddable":true,"href":"https:\/\/www.europesays.com\/es\/wp-json\/wp\/v2\/categories?post=176785"},{"taxonomy":"post_tag","embeddable":true,"href":"https:\/\/www.europesays.com\/es\/wp-json\/wp\/v2\/tags?post=176785"}],"curies":[{"name":"wp","href":"https:\/\/api.w.org\/{rel}","templated":true}]}}