{"id":176799,"date":"2025-10-14T18:58:08","date_gmt":"2025-10-14T18:58:08","guid":{"rendered":"https:\/\/www.europesays.com\/es\/176799\/"},"modified":"2025-10-14T18:58:08","modified_gmt":"2025-10-14T18:58:08","slug":"avance-de-la-promesa-capitulo-697-del-miercoles-15-de-octubre-leocadia-recurre-a-curro-para-intentar-casar-a-angela-con-beltran-el-mundo","status":"publish","type":"post","link":"https:\/\/www.europesays.com\/es\/176799\/","title":{"rendered":"Avance de &#039;La Promesa&#039;, cap\u00edtulo 697 del mi\u00e9rcoles 15 de octubre: Leocadia recurre a Curro para intentar casar a \u00c1ngela con Beltr\u00e1n &#8211; El Mundo"},"content":{"rendered":"<ol>\n<li><a href=\"https:\/\/news.google.com\/rss\/articles\/CBMiiAFBVV95cUxNYUtKMk9EMXRiS0VzejlLRHM0RE5ZOUxCUTE5bVVZSEJqVUdLSGdkOXRlNXVWZURkRUswQWk2b2Z3aUwzc0ttWWs5LWlnNGFQUXNnQkZmLXNvU0pySGc0d04tUGw5dUZzWUQ1aTFkUC1XaTl5dDRHNlNpREVMSnRCR0wzS25pUnpG0gGIAUFVX3lxTE1fZjh4UEVPRWttM0dmQmRTRGJTSFFRR21JM1FkM3Q3azg5YUl0WnBMVy01S3FkQ1EtQ0VQblNnNGRaektiWmlnbHZiUXo2elBnM0ZMTWVQWFc3eTczcjhVNXU1bWdJeGpRTk9iODZSNmh3aWZ3MjlDTnZLQlFMQ3M4a3NUOFFiTmk?oc=5\" target=\"_blank\" rel=\"nofollow noopener\">Avance de &#8216;La Promesa&#8217;, cap\u00edtulo 697 del mi\u00e9rcoles 15 de octubre: Leocadia recurre a Curro para intentar casar a \u00c1ngela con Beltr\u00e1n<\/a>&nbsp;&nbsp;El Mundo<\/li>\n<li><a href=\"https:\/\/news.google.com\/rss\/articles\/CBMiwAFBVV95cUxOODRZTVBNOUx6SldGd1dzVFlJVGs0N0FRMUxKeUpmdDU3b25CR19sS3AwQjBpZGM1b0ZPQzZBLXQ3cGY2dlo1OVluSVZHV050MHV3ZG5Bc3ZSX0xTeGhseTRRYlBHa2VPNUliSi1yNUhNVGFYR3pQZ0U3azNlcW1qWFcyUndwMk9OUll0dkpxSkJvUEV1eGZ1bFBvSHFFV0QxMnVRZ1VHWEplRy1rVVZLYVkxWkQzTmVqSHoxdTh6QkrSAcYBQVVfeXFMT3dUcGNKTjdBcGdDYTBBYVI0UEpPSnBrN282alR1QWJCTGZyeHhfcmt0QUYxWmUwOGJTdS1BT2lTQkc3dkVuMW8yaFR1U3RIRXkySmVWY2hPZTRrX0gtcThPc19IZ1N6MGRlZTQyQy01S0JxUGF0ZEoxbnE0TlNjM1hMNTltamtHc0NkM1kxbHJBRUVzdW5jQmx2STVPbndjOGVSY1hqbkh3U0dsem5BX0pFQzE5OC1aN3g0YUI0cFFCaXJGUElB?oc=5\" target=\"_blank\" rel=\"nofollow noopener\">Avance del cap\u00edtulo 697 de &#8216;La Promesa&#8217; del mi\u00e9rcoles, 15 de octubre: la esperada carta de Catalina<\/a>&nbsp;&nbsp;El Confidencial<\/li>\n<li><a href=\"https:\/\/news.google.com\/rss\/articles\/CBMi7AFBVV95cUxPN2o0c05LNkhvYU9GT21KWmdVVndTN0FtbjRrLXk2bWJDUlRoZHRrTUFuMy1JNHp2RGs1eUNlSHBGUWpuYzV2NFVSOUVBbE1qYlh5ZE9XZFc1c2h5TVpaNnJpR0Zub3A1d3Ewd2NtTzNtNmhMZFI1QllEdmdsZEZlNFgxRElrN21oMVBUeUJlYVVoVGppVDNJeEozWk9DTmEyOXVUSGo2a3gwOHFKVGxTaUFJa0dETmRRajNsUHY0ckQzSU80Nnk2TG9IMjRZdUNOVWROQWhvWnRXazFiYzZSNlRzY3FXNnFvMERSLdIBgAJBVV95cUxQbFRxUUhuRDJoOEZ6cnkxZ0ozQnRHWWwzbUg5ZTRyemZBZFAzendjaldEeWJvNGZOYk03LS1uNEhDXzRHTVBwVnQ0X01rZnM0bnZ1Sk1SUzI2dWhwaVdEOHJfajg5RE83OVR4VGoySnJxVFEwbDFaZkdnN1JuYlJkMWVyai1HV2h3QWJYaVhwYzBuT1FRTE0zcG1SSEJWelg5ZHJjRVJWQ3VaZUpldXlLbUVuazlJZHhNSmRBU0NuanRtdjhGcW5vWmEtWWtOa1VES0pSdWR0MGs5NzV1MllTak13Q0FSYlJZYzlXb3RPZWp4VDZTYy1LZGZrRTBXVzVu?oc=5\" target=\"_blank\" rel=\"nofollow noopener\">\u00abLa Promesa\u00bb se descontrola: secretos, desapariciones y un sacrificio que lo puede cambiar todo<\/a>&nbsp;&nbsp;La Raz\u00f3n<\/li>\n<li><a href=\"https:\/\/news.google.com\/rss\/articles\/CBMipwFBVV95cUxQUXRZbElyd2tRT0dCVzBodE5aNUlqYkU1S2Q3cHBTaU9wMC1iNjUtcE9Fb05seWVud3F4Q1Y3X3YyQWIxa2J1NHZwVnF2VVNWNEZ5TnNOSnk2S2Mxb3pBRVdYSzdXcFhxSDhvTy16U0NOdkFTODhFUFFRV3VLSnNKaDhnVEhCT05Sd1dfUGU2dU40enlPR29hb3hTdUVaQWwzdG1felBhNA?oc=5\" target=\"_blank\" rel=\"nofollow noopener\">Avance del cap\u00edtulo 695 de &#8216;La Promesa&#8217;: \u00bfQui\u00e9n est\u00e1 tras el tel\u00e9fono?<\/a>&nbsp;&nbsp;La Vanguardia<\/li>\n<li><a href=\"https:\/\/news.google.com\/rss\/articles\/CBMi2gFBVV95cUxPTUlodjIxVlk3WEpXaFZ4QTA2Yy04d3ctVEFJRTBUc3J5MDIzQWlteXc0cks3NURZQzdjVHBJd3F5U0VhLVRpTE16Y3JMbnJZczlCdUVNRHNoNUVsZWFlMHNlZHo1a0MzOVljRU55VEJha2pJOXhZRC1SQmVWQzZhZGhBbmxpc3F1al9ackRFcXRDbTlMeWdjQ1kwVXNaWmYwYmNMNlNZOWVZcy1ZbVIwOHpBNExVRmJOQ1ZVbE9BQ1RNbGgwRmduWXQzSG11Q0ZzWlFGejBYNWxaZ9IB7gFBVV95cUxNVkZnRE1VbldTNTVCNHJoN2NOeHRsMXFQekpwV0o1dkZ6VDdrWm1HeEVQSmotMGpyV1QxeE5hVkUwUWFnMzg4eU5saFJkUDhVLUs0M3lWOG1nU3NyZDZsd1dON2hBeEZ1WkJfY0dFbTRIbUVrWDJnX3Q5VndBRkI1VUtZZEFXNVpnNk9QWndrcW9yeC1OS1VRal9FZS1HU0JQeHlBZGxHSjFGYUZzMGlwQW8zQzRJeTBaQkEyWElyeXZYbUowSEdsS292Vy01TmRwSk1SNVlOME94RzZYLUlmdFJDR2ZVaUQ1OXExaEV3?oc=5\" target=\"_blank\" rel=\"nofollow noopener\">Avance semanal de La Promesa entre e 13 y el 17 de octubre: Leocadia no se detiene en su plan para casar a \u00c1ngela<\/a>&nbsp;&nbsp;LOS40<\/li>\n<\/ol>\n","protected":false},"excerpt":{"rendered":"Avance de &#8216;La Promesa&#8217;, cap\u00edtulo 697 del mi\u00e9rcoles 15 de octubre: Leocadia recurre a Curro para intentar casar&hellip;\n","protected":false},"author":2,"featured_media":176800,"comment_status":"","ping_status":"","sticky":false,"template":"","format":"standard","meta":{"footnotes":""},"categories":[91],"tags":[11030,146,147,25,24,11031,805,23,807,11029,6761],"class_list":{"0":"post-176799","1":"post","2":"type-post","3":"status-publish","4":"format-standard","5":"has-post-thumbnail","7":"category-entretenimiento","8":"tag-cineseries","9":"tag-entertainment","10":"tag-entretenimiento","11":"tag-es","12":"tag-espana","13":"tag-la-promesa","14":"tag-series","15":"tag-spain","16":"tag-television","17":"tag-television-series","18":"tag-tresb"},"share_on_mastodon":{"url":"","error":""},"_links":{"self":[{"href":"https:\/\/www.europesays.com\/es\/wp-json\/wp\/v2\/posts\/176799","targetHints":{"allow":["GET"]}}],"collection":[{"href":"https:\/\/www.europesays.com\/es\/wp-json\/wp\/v2\/posts"}],"about":[{"href":"https:\/\/www.europesays.com\/es\/wp-json\/wp\/v2\/types\/post"}],"author":[{"embeddable":true,"href":"https:\/\/www.europesays.com\/es\/wp-json\/wp\/v2\/users\/2"}],"replies":[{"embeddable":true,"href":"https:\/\/www.europesays.com\/es\/wp-json\/wp\/v2\/comments?post=176799"}],"version-history":[{"count":0,"href":"https:\/\/www.europesays.com\/es\/wp-json\/wp\/v2\/posts\/176799\/revisions"}],"wp:featuredmedia":[{"embeddable":true,"href":"https:\/\/www.europesays.com\/es\/wp-json\/wp\/v2\/media\/176800"}],"wp:attachment":[{"href":"https:\/\/www.europesays.com\/es\/wp-json\/wp\/v2\/media?parent=176799"}],"wp:term":[{"taxonomy":"category","embeddable":true,"href":"https:\/\/www.europesays.com\/es\/wp-json\/wp\/v2\/categories?post=176799"},{"taxonomy":"post_tag","embeddable":true,"href":"https:\/\/www.europesays.com\/es\/wp-json\/wp\/v2\/tags?post=176799"}],"curies":[{"name":"wp","href":"https:\/\/api.w.org\/{rel}","templated":true}]}}