{"id":176803,"date":"2025-10-14T19:00:08","date_gmt":"2025-10-14T19:00:08","guid":{"rendered":"https:\/\/www.europesays.com\/es\/176803\/"},"modified":"2025-10-14T19:00:08","modified_gmt":"2025-10-14T19:00:08","slug":"la-espanola-viscofan-se-hunde-un-13-en-bolsa-tras-las-acusaciones-de-un-medio-de-contaminacion-ambiental-en-ee-uu","status":"publish","type":"post","link":"https:\/\/www.europesays.com\/es\/176803\/","title":{"rendered":"La espa\u00f1ola Viscofan se hunde un 13% en bolsa tras las acusaciones de un medio de contaminaci\u00f3n ambiental en EE.UU."},"content":{"rendered":"<p style=\"\">Las <a href=\"https:\/\/www.abc.es\/espana\/navarra\/abci-viscofan-aumenta-presupuesto-sostenibilidad-202107140939_noticia.html\" title=\"www.abc.es\" data-voc-vtm-id=\"in-text-traffic\" data-mrf-link=\"www.abc.es\" rel=\"nofollow noopener\" target=\"_blank\">acciones de Viscofan <\/a>han cerrado la sesi\u00f3n de este martes con un desplome del 13,24% en Bolsa, despu\u00e9s de la publicaci\u00f3n de un reportaje en el medio de comunicaci\u00f3n norteamericano Hunterbrook Media que denuncia la situaci\u00f3n de su f\u00e1brica en Danville, Illinois (Estados  &#8230; Unidos), que pasa por la contaminaci\u00f3n ambiental, impacto negativo en la salud, pr\u00e1cticas laborales peligrosas y ausencia de protecci\u00f3n sindical.<\/p>\n<p class=\"voc-p\" style=\"\">Viscofan ha negado \u00abcateg\u00f3ricamente\u00bb las acusaciones realizadas por dicho medio<strong> sobre incumplimientos medioambientales en la planta de Viscofan en Danville que da\u00f1en la salud<\/strong> de sus trabajadores o del entorno, seg\u00fan ha explicado a la Comisi\u00f3n Nacional del Mercado de Valores (CNMV).<\/p>\n<p class=\"voc-p\" style=\"\">\u00abLa planta de Viscofan en Danville cumple con estrictas medidas medioambientales, que son monitoreadas regularmente por la Administraci\u00f3n americana, no habi\u00e9ndose reportado incumplimientos graves en esta materia\u00bb, ha asegurado la compa\u00f1\u00eda navarra.<\/p>\n<p class=\"voc-p\" style=\"\">Viscofan ha subrayado que tiene una \u00abs\u00f3lida\u00bb trayectoria en Estados Unidos, con m\u00e1s de treinta a\u00f1os vendiendo y produciendo envolturas en este pa\u00eds.<\/p>\n<p class=\"voc-p\" style=\"\">\u00abEstamos muy orgullosos de las<strong> cerca de 600 personas que trabajan diariamente en nuestras instalaciones<\/strong> en Danville, Nueva Jersey y Montgomery, cumpliendo con estrictos est\u00e1ndares locales e internacionales de calidad, seguridad y bienestar de los empleados\u00ab, ha se\u00f1alado el grupo.<\/p>\n<p>\nGarantizan un entorno laboral seguro\n<\/p>\n<p class=\"voc-p\" style=\"\">Viscofan ha subrayado que sus pol\u00edticas medioambientales y de seguridad constituyen pilares de su modelo de negocio y ha garantizado entornos laborales seguros y transparentes, as\u00ed como un <strong>compromiso constante con la excelencia operativa <\/strong>y la protecci\u00f3n de sus equipos. En este sentido, ha se\u00f1alado que la informaci\u00f3n auditada que publica anualmente aborda \u00abmuchas de las preocupaciones\u00bb mencionadas.<\/p>\n<p class=\"voc-p\" style=\"\">En este contexto, las acciones de la compa\u00f1\u00eda han culminado la sesi\u00f3n con una <strong>ca\u00edda del 13,24%, la mayor registrada desde junio de 2022,<\/strong> hasta marcar un precio de 51,1 euros.<\/p>\n<p class=\"voc-p\" style=\"\">En lo que va de a\u00f1o, la compa\u00f1\u00eda se ha dejado un 16,23%, con una capitalizaci\u00f3n burs\u00e1til de 2.375 millones de euros.<\/p>\n<p>\nLa f\u00e1brica de tripas de salchicas\n<\/p>\n<p class=\"voc-p\" style=\"\">\u00abA medida que las enfermedades se propagan y los nombres de antiguos empleados llenan las p\u00e1ginas de obituarios, los residentes de Danville que rodean la f\u00e1brica de tripas de salchicha de Viscofan se preguntan: \u00bfPor qu\u00e9 sigue aqu\u00ed esta planta?\u00bb, recoge el reportaje de Hunterbrook Media.<\/p>\n<p class=\"voc-p\" style=\"\">Seg\u00fan la investigaci\u00f3n, Hunterbrook identific\u00f3 a cerca de dos docenas de exempleados que han desarrollado c\u00e1ncer, parkinson,<strong> enfermedades cardiovasculares y otras afecciones graves<\/strong> tras trabajar en la planta.<\/p>\n<p class=\"voc-p\" style=\"\">En el reportaje, que tambi\u00e9n revela que la compa\u00f1\u00eda retir\u00f3 la protecci\u00f3n sindical local, un inspector de la Agencia de Protecci\u00f3n Medioambiental (EPA) calific\u00f3 la instalaci\u00f3n como \u00abun vertedero de residuos peligrosos sin permiso, sin ninguno de los requisitos de ingenier\u00eda de un vertedero real\u00bb. Seg\u00fan el informe, \u00abla planta de Viscofan en Danville ha violado la Ley de Aire Limpio en siete de los \u00faltimos doce trimestres, y cada uno de ellos fue marcado como &#8216;prioridad alta&#8217;\u00bb.<\/p>\n","protected":false},"excerpt":{"rendered":"Las acciones de Viscofan han cerrado la sesi\u00f3n de este martes con un desplome del 13,24% en Bolsa,&hellip;\n","protected":false},"author":2,"featured_media":176804,"comment_status":"","ping_status":"","sticky":false,"template":"","format":"standard","meta":{"footnotes":""},"categories":[80],"tags":[11931,7829,2300,82,1291,95,94,115,25,24,2501,20719,697,23,575,50636],"class_list":{"0":"post-176803","1":"post","2":"type-post","3":"status-publish","4":"format-standard","5":"has-post-thumbnail","7":"category-economia","8":"tag-acusaciones","9":"tag-ambiental","10":"tag-bolsa","11":"tag-business","12":"tag-contaminacion","13":"tag-economia","14":"tag-economy","15":"tag-eeuu","16":"tag-es","17":"tag-espana","18":"tag-espanola","19":"tag-hunde","20":"tag-medio","21":"tag-spain","22":"tag-tras","23":"tag-viscofan"},"share_on_mastodon":{"url":"","error":""},"_links":{"self":[{"href":"https:\/\/www.europesays.com\/es\/wp-json\/wp\/v2\/posts\/176803","targetHints":{"allow":["GET"]}}],"collection":[{"href":"https:\/\/www.europesays.com\/es\/wp-json\/wp\/v2\/posts"}],"about":[{"href":"https:\/\/www.europesays.com\/es\/wp-json\/wp\/v2\/types\/post"}],"author":[{"embeddable":true,"href":"https:\/\/www.europesays.com\/es\/wp-json\/wp\/v2\/users\/2"}],"replies":[{"embeddable":true,"href":"https:\/\/www.europesays.com\/es\/wp-json\/wp\/v2\/comments?post=176803"}],"version-history":[{"count":0,"href":"https:\/\/www.europesays.com\/es\/wp-json\/wp\/v2\/posts\/176803\/revisions"}],"wp:featuredmedia":[{"embeddable":true,"href":"https:\/\/www.europesays.com\/es\/wp-json\/wp\/v2\/media\/176804"}],"wp:attachment":[{"href":"https:\/\/www.europesays.com\/es\/wp-json\/wp\/v2\/media?parent=176803"}],"wp:term":[{"taxonomy":"category","embeddable":true,"href":"https:\/\/www.europesays.com\/es\/wp-json\/wp\/v2\/categories?post=176803"},{"taxonomy":"post_tag","embeddable":true,"href":"https:\/\/www.europesays.com\/es\/wp-json\/wp\/v2\/tags?post=176803"}],"curies":[{"name":"wp","href":"https:\/\/api.w.org\/{rel}","templated":true}]}}