{"id":176811,"date":"2025-10-14T19:04:10","date_gmt":"2025-10-14T19:04:10","guid":{"rendered":"https:\/\/www.europesays.com\/es\/176811\/"},"modified":"2025-10-14T19:04:10","modified_gmt":"2025-10-14T19:04:10","slug":"el-valor-de-la-cantera-en-el-replasa-beti-onak","status":"publish","type":"post","link":"https:\/\/www.europesays.com\/es\/176811\/","title":{"rendered":"El valor de la cantera en el Replasa Beti Onak"},"content":{"rendered":"<p>\n        Cualquiera que se acerque a un partido del <a href=\"https:\/\/www.noticiasdenavarra.com\/tags\/replasa-beti-onak\/\" title=\"Replasa Beti Onak\" target=\"_blank\" class=\"link copy\" rel=\"nofollow noopener\">Replasa Beti Onak <\/a>en el <strong>Hermanos Indur\u00e1in <\/strong>comprobar\u00e1 c\u00f3mo en los descansos la pista se llena <strong>de ni\u00f1os y de ni\u00f1as<\/strong> que se lanzan a jugar con un bal\u00f3n en la mano aprovechando la marcha de las jugadoras a los vestuarios. Muchos de ellos y de ellas son <strong>integrantes de la cantera verdinegra<\/strong>. Peque\u00f1as promesas que, en un futuro, sobre todo cuando se trata de chicas,<strong> sue\u00f1an con vestir la camiseta <\/strong>de su club en lo m\u00e1s alto del balonmano. Y una cosa est\u00e1 clara: <strong>pueden conseguirl<\/strong>o.\n<\/p>\n<p class=\"article-body__text \">\n        No tienen m\u00e1s que fijarse en nombres como los de <strong>Ane Zalguizuri, Leire Zarranz, Saioa Garc\u00eda, Alaitz Ripa, Silvia Gil o Sara Tard\u00edo<\/strong>. Jugadoras que pertenecen a las plantillas de Divisi\u00f3n de Honor Plata o incluso juveniles, a las que este a\u00f1o les ha tocado dar <strong>un paso adelante<\/strong> como consecuencia de la plaga de lesiones que ha golpeado al equipo de la<a href=\"https:\/\/www.noticiasdenavarra.com\/tags\/liga-guerreras-iberdrola\/\" title=\"Liga Guerreras Iberdrola\" target=\"_blank\" class=\"link copy\" rel=\"nofollow noopener\"> Liga Guerreras Iberdrola<\/a> en este primer tramo de Liga. Jugadoras que han tenido sus minutos en los partidos del Replasa Beti Onak,<strong> incluida la competici\u00f3n europea<\/strong>, y cuyo papel est\u00e1 siendo fundamental para que el conjunto de <strong>Miguel Etxeberria<\/strong> se haya ido al actual par\u00f3n con <strong>siete de diez puntos <\/strong>en la Liga y habiendo superado su primera eliminatoria continental.\n<\/p>\n<p class=\"article-body__text \">\n        Porque en la temporada de las cuatro competiciones <strong>\u2013Liga, Supercopa Ib\u00e9rica, EHF European Cup y Copa de la Reina\u2013<\/strong>, la cantera est\u00e1 resultando visible y un pilar fundamental. En todas las convocatorias de los partidos oficiales sus nombres han estado presentes, a excepci\u00f3n de la vuelta europea en Polonia ante el HC Galychanka Lviv. Una lista en la que, no obstante, estaba la internacional j\u00fanior<strong> Libe Arruabarrena<\/strong> que, si bien tiene ficha de Plata, su presencia es m\u00e1s activa en el primer equipo.\u00a0\n<\/p>\n<p class=\"article-photo__footer\">\n            Saioa Garc\u00eda, en el partido ante el Rocasa Gran Canaria en el que defendi\u00f3 la porter\u00eda del Beti.            Javier Bergasa        <\/p>\n<p class=\"article-body__text \">\n        La \u00faltima en debutar a las \u00f3rdenes de Miguel Etxeberria ha sido la portera <strong>Saioa Garc\u00eda<\/strong>, que sustitu\u00eda en la convocatoria ante el Rocasa Gran Canaria a <strong>la capitana Olaia Luzuriaga<\/strong>. Antes lo hicieron Alaitz Ripa, Sara Tard\u00edo o Leire Zarranz, mientras que Ane Zalguizuri y Silvia Gil ya se estrenaron la temporada pasada junto a otras jugadoras como<strong> Clara Arrasate o Idoia Ainciburu.<\/strong>\n<\/p>\n<p>  Imanol Sanz: \u00abEs algo normal\u00bb<\/p>\n<p class=\"article-body__text \">\n        A todas estas jugadoras conoce muy bien <strong>Imanol Sanz<\/strong>, segundo entrenador del Replasa Beti Onak, t\u00e9cnico <strong>del equipo de Plata<\/strong> y adem\u00e1s <strong>seleccionador infantil femenino<\/strong>. Y, cuando se trata de la cantera, tiene algo claro: \u201cNosotros lo vemos como algo normal. No es de ahora <strong>el trabajo que se hace <\/strong>en el Beti Onak con la base. En los cuatro a\u00f1os que llevamos en la m\u00e1xima categor\u00eda siempre ha habido alguna canterana que ha estado en la din\u00e1mica del primer equipo, que ha debutado incluso. Pero con nosotras<strong> trabajan todos los d\u00edas haya lesiones o no<\/strong>. Todas las semanas participan en dos entrenamientos como m\u00ednimo. Jugadoras de Plata e incluso juveniles\u201d.\n<\/p>\n<p class=\"article-body__text \">\n        Imanol Sanz tiene claro que, cuando se trata de formaci\u00f3n, esto es<strong> una carrera de fondo<\/strong> que requiere de dosis de paciencia. \u201cHay mucho trabajo, muchos entrenamientos, muchos partidos y sufrimiento. Tambi\u00e9n disfrute, claro. Pero siempre decimos. Aunque se trabaje mucho, <strong>s\u00f3lo unas pocas privilegiadas son las que llegan<\/strong> a debutar o a competir en la m\u00e1xima categor\u00eda. Hay que tener paciencia\u201d, constata el t\u00e9cnico navarro, quien pone tambi\u00e9n en valor la labor de <strong>los entrenadores y de las entrenadoras<\/strong> del club. \u201cMeten muchas horas y son quienes hacen que luego esas jugadoras lleguen al primer equipo\u201d.\n<\/p>\n<p class=\"article-photo__footer\">\n            Alaitz Ripa (i), junto a su hermana Aileen, en la Supercopa Ib\u00e9rica celebrada en Pamplona en septiembre.            I\u00f1aki Porto        <\/p>\n<p class=\"article-body__text \">\n        Y, cuando eso ocurre, siempre es <strong>\u201cun orgullo y una ilusi\u00f3n\u201d.<\/strong> \u201cEs una maravilla cuando alguien de Navarra, de Villava incluso, debuta en lo m\u00e1s alto\u201d.\n<\/p>\n<p class=\"article-body__text \">\n        En todo este trabajo, adem\u00e1s, tiene un papel primordial la aportaci\u00f3n de otros clubes, en lo que a jugadoras se refiere, gracias al <strong>convenio de reestructuraci\u00f3n del balonmano femenino<\/strong> vigente desde hace a\u00f1os y suscrito por el <strong>Beti Onak, la Fundaci\u00f3n Miguel Indur\u00e1in y la Federaci\u00f3n Navarra de Balonmano<\/strong>. \u201cEstamos muy agradecidos. Hablamos de cantera, pero es m\u00e1s. Saioa Garc\u00eda, por ejemplo, viene de <strong>Uharte<\/strong>. Sara Tard\u00edo y Silvia Gil, del <strong>Malkaitz<\/strong>. O Miren Vall\u00e9s, portera juvenil y que est\u00e1 en din\u00e1mica con nosotras, ha venido este a\u00f1o del <strong>Atalaya<\/strong>. La cantera del Beti Onak est\u00e1 ah\u00ed, pero tambi\u00e9n la cantera navarra de los clubes. Est\u00e1n haciendo un trabajo espectacular, el convenio est\u00e1 surtiendo efecto y <strong>estamos muy agradecidos<\/strong> a otras entidades tambi\u00e9n\u201d, resalta Imanol Sanz.<\/p>\n","protected":false},"excerpt":{"rendered":"Cualquiera que se acerque a un partido del Replasa Beti Onak en el Hermanos Indur\u00e1in comprobar\u00e1 c\u00f3mo en&hellip;\n","protected":false},"author":2,"featured_media":176812,"comment_status":"","ping_status":"","sticky":false,"template":"","format":"standard","meta":{"footnotes":""},"categories":[278],"tags":[376,7952,2512,168,25,24,375,7953,7951,23,167],"class_list":{"0":"post-176811","1":"post","2":"type-post","3":"status-publish","4":"format-standard","5":"has-post-thumbnail","7":"category-balonmano","8":"tag-balonmano","9":"tag-beti","10":"tag-cantera","11":"tag-deportes","12":"tag-es","13":"tag-espana","14":"tag-handball","15":"tag-onak","16":"tag-replasa","17":"tag-spain","18":"tag-sports"},"share_on_mastodon":{"url":"","error":""},"_links":{"self":[{"href":"https:\/\/www.europesays.com\/es\/wp-json\/wp\/v2\/posts\/176811","targetHints":{"allow":["GET"]}}],"collection":[{"href":"https:\/\/www.europesays.com\/es\/wp-json\/wp\/v2\/posts"}],"about":[{"href":"https:\/\/www.europesays.com\/es\/wp-json\/wp\/v2\/types\/post"}],"author":[{"embeddable":true,"href":"https:\/\/www.europesays.com\/es\/wp-json\/wp\/v2\/users\/2"}],"replies":[{"embeddable":true,"href":"https:\/\/www.europesays.com\/es\/wp-json\/wp\/v2\/comments?post=176811"}],"version-history":[{"count":0,"href":"https:\/\/www.europesays.com\/es\/wp-json\/wp\/v2\/posts\/176811\/revisions"}],"wp:featuredmedia":[{"embeddable":true,"href":"https:\/\/www.europesays.com\/es\/wp-json\/wp\/v2\/media\/176812"}],"wp:attachment":[{"href":"https:\/\/www.europesays.com\/es\/wp-json\/wp\/v2\/media?parent=176811"}],"wp:term":[{"taxonomy":"category","embeddable":true,"href":"https:\/\/www.europesays.com\/es\/wp-json\/wp\/v2\/categories?post=176811"},{"taxonomy":"post_tag","embeddable":true,"href":"https:\/\/www.europesays.com\/es\/wp-json\/wp\/v2\/tags?post=176811"}],"curies":[{"name":"wp","href":"https:\/\/api.w.org\/{rel}","templated":true}]}}