{"id":176813,"date":"2025-10-14T19:05:09","date_gmt":"2025-10-14T19:05:09","guid":{"rendered":"https:\/\/www.europesays.com\/es\/176813\/"},"modified":"2025-10-14T19:05:09","modified_gmt":"2025-10-14T19:05:09","slug":"lances-de-futuro-presenta-el-cartel-del-festival-taurino-benefico-en-homenaje-a-juan-rodriguez-el-chuli-en-montoro","status":"publish","type":"post","link":"https:\/\/www.europesays.com\/es\/176813\/","title":{"rendered":"Lances de Futuro presenta el cartel del festival taurino ben\u00e9fico en homenaje a Juan Rodr\u00edguez &#8216;El Chuli&#8217; en Montoro"},"content":{"rendered":"<p>La empresa Lances de Futuro ha presentado oficialmente el cartel del festival taurino ben\u00e9fico que se celebrar\u00e1 el pr\u00f3ximo 15 de noviembre en la plaza de toros de Montoro, un emotivo festejo en homenaje al recordado Juan Rodr\u00edguez \u2018El Chuli\u2019. <\/p>\n<p>l acto de presentaci\u00f3n ha tenido lugar en el Hotel-Restaurante Molina Plaza, con la presencia del empresario de Lances de Futuro, Jos\u00e9 Mar\u00eda Garz\u00f3n; autoridades locales encabezadas por Mar\u00eda Dolores Amo Camino, alcaldesa de Montoro; familiares de \u2018El Chuli\u2019, representantes del mundo taurino cordob\u00e9s y el matador de toros Juan Ortega, quien tambi\u00e9n intervendr\u00e1 en el festival.<\/p>\n<p>El acto fue abierto y moderado por Manolo Calvillo, sobrino de Juan Rodr\u00edguez \u2018El Chuli\u2019, quien dio la bienvenida a los asistentes con unas emotivas palabras de recuerdo hacia su t\u00edo, agradeciendo el cari\u00f1o y apoyo mostrado por la empresa, los toreros y la afici\u00f3n de Montoro para hacer posible este homenaje.<\/p>\n<p>Durante el evento se ha dado a conocer un cartel de m\u00e1ximo nivel que re\u00fane a varias de las principales figuras del toreo actual, demostrando el cari\u00f1o y respeto que el mundo taurino siente por la figura de Juan Rodr\u00edguez \u2018El Chuli\u2019. En el festival actuar\u00e1n Alejandro Talavante, Juan Ortega, Pablo Aguado, Manuel Rom\u00e1n y el novillero Pedro Montalvo, con reses de las ganader\u00edas de Rom\u00e1n Sorando, El Cotillo, Jim\u00e9nez Pasquau y Arauz de Robles.<\/p>\n<p>El empresario Jos\u00e9 Mar\u00eda Garz\u00f3n destac\u00f3 durante la presentaci\u00f3n que \u201ceste festival nace del cari\u00f1o y la admiraci\u00f3n que todos sentimos hacia Juan Rodr\u00edguez \u2018El Chuli\u2019. Queremos que Montoro viva una jornada de toros cargada de emoci\u00f3n y solidaridad\u201d.<\/p>\n<p>Por su parte, la alcaldesa, Mar\u00eda Dolores, subray\u00f3 que \u201ces un orgullo para Montoro volver a acoger una cita taurina de esta categor\u00eda y, sobre todo, hacerlo con un fin tan noble y sentido para todo el pueblo\u201d.<\/p>\n<p>El torero Juan Ortega, muy vinculado a la figura de \u201cEl Chuli\u201d, manifest\u00f3 durante su intervenci\u00f3n que \u201cpara m\u00ed es un honor organizar este festival. Juan es mucho m\u00e1s que un amigo o un apoderado, es un padre: fue alguien que crey\u00f3 en m\u00ed desde el principio. Hasta cuando las cosas no iban bien o no toreaba \u00e9l nunca tuvo una mala cara, es un referente de entrega y de pasi\u00f3n por el toreo. Este homenaje es tan merecido como necesario\u201d.<\/p>\n<p>Adjuntamos el cartel oficial del festival, una creaci\u00f3n de la agencia Relance Estudio, concebido como un homenaje a la relaci\u00f3n entre Juan Rodr\u00edguez \u2018El Chuli\u2019 y el matador de toros Juan Ortega, a quien \u201cEl Chuli\u201d apoy\u00f3 y acompa\u00f1\u00f3 desde sus inicios. Una obra que refleja la uni\u00f3n entre ambos y el esp\u00edritu de admiraci\u00f3n y respeto que inspira este festival.<\/p>\n<p>Finalmente, Jos\u00e9 Mar\u00eda Garz\u00f3n ha querido agradecer a la alcaldesa de Montoro, al Ayuntamiento, a los toreros participantes, a las pe\u00f1as taurinas y a los aficionados que tan bien han acogido este festival y su cartel, destacando que \u201csin su apoyo y entusiasmo, este homenaje a \u2018El Chuli\u2019 no tendr\u00eda el sentido ni la fuerza que merece\u201d.<\/p>\n<p><strong>INFORMACI\u00d3N VENTA DE ABONOS Y ENTRADAS<\/strong><br \/>El periodo de venta de entradas comienza el 17 de octubre y se extender\u00e1 hasta el 12 de noviembre.<\/p>\n<p><strong>Venta online:<\/strong><br \/>Lancesdefuturo.com \/ Bacantix.com<br \/>Puntos de venta f\u00edsicos:<\/p>\n<p><strong>Montoro:<\/strong><br \/>Hostal-Restaurante Montoro<br \/>Casa Mar\u00eda Valiente<\/p>\n<p><strong>C\u00f3rdoba:<\/strong><br \/>Estanco y Loter\u00edas, C\/ Escritor Conde de Zamora, 10<br \/>Estanco y Loter\u00edas, Avda. Arroyo del Moro, 9<br \/>Estanco, C\/ Espejo Blancas, 1<\/p>\n<p><strong>Carde\u00f1a<\/strong>:<br \/>Bar Restaurante Casa Lucas<\/p>\n<p><strong>Venta en taquillas de la plaza de toros:<\/strong><br \/>El d\u00eda 14 de noviembre, de 10:00 a 14:00 h y de 17:00 a 19:00 h.<br \/>El d\u00eda del festejo, desde las 9:00 h hasta la hora del comienzo de la corrida, de forma ininterrumpida.<\/p>\n<p><img loading=\"lazy\" decoding=\"async\" width=\"1024\" height=\"768\" src=\"https:\/\/www.europesays.com\/es\/wp-content\/uploads\/2025\/10\/FESTIVAL-MONTORO-5-1024x768.jpg\" alt=\"\" class=\"wp-image-34360\"  \/><\/p>\n","protected":false},"excerpt":{"rendered":"La empresa Lances de Futuro ha presentado oficialmente el cartel del festival taurino ben\u00e9fico que se celebrar\u00e1 el&hellip;\n","protected":false},"author":2,"featured_media":176814,"comment_status":"","ping_status":"","sticky":false,"template":"","format":"standard","meta":{"footnotes":""},"categories":[277],"tags":[373,168,25,24,23,167,374],"class_list":{"0":"post-176813","1":"post","2":"type-post","3":"status-publish","4":"format-standard","5":"has-post-thumbnail","7":"category-toreo","8":"tag-bullfighting","9":"tag-deportes","10":"tag-es","11":"tag-espana","12":"tag-spain","13":"tag-sports","14":"tag-toreo"},"share_on_mastodon":{"url":"","error":""},"_links":{"self":[{"href":"https:\/\/www.europesays.com\/es\/wp-json\/wp\/v2\/posts\/176813","targetHints":{"allow":["GET"]}}],"collection":[{"href":"https:\/\/www.europesays.com\/es\/wp-json\/wp\/v2\/posts"}],"about":[{"href":"https:\/\/www.europesays.com\/es\/wp-json\/wp\/v2\/types\/post"}],"author":[{"embeddable":true,"href":"https:\/\/www.europesays.com\/es\/wp-json\/wp\/v2\/users\/2"}],"replies":[{"embeddable":true,"href":"https:\/\/www.europesays.com\/es\/wp-json\/wp\/v2\/comments?post=176813"}],"version-history":[{"count":0,"href":"https:\/\/www.europesays.com\/es\/wp-json\/wp\/v2\/posts\/176813\/revisions"}],"wp:featuredmedia":[{"embeddable":true,"href":"https:\/\/www.europesays.com\/es\/wp-json\/wp\/v2\/media\/176814"}],"wp:attachment":[{"href":"https:\/\/www.europesays.com\/es\/wp-json\/wp\/v2\/media?parent=176813"}],"wp:term":[{"taxonomy":"category","embeddable":true,"href":"https:\/\/www.europesays.com\/es\/wp-json\/wp\/v2\/categories?post=176813"},{"taxonomy":"post_tag","embeddable":true,"href":"https:\/\/www.europesays.com\/es\/wp-json\/wp\/v2\/tags?post=176813"}],"curies":[{"name":"wp","href":"https:\/\/api.w.org\/{rel}","templated":true}]}}