{"id":176819,"date":"2025-10-14T19:10:08","date_gmt":"2025-10-14T19:10:08","guid":{"rendered":"https:\/\/www.europesays.com\/es\/176819\/"},"modified":"2025-10-14T19:10:08","modified_gmt":"2025-10-14T19:10:08","slug":"la-estrella-de-mclaren-podria-vestirse-de-rojo","status":"publish","type":"post","link":"https:\/\/www.europesays.com\/es\/176819\/","title":{"rendered":"La estrella de McLaren podr\u00eda vestirse de rojo"},"content":{"rendered":"<p>En el cambiante mundo de la <strong>F1<\/strong>, los rumores comenzaron a acelerar a fondo. Actualmente, en el ojo de la tormenta se encuentra un<strong> joven que no deja de sorprender en el circuito<\/strong> y una <strong>escuder\u00eda hist\u00f3rica<\/strong> que parece estar armando su pr\u00f3xima jugada maestra. En este sentido, podr\u00eda uno de los protagonistas m\u00e1s inesperados de esta temporada cambiar de colores y alterar por completo el tablero de la<strong> F\u00f3rmula 1<\/strong>.<\/p>\n<p>Luchas internas y gestos que encienden las alarmas<\/p>\n<p>Ahora bien, el punto de inflexi\u00f3n se habr\u00eda dado durante el <strong>Gran Premio de Singapur<\/strong> donde, seg\u00fan reportes, <strong>Oscar Piastri<\/strong> habr\u00eda cortado comunicaci\u00f3n por radio con el <strong>CEO<\/strong> de<strong> McLaren, Zac Brown<\/strong>, en se\u00f1al de molestia. Asimismo, la tensi\u00f3n no pas\u00f3 para nada desapercibida, ya que los medios de comunicaci\u00f3n especializados en la <strong>F1<\/strong> aseguran que hay un ambiente cada vez m\u00e1s tenso en el team brit\u00e1nico.<\/p>\n<p>Por lo tanto, a pesar de tener un contrato multianual firmado este mismo a\u00f1o, la posici\u00f3n de <strong>Piastri<\/strong> dentro de la escuder\u00eda <strong>McLaren<\/strong> no parece del todo s\u00f3lida. Aunque oficialmente se mantiene el lugar del piloto en el equipo papaya para el 2026, distintas fuentes indican que ya tiene la vista puesta en<strong> Maranello<\/strong> para la temporada 2027.<\/p>\n<p>\u00bfEs real el inter\u00e9s de Ferrari?<\/p>\n<p>Seg\u00fan el medio suizo<strong> Blick Sport<\/strong>, la escuder\u00eda<strong> Ferrari<\/strong> tiene en su radar al actual l\u00edder del campeonato. Con <strong>Leclerc<\/strong> descontento por el rendimiento del monoplaza y el contrato de<strong> Lewis Hamilton<\/strong> a punto de finalizar esta temporada. Por estos motivos es que la escuder\u00eda italiana ya proyecta una renovaci\u00f3n de sus pilotos para el 2027.<\/p>\n<p>En este contexto, no ser\u00eda la primera vez que <strong>Oscar Piastri<\/strong> protagoniza una salida pol\u00e9mica. Su llegada a <strong>McLaren<\/strong> ya fue un esc\u00e1ndalo en 2022, cuando rechaz\u00f3 p\u00fablicamente a <a href=\"https:\/\/www.eldiario24.com\/deportes\/2025\/10\/02\/franco-colapinto-f1-2\/\" rel=\"nofollow noopener\" target=\"_blank\"><strong>Alpine<\/strong><\/a> luego de haberlo anunciado como piloto oficial. Asimismo, la escuder\u00eda francesa hab\u00eda apostado por su desarrollo desde las categor\u00edas inferiores, pero el australiano, en un giro sorpresivo, revel\u00f3 que ya ten\u00eda firmado un contrato con <strong>McLaren.\u00a0<\/strong><\/p>\n<p>El caso escal\u00f3 hasta la<strong> Federaci\u00f3n Internacional del Autom\u00f3vil (FIA)<\/strong>, y termin\u00f3 siendo uno de los episodios m\u00e1s tensos en el mercado de pilotos en los \u00faltimos diez a\u00f1os. Aquella decisi\u00f3n, aunque bastante pol\u00e9mica, lo coloc\u00f3 en una escuder\u00eda muy competitiva, donde hoy en d\u00eda lidera el campeonato de la <strong>F1.<\/strong> Sin embargo, su ambici\u00f3n y b\u00fasqueda de estabilidad podr\u00edan volver a llevarlo a tomar una decisi\u00f3n inesperada.<\/p>\n<p>McLaren responde, pero el malestar persiste<\/p>\n<p>La escuder\u00eda<strong> McLaren<\/strong> intent\u00f3 aclarar la situaci\u00f3n, asegurando que tanto <strong>Lando Norris<\/strong> como <strong>Oscar Piastri<\/strong> son parte fundamental de su proyecto a largo plazo. Incluso, un comentarista del reconocido medio <strong>Sky Sports<\/strong> cumpli\u00f3 el rol de pacificador entre ambos corredores, ya que en varias ocasiones evit\u00f3 que la rivalidad interna entre ambos pilotos se transforme en conflicto abierto.<\/p>\n<p>No obstante, las se\u00f1ales son bastante claras: el gesto de <strong>Piastri<\/strong> en <strong>Singapur<\/strong>, los rumores crecientes y el historial de decisiones arriesgadas del piloto invitan a pensar que su futuro con el equipo brit\u00e1nico podr\u00eda no ser tan seguro como aparenta.<\/p>\n<p>El mercado de pilotos al rojo vivo<\/p>\n<p data-start=\"3587\" data-end=\"4007\">Si bien el contrato de <strong>Piastri <\/strong>con el equipo <strong>McLaren<\/strong> es hasta el 2026, los movimientos en la parrilla de la <strong>F\u00f3rmula 1<\/strong> rara vez siguen un gui\u00f3n predecible. Su liderazgo en el campeonato y su historial de decisiones hacen pensar que, si las condiciones no son las adecuadas, no dudar\u00e1 en cambiar los colores una vez m\u00e1s. Por su parte, <strong>Ferrari<\/strong> ya piensa en el futuro y no quiere quedarse atr\u00e1s en la batalla por el piloto australiano.<\/p>\n<p data-start=\"3587\" data-end=\"4007\">Asimismo, la pr\u00f3xima temporada puede parecer lejana, pero en la <a href=\"https:\/\/www.eldiario24.com\/deportes\/2025\/10\/05\/colapinto-gp-singapur\/\" rel=\"nofollow noopener\" target=\"_blank\"><strong>F1<\/strong><\/a>, el futuro se negocia hoy. Por lo tanto, si estos rumores se confirman, el <strong>2027<\/strong> podr\u00eda marcar el comienzo de una nueva era en la<strong> m\u00e1xima categor\u00eda del automovilismo mundial.\u00a0<\/strong><\/p>\n","protected":false},"excerpt":{"rendered":"En el cambiante mundo de la F1, los rumores comenzaron a acelerar a fondo. Actualmente, en el ojo&hellip;\n","protected":false},"author":2,"featured_media":176820,"comment_status":"","ping_status":"","sticky":false,"template":"","format":"standard","meta":{"footnotes":""},"categories":[270],"tags":[168,25,24,306,271,272,23,167],"class_list":{"0":"post-176819","1":"post","2":"type-post","3":"status-publish","4":"format-standard","5":"has-post-thumbnail","7":"category-formula-1","8":"tag-deportes","9":"tag-es","10":"tag-espana","11":"tag-f1","12":"tag-formula-1","13":"tag-formula1","14":"tag-spain","15":"tag-sports"},"share_on_mastodon":{"url":"","error":""},"_links":{"self":[{"href":"https:\/\/www.europesays.com\/es\/wp-json\/wp\/v2\/posts\/176819","targetHints":{"allow":["GET"]}}],"collection":[{"href":"https:\/\/www.europesays.com\/es\/wp-json\/wp\/v2\/posts"}],"about":[{"href":"https:\/\/www.europesays.com\/es\/wp-json\/wp\/v2\/types\/post"}],"author":[{"embeddable":true,"href":"https:\/\/www.europesays.com\/es\/wp-json\/wp\/v2\/users\/2"}],"replies":[{"embeddable":true,"href":"https:\/\/www.europesays.com\/es\/wp-json\/wp\/v2\/comments?post=176819"}],"version-history":[{"count":0,"href":"https:\/\/www.europesays.com\/es\/wp-json\/wp\/v2\/posts\/176819\/revisions"}],"wp:featuredmedia":[{"embeddable":true,"href":"https:\/\/www.europesays.com\/es\/wp-json\/wp\/v2\/media\/176820"}],"wp:attachment":[{"href":"https:\/\/www.europesays.com\/es\/wp-json\/wp\/v2\/media?parent=176819"}],"wp:term":[{"taxonomy":"category","embeddable":true,"href":"https:\/\/www.europesays.com\/es\/wp-json\/wp\/v2\/categories?post=176819"},{"taxonomy":"post_tag","embeddable":true,"href":"https:\/\/www.europesays.com\/es\/wp-json\/wp\/v2\/tags?post=176819"}],"curies":[{"name":"wp","href":"https:\/\/api.w.org\/{rel}","templated":true}]}}