{"id":176825,"date":"2025-10-14T19:13:09","date_gmt":"2025-10-14T19:13:09","guid":{"rendered":"https:\/\/www.europesays.com\/es\/176825\/"},"modified":"2025-10-14T19:13:09","modified_gmt":"2025-10-14T19:13:09","slug":"se-autoinvito-meghan-markle-al-desfile-de-balenciaga-esto-dice-su-disenador-pierpaolo-piccioli","status":"publish","type":"post","link":"https:\/\/www.europesays.com\/es\/176825\/","title":{"rendered":"\u00bfSe &#8216;autoinvit\u00f3&#8217; Meghan Markle al desfile de Balenciaga? Esto dice su dise\u00f1ador Pierpaolo Piccioli"},"content":{"rendered":"<p class=\"has-dropcap\">No es dif\u00edcil, incluso d\u00edas despu\u00e9s, toparse con posts que muestran la imagen de <a href=\"https:\/\/www.revistavanityfair.es\/articulos\/meghan-markle-desfile-balenciaga-semana-moda-paris\" rel=\"nofollow noopener\" target=\"_blank\"><strong>Meghan Markle<\/strong> con el impecable atuendo<\/a> que luci\u00f3 para asistir al \u00faltimo desfile de <strong><a href=\"https:\/\/www.revistavanityfair.es\/articulos\/pierpaolo-piccioli-balenciaga-que-esperamos\" rel=\"nofollow noopener\" target=\"_blank\">Balenciaga<\/a>:<\/strong> camisa y pantal\u00f3n blanco a juego con una capa flotante.<\/p>\n<p>La foto ha vuelto a las redes sociales para revelar el trasfondo in\u00e9dito sobre la presencia de la duquesa de Sussex en la <strong><a href=\"https:\/\/www.revistavanityfair.es\/tags\/paris-fashion-week\" rel=\"nofollow noopener\" target=\"_blank\">Semana de la Moda de Par\u00eds<\/a> 2025<\/strong>. Lo ha revelado <a href=\"https:\/\/www.revistavanityfair.es\/tags\/pier-paolo-piccioli\" rel=\"nofollow noopener\" target=\"_blank\"><strong>Pierpaolo Piccioli<\/strong><\/a>, director creativo de la maison, quien, en una entrevista con <a data-offer-url=\"https:\/\/www.thecut.com\/article\/pierpaolo-piccioli-on-meghan-markle-and-balenciaga-debut.html\" class=\"external-link\" data-event-click=\"{&quot;element&quot;:&quot;ExternalLink&quot;,&quot;outgoingURL&quot;:&quot;https:\/\/www.thecut.com\/article\/pierpaolo-piccioli-on-meghan-markle-and-balenciaga-debut.html&quot;}\" href=\"https:\/\/www.thecut.com\/article\/pierpaolo-piccioli-on-meghan-markle-and-balenciaga-debut.html\" rel=\"nofollow noopener\" target=\"_blank\">The Cut,<\/a> explica \u2014ante una pregunta directa\u2014 c\u00f3mo fue en realidad la asistencia Meghan Markle en su desfile Primavera-Verano 2026.<\/p>\n<p><img decoding=\"async\" alt=\"Meghan Markle en el desfile de Balenciaga durante la Semana de la Moda de Par\u00eds 2025.\" loading=\"lazy\" class=\"ResponsiveImageContainer-eNxvmU cfBbTk responsive-image__image\"   src=\"https:\/\/www.europesays.com\/es\/wp-content\/uploads\/2025\/10\/1760469189_770_GettyImages-2239246489.jpg\"\/><\/p>\n<p>Meghan Markle en el desfile de Balenciaga durante la Semana de la Moda de Par\u00eds 2025.<\/p>\n<p>Arnold Jerocki\/Getty Images<\/p>\n<p>\u00abMeghan y yo nos conocimos hace unos a\u00f1os y, desde entonces, hemos estado intercambiando mensajes\u00bb, cuenta Pierpaolo Piccioli. <strong>\u00abSe puso en contacto conmigo y me dijo que le encantar\u00eda venir al desfile. No hubo estrategia ni gran orquestaci\u00f3n<\/strong>. No se lo dije a nadie porque quer\u00eda que fuera una sorpresa. En la moda, las verdaderas sorpresas son raras, y esta fue maravillosa\u00bb.<\/p>\n<p>Seg\u00fan la versi\u00f3n ofrecida a <a data-offer-url=\"https:\/\/people.com\/meghan-markle-makes-paris-fashion-week-debut-11823932\" class=\"external-link\" data-event-click=\"{&quot;element&quot;:&quot;ExternalLink&quot;,&quot;outgoingURL&quot;:&quot;https:\/\/people.com\/meghan-markle-makes-paris-fashion-week-debut-11823932&quot;}\" href=\"https:\/\/people.com\/meghan-markle-makes-paris-fashion-week-debut-11823932\" rel=\"nofollow noopener\" target=\"_blank\">People<\/a> por un portavoz de Meghan, \u00abasisti\u00f3 al desfile de Balenciaga para apoyar a Pierpaolo Piccioli, que recientemente asumi\u00f3 el cargo de director creativo de la marca de moda\u00bb.<\/p>\n<p><a href=\"https:\/\/www.revistavanityfair.es\/articulos\/meghan-markle-criticas-desfile-balenciaga-semana-de-la-moda-paris\" rel=\"nofollow noopener\" target=\"_blank\">Cada vez que <strong>Meghan Markle<\/strong> aparece<\/a> da que hablar, y si se trata de los tabloides brit\u00e1nicos, no para bien. Hace unos d\u00edas circul\u00f3 el rumor de que la duquesa, en primera fila y en pleno desfile, se habr\u00eda re\u00eddo al ver a una modelo tropezar en la pasarela (versi\u00f3n desmentida inmediatamente <a data-offer-url=\"https:\/\/www.dailymail.co.uk\/femail\/article-15169259\/Meghan-giggles-model-stumbles-catwalk-Latest-row-faux-pas-Duchess-crowns-disastrous-Paris-Fashion-Week-including-snub-actress-Kristin-Scott-Thomas-played-Queen.html\" class=\"external-link\" data-event-click=\"{&quot;element&quot;:&quot;ExternalLink&quot;,&quot;outgoingURL&quot;:&quot;https:\/\/www.dailymail.co.uk\/femail\/article-15169259\/Meghan-giggles-model-stumbles-catwalk-Latest-row-faux-pas-Duchess-crowns-disastrous-Paris-Fashion-Week-including-snub-actress-Kristin-Scott-Thomas-played-Queen.html&quot;}\" href=\"https:\/\/www.dailymail.co.uk\/femail\/article-15169259\/Meghan-giggles-model-stumbles-catwalk-Latest-row-faux-pas-Duchess-crowns-disastrous-Paris-Fashion-Week-including-snub-actress-Kristin-Scott-Thomas-played-Queen.html\" rel=\"nofollow noopener\" target=\"_blank\">por su entorno al Daily Mail<\/a>).<\/p>\n<p>Art\u00edculo publicado en Vanity Fair Italia. Accede al original <a href=\"https:\/\/www.vanityfair.it\/article\/meghan-markle-autoinvitata-sfilata-balenciaga\" rel=\"nofollow noopener\" target=\"_blank\"><strong>aqu\u00ed<\/strong><\/a>.<\/p>\n","protected":false},"excerpt":{"rendered":"No es dif\u00edcil, incluso d\u00edas despu\u00e9s, toparse con posts que muestran la imagen de Meghan Markle con el&hellip;\n","protected":false},"author":2,"featured_media":176826,"comment_status":"","ping_status":"","sticky":false,"template":"","format":"standard","meta":{"footnotes":""},"categories":[174],"tags":[42516,255,146,147,25,24,5868,256,3066,35412,23],"class_list":{"0":"post-176825","1":"post","2":"type-post","3":"status-publish","4":"format-standard","5":"has-post-thumbnail","7":"category-famosos","8":"tag-balenciaga","9":"tag-celebrities","10":"tag-entertainment","11":"tag-entretenimiento","12":"tag-es","13":"tag-espana","14":"tag-familia-real-britanica","15":"tag-famosos","16":"tag-meghan-markle","17":"tag-principe-harry","18":"tag-spain"},"share_on_mastodon":{"url":"","error":""},"_links":{"self":[{"href":"https:\/\/www.europesays.com\/es\/wp-json\/wp\/v2\/posts\/176825","targetHints":{"allow":["GET"]}}],"collection":[{"href":"https:\/\/www.europesays.com\/es\/wp-json\/wp\/v2\/posts"}],"about":[{"href":"https:\/\/www.europesays.com\/es\/wp-json\/wp\/v2\/types\/post"}],"author":[{"embeddable":true,"href":"https:\/\/www.europesays.com\/es\/wp-json\/wp\/v2\/users\/2"}],"replies":[{"embeddable":true,"href":"https:\/\/www.europesays.com\/es\/wp-json\/wp\/v2\/comments?post=176825"}],"version-history":[{"count":0,"href":"https:\/\/www.europesays.com\/es\/wp-json\/wp\/v2\/posts\/176825\/revisions"}],"wp:featuredmedia":[{"embeddable":true,"href":"https:\/\/www.europesays.com\/es\/wp-json\/wp\/v2\/media\/176826"}],"wp:attachment":[{"href":"https:\/\/www.europesays.com\/es\/wp-json\/wp\/v2\/media?parent=176825"}],"wp:term":[{"taxonomy":"category","embeddable":true,"href":"https:\/\/www.europesays.com\/es\/wp-json\/wp\/v2\/categories?post=176825"},{"taxonomy":"post_tag","embeddable":true,"href":"https:\/\/www.europesays.com\/es\/wp-json\/wp\/v2\/tags?post=176825"}],"curies":[{"name":"wp","href":"https:\/\/api.w.org\/{rel}","templated":true}]}}