{"id":176851,"date":"2025-10-14T19:28:07","date_gmt":"2025-10-14T19:28:07","guid":{"rendered":"https:\/\/www.europesays.com\/es\/176851\/"},"modified":"2025-10-14T19:28:07","modified_gmt":"2025-10-14T19:28:07","slug":"el-pp-aprovecha-la-indecision-del-psoe-con-la-tauromaquia-y-registra-una-iniciativa-para-convertirla-en-patrimonio-de-la-unesco","status":"publish","type":"post","link":"https:\/\/www.europesays.com\/es\/176851\/","title":{"rendered":"El PP aprovecha la indecisi\u00f3n del PSOE con la tauromaquia y registra una iniciativa para convertirla en patrimonio de la UNESCO"},"content":{"rendered":"<p class=\"paragraph text-xl pb-7 w-full text-pretty [&amp;_a]:text-link-normal dark:[&amp;_a]:text-link-dark [&amp;_a]:decoration-1 [&amp;_a:hover]:underline [&amp;_a:hover]:text-link-hover [&amp;_a:hover]:decoration-2 [&amp;_b_a]:text-link-normal dark:[&amp;_b_a]:text-link-dark [&amp;_b_a]:decoration-1 [&amp;_b_a:hover]:underline [&amp;_b_a:hover]:text-link-hover desktop:leading-relaxed break-words font-serif\" data-original-text-size=\"text-xl\">Nueva vuelta a la cuesti\u00f3n de la tauromaquia en el Congreso de los Diputados. El pasado martes, el <a href=\"https:\/\/www.publico.es\/politica\/congreso\/ilp-antitaurina-cae-abstencion-sorpresa-psoe-votos-pp-vox.html\" title=\"La ILP antitaurina cae por la abstenci\u00f3n sorpresa del PSOE y los votos en contra de PP y Vox\" rel=\"nofollow noopener\" target=\"_blank\">PSOE tumb\u00f3 con una sorprensiva abstenci\u00f3n<\/a> la iniciativa legislativa popular (ILP) para que <b>las corridas de toros y <\/b><a href=\"https:\/\/www.publico.es\/sociedad\/festejos-taurinos-mantienen-treintena-municipios-catalanes-mayoria-manos-erc-junts.html\" title=\"Los festejos taurinos se mantienen en una treintena de municipios catalanes, la mayor\u00eda en manos de ERC y Junts\" rel=\"nofollow noopener\" target=\"_blank\">dem\u00e1s expresiones taurinas<\/a> perdieran el blindaje que tienen en la legislaci\u00f3n espa\u00f1ola tras la reforma que convirti\u00f3 la tauromaquia en patrimonio cultural en 2013. La abstenci\u00f3n a \u00faltima hora del PSOE evidenci\u00f3 la <b>indecisi\u00f3n <\/b>que suscita esta cuesti\u00f3n en las filas socialistas y la divisi\u00f3n parlamentaria alrededor de los festejos taurinos.<\/p>\n<p class=\"paragraph text-xl pb-7 w-full text-pretty [&amp;_a]:text-link-normal dark:[&amp;_a]:text-link-dark [&amp;_a]:decoration-1 [&amp;_a:hover]:underline [&amp;_a:hover]:text-link-hover [&amp;_a:hover]:decoration-2 [&amp;_b_a]:text-link-normal dark:[&amp;_b_a]:text-link-dark [&amp;_b_a]:decoration-1 [&amp;_b_a:hover]:underline [&amp;_b_a:hover]:text-link-hover desktop:leading-relaxed break-words font-serif\" data-original-text-size=\"text-xl\">Como cont\u00f3 P\u00fablico, un factor determinante para la decisi\u00f3n que termin\u00f3 tomando el PSOE es la <a href=\"https:\/\/www.publico.es\/politica\/congreso\/ilp-antitaurina-cae-abstencion-sorpresa-psoe-votos-pp-vox.html\" title=\"La ILP antitaurina cae por la abstenci\u00f3n sorpresa del PSOE y los votos en contra de PP y Vox\" rel=\"nofollow noopener\" target=\"_blank\">cercan\u00eda de las elecciones andaluzas y castellano y leonesas<\/a>. Pero el torpedeo de la ILP el pasado martes no librar\u00e1 a los socialistas del debate de la tauromaquia. Primero, porque el ministro de Cultura, <b>Ernest Urtasun<\/b>, ya avis\u00f3 de que Sumar buscar\u00e1 f\u00f3rmulas para que el contenido de la propuesta de los promotores de la ILP \u2014y <b>todas las firmas conseguidas<\/b>\u2014 no caigan en saco roto.<\/p>\n<p class=\"paragraph text-xl pb-7 w-full text-pretty [&amp;_a]:text-link-normal dark:[&amp;_a]:text-link-dark [&amp;_a]:decoration-1 [&amp;_a:hover]:underline [&amp;_a:hover]:text-link-hover [&amp;_a:hover]:decoration-2 [&amp;_b_a]:text-link-normal dark:[&amp;_b_a]:text-link-dark [&amp;_b_a]:decoration-1 [&amp;_b_a:hover]:underline [&amp;_b_a:hover]:text-link-hover desktop:leading-relaxed break-words font-serif\" data-original-text-size=\"text-xl\">Y segundo porque el <b>Grupo Popular en el Congreso<\/b>, consciente de la incomodidad que representa el debate taurino para el PSOE, ha registrado en la C\u00e1mara Baja una proposici\u00f3n no de ley (PNL) para \u00abla inscripci\u00f3n de la candidatura de la<br \/>\nTauromaquia en la Lista Representativa del <b>Patrimonio Cultural Inmaterial <\/b>de la Humanidad<br \/>\nde la UNESCO\u00bb. M\u00e1s debate sobre un tema que hace da\u00f1o al Partido Socialista haga lo que haga.<\/p>\n<p>Relacionado con este tema<\/p>\n<p class=\"paragraph text-xl pb-7 w-full text-pretty [&amp;_a]:text-link-normal dark:[&amp;_a]:text-link-dark [&amp;_a]:decoration-1 [&amp;_a:hover]:underline [&amp;_a:hover]:text-link-hover [&amp;_a:hover]:decoration-2 [&amp;_b_a]:text-link-normal dark:[&amp;_b_a]:text-link-dark [&amp;_b_a]:decoration-1 [&amp;_b_a:hover]:underline [&amp;_b_a:hover]:text-link-hover desktop:leading-relaxed break-words font-serif\" data-original-text-size=\"text-xl\">Se trata de una maniobra de los de <b>Alberto N\u00fa\u00f1ez Feij\u00f3o<\/b> para cambiar diametralmente el sentido de la discusi\u00f3n p\u00fablica acerca de las corridas de toros. O, al menos, intentarlo. Si durante el a\u00f1o que ha estado pendiente de debate la ILP para que los toros dejaran de ser patrimonio cultural el marco del debate ha la <b>anacron\u00eda <\/b>de la fiesta nacional, con su PNL el PP enfocar\u00e1 la cuesti\u00f3n desde el lado opuesto del tablero.<\/p>\n<p class=\"paragraph text-xl pb-7 w-full text-pretty [&amp;_a]:text-link-normal dark:[&amp;_a]:text-link-dark [&amp;_a]:decoration-1 [&amp;_a:hover]:underline [&amp;_a:hover]:text-link-hover [&amp;_a:hover]:decoration-2 [&amp;_b_a]:text-link-normal dark:[&amp;_b_a]:text-link-dark [&amp;_b_a]:decoration-1 [&amp;_b_a:hover]:underline [&amp;_b_a:hover]:text-link-hover desktop:leading-relaxed break-words font-serif\" data-original-text-size=\"text-xl\">En la exposici\u00f3n de motivos de su iniciativa, el PP remarca que\u00a0<br \/>\n\u00abla tauromaquia es una manifestaci\u00f3n art\u00edstica en s\u00ed misma desvinculada de ideolog\u00edas<br \/>\nen la que se resaltan<b> valores profundamente humanos<\/b> como puedan ser la inteligencia, el<br \/>\nvalor, la est\u00e9tica, la solidaridad, o el raciocinio como forma de control de la fuerza bruta\u00bb. Se trata, evidentemente, de un enfoque completamente distinto al que trasladaron en el Congreso los promotores de la ILP.<\/p>\n<p class=\"paragraph text-xl pb-7 w-full text-pretty [&amp;_a]:text-link-normal dark:[&amp;_a]:text-link-dark [&amp;_a]:decoration-1 [&amp;_a:hover]:underline [&amp;_a:hover]:text-link-hover [&amp;_a:hover]:decoration-2 [&amp;_b_a]:text-link-normal dark:[&amp;_b_a]:text-link-dark [&amp;_b_a]:decoration-1 [&amp;_b_a:hover]:underline [&amp;_b_a:hover]:text-link-hover desktop:leading-relaxed break-words font-serif\" data-original-text-size=\"text-xl\">De hecho, el PP subraya en su iniciativa que es \u00abcrucial\u00bb el reconocimiento de la tauromaquia en la <b>UNESCO <\/b>para la \u00absalvaguarda\u00bb de la misma \u00abante la amenaza de que su rechazo pueda ser utilizado como moneda de<br \/>\ncambio para satisfacer a grupos pol\u00edticos que proponen la derogaci\u00f3n\u00bb de la ley de 2013 que convirti\u00f3 las corridas de toros en patrimonio cultural espa\u00f1ol.\u00a0<br \/>\nSeg\u00fan el PP, esos grupos que persiguen eliminar dicha ley lo hacen para \u00ab<b>construir identidades nacionalistas<\/b>\u00ab.<\/p>\n<p class=\"paragraph text-xl pb-7 w-full text-pretty [&amp;_a]:text-link-normal dark:[&amp;_a]:text-link-dark [&amp;_a]:decoration-1 [&amp;_a:hover]:underline [&amp;_a:hover]:text-link-hover [&amp;_a:hover]:decoration-2 [&amp;_b_a]:text-link-normal dark:[&amp;_b_a]:text-link-dark [&amp;_b_a]:decoration-1 [&amp;_b_a:hover]:underline [&amp;_b_a:hover]:text-link-hover desktop:leading-relaxed break-words font-serif\" data-original-text-size=\"text-xl\">Los populares\u00a0registraron la iniciativa el 3 de octubre, apenas unos d\u00edas antes de que se debatiera la admisi\u00f3n a tr\u00e1mite de la ILP antitaurina y de que el PSOE tuviera que tomar una decisi\u00f3n que sab\u00eda, fuera cual fuera, que acarrear\u00eda el enfado de una parte del partido. Este martes, 14 de octubre, la PNL ha aparecido publicada en el <a href=\"https:\/\/www.congreso.es\/public_oficiales\/L15\/CONG\/BOCG\/D\/BOCG-15-D-409.PDF\" rel=\"nofollow noreferrer noopener\" title=\"BOCG\" target=\"_blank\">Bolet\u00edn Oficial de las Cortes Generales<\/a> (BOCG).<\/p>\n<p>Relacionado con este temaEl PSOE tendr\u00e1 que volver a pronunciarse<\/p>\n<p class=\"paragraph text-xl pb-7 w-full text-pretty [&amp;_a]:text-link-normal dark:[&amp;_a]:text-link-dark [&amp;_a]:decoration-1 [&amp;_a:hover]:underline [&amp;_a:hover]:text-link-hover [&amp;_a:hover]:decoration-2 [&amp;_b_a]:text-link-normal dark:[&amp;_b_a]:text-link-dark [&amp;_b_a]:decoration-1 [&amp;_b_a:hover]:underline [&amp;_b_a:hover]:text-link-hover desktop:leading-relaxed break-words font-serif\" data-original-text-size=\"text-xl\">Se trata de una iniciativa que se debatir\u00e1 y votar\u00e1 en la <b>Comisi\u00f3n de Cultura<\/b> y que no es vinculante, es decir, no obliga al Gobierno a emprender ninguna acci\u00f3n. No obstante, obligar\u00e1 al PSOE a volver a posicionarse a sabiendas del <b>malestar <\/b>que la abstenci\u00f3n en la ILP provoc\u00f3 en algunos territorios, pero conscientes tambi\u00e9n de que las federaciones socialistas m\u00e1s taurinas no quitan ojo a votaciones sobre la tauromaquia en el Congreso.<\/p>\n<p class=\"paragraph text-xl pb-7 w-full text-pretty [&amp;_a]:text-link-normal dark:[&amp;_a]:text-link-dark [&amp;_a]:decoration-1 [&amp;_a:hover]:underline [&amp;_a:hover]:text-link-hover [&amp;_a:hover]:decoration-2 [&amp;_b_a]:text-link-normal dark:[&amp;_b_a]:text-link-dark [&amp;_b_a]:decoration-1 [&amp;_b_a:hover]:underline [&amp;_b_a:hover]:text-link-hover desktop:leading-relaxed break-words font-serif\" data-original-text-size=\"text-xl\">La f\u00f3rmula que ha encontrado el PSOE para explicar su ambig\u00fcedad en la C\u00e1mara Baja en lo referente a esta materia es que se trata de un debate \u00abno resuelto\u00bb dentro del partido, tal y como ha dicho el propio <b>Pedro S\u00e1nchez<\/b> y tambi\u00e9n el portavoz socialista en el Congreso, <b>Patxi L\u00f3pez<\/b>. Lo que se preguntan algunos diputados de entre sus aliados parlamentarios es por qu\u00e9 no se aprovecha una ocasi\u00f3n como esta para resolverlo.<\/p>\n<p>Relacionado con este tema<\/p>\n<p class=\"paragraph text-xl pb-7 w-full text-pretty [&amp;_a]:text-link-normal dark:[&amp;_a]:text-link-dark [&amp;_a]:decoration-1 [&amp;_a:hover]:underline [&amp;_a:hover]:text-link-hover [&amp;_a:hover]:decoration-2 [&amp;_b_a]:text-link-normal dark:[&amp;_b_a]:text-link-dark [&amp;_b_a]:decoration-1 [&amp;_b_a:hover]:underline [&amp;_b_a:hover]:text-link-hover desktop:leading-relaxed break-words font-serif\" data-original-text-size=\"text-xl\">De hecho, la abstenci\u00f3n del PSOE el martes pasado \u2014d\u00eda 7 de octubre\u2014 ha tenido alguna repercusi\u00f3n dentro del propio partido. Este lunes, d\u00eda 13 de octubre, <b>David Calvo<\/b>, quien fuera diputado en Les Corts Valencianes y alto cargo en el Consell del Bot\u00e0nic,<b> solicit\u00f3 su baja<\/b> como militante socialista.<\/p>\n","protected":false},"excerpt":{"rendered":"Nueva vuelta a la cuesti\u00f3n de la tauromaquia en el Congreso de los Diputados. El pasado martes, el&hellip;\n","protected":false},"author":2,"featured_media":176852,"comment_status":"","ping_status":"","sticky":false,"template":"","format":"standard","meta":{"footnotes":""},"categories":[277],"tags":[937,373,168,25,24,50642,956,1699,23,167,625,374],"class_list":{"0":"post-176851","1":"post","2":"type-post","3":"status-publish","4":"format-standard","5":"has-post-thumbnail","7":"category-toreo","8":"tag-aprovecha","9":"tag-bullfighting","10":"tag-deportes","11":"tag-es","12":"tag-espana","13":"tag-indecision","14":"tag-pp","15":"tag-psoe","16":"tag-spain","17":"tag-sports","18":"tag-tauromaquia","19":"tag-toreo"},"share_on_mastodon":{"url":"","error":""},"_links":{"self":[{"href":"https:\/\/www.europesays.com\/es\/wp-json\/wp\/v2\/posts\/176851","targetHints":{"allow":["GET"]}}],"collection":[{"href":"https:\/\/www.europesays.com\/es\/wp-json\/wp\/v2\/posts"}],"about":[{"href":"https:\/\/www.europesays.com\/es\/wp-json\/wp\/v2\/types\/post"}],"author":[{"embeddable":true,"href":"https:\/\/www.europesays.com\/es\/wp-json\/wp\/v2\/users\/2"}],"replies":[{"embeddable":true,"href":"https:\/\/www.europesays.com\/es\/wp-json\/wp\/v2\/comments?post=176851"}],"version-history":[{"count":0,"href":"https:\/\/www.europesays.com\/es\/wp-json\/wp\/v2\/posts\/176851\/revisions"}],"wp:featuredmedia":[{"embeddable":true,"href":"https:\/\/www.europesays.com\/es\/wp-json\/wp\/v2\/media\/176852"}],"wp:attachment":[{"href":"https:\/\/www.europesays.com\/es\/wp-json\/wp\/v2\/media?parent=176851"}],"wp:term":[{"taxonomy":"category","embeddable":true,"href":"https:\/\/www.europesays.com\/es\/wp-json\/wp\/v2\/categories?post=176851"},{"taxonomy":"post_tag","embeddable":true,"href":"https:\/\/www.europesays.com\/es\/wp-json\/wp\/v2\/tags?post=176851"}],"curies":[{"name":"wp","href":"https:\/\/api.w.org\/{rel}","templated":true}]}}