{"id":176893,"date":"2025-10-14T19:55:17","date_gmt":"2025-10-14T19:55:17","guid":{"rendered":"https:\/\/www.europesays.com\/es\/176893\/"},"modified":"2025-10-14T19:55:17","modified_gmt":"2025-10-14T19:55:17","slug":"mavi-garcia-regresara-al-uae-adq-para-disputar-su-ultima-temporada-ciclismo","status":"publish","type":"post","link":"https:\/\/www.europesays.com\/es\/176893\/","title":{"rendered":"Mavi Garc\u00eda regresar\u00e1 al UAE-ADQ para disputar su \u00faltima temporada &#8211; Ciclismo"},"content":{"rendered":"<ol>\n<li><a href=\"https:\/\/news.google.com\/rss\/articles\/CBMiakFVX3lxTE92RF8zVHlKeFF4cUVtRXFlNi1SaHFuZHEwRzhiNmp4TEFUclhaZjRaUVlDZmNLTWpFZUNIUi1SUU56X2I3aVhkNHZCampPREhFSUltMklMWVFwdGhTSEllMmRPQi1OUTl6X1E?oc=5\" target=\"_blank\" rel=\"nofollow noopener\">Mavi Garc\u00eda regresar\u00e1 al UAE-ADQ para disputar su \u00faltima temporada<\/a>&nbsp;&nbsp;Ciclismo<\/li>\n<li><a href=\"https:\/\/news.google.com\/rss\/articles\/CBMiyAFBVV95cUxNQ0VPeVNhZUlZUGVSWW9yWkg3b3FUeTVIVGZFVVlKVm1FbWp0R3ptckE0NDRkRDd1dFhXTVFyQW56ZTRsallEU0xvT0F4T3hlNE1aejhjcmUyemxJOThZLWxGN0FBbmp5aEJjcDlCQ0ZzTWdWR3ZRcjFpVVZ5bEpCWUJ4N3k0YUNQcDhUTHB5cHZWNUNNMFRpcVVkMU4tZUFuVzVQeWlld2F2b0FMZF9wdmxRQjBMZE51Mlc1YUY2NlNWb000OTZUUtIByAFBVV95cUxOdDk4aVdhM2prTE4zV1JiRk1RS0c2VFE3UXc4M2FEZXhOZnhtRXVnWVprRTAyUmw3XzlOblBENDEwcE1hRk56X29DdWtpVngzNlNSMy0zdzkzWVA4Y3BhRmxxX0FZTy1KTS1GUWJmTXRCRGNETlo0Sk01Nm5RVUpfZWdGejNyQlJ6SHFMOFNLbDRDR3M1WjJCLXloWHc3OEh6QWNNX2R6Mm15VG9mTGN0TjZuMXIyVGwxQWlYLTdCX3NLVHBiV3JaQg?oc=5\" target=\"_blank\" rel=\"nofollow noopener\">Mavi Garc\u00eda regresa al equipo UAE buscando alargar su \u00absegunda juventud\u00bb ciclista<\/a>&nbsp;&nbsp;RTVE.es<\/li>\n<li><a href=\"https:\/\/news.google.com\/rss\/articles\/CBMisAFBVV95cUxQTGpLOVpNbUMxZ18zMTJtelBSU1hwTF9DenZUdFdwdUkyREJGd1BtMUlBMXdINU5fTVB1WVo3VVJfWnhNdTdWQ1A3aDB2a0NmYzhhRGtuTHVFX2J4eEhRMnhpWThaMVRRNndEWFE4YW5hRkwxV1hnQjE0U01YYkd6Vnh1UUpxY1BYV2dRUEQzMVplT3llaHVsWkRWY0lSc00xazBjSDVfVF9JSUpnNE1LedIBxAFBVV95cUxPV21felZuVU9mRjUtbGM4QWF5X0k3NGVaNGNrWmVpT3NyWkJmcXJ1WTN4cnVoUWNnRFM4RWRVS2phZFowYlI1TnhHcFRKczBWaldCRFdQTWR1NjB2N3JxeXcyX1MtR0VCeWR3YkgtSTJValBRNXQ2c0lTVkdrZmNUU000Z0o0WmNBbWJBN3VOVkNUSXpPNlE1aTBmeUxuVTVnTmpEckJFYzJOX25kNUNxTWVJdDdYREVDUWhpZndrT0xuYU5Y?oc=5\" target=\"_blank\" rel=\"nofollow noopener\">Mavi Garc\u00eda se une al UAE de Paula Blasi para afrontar el a\u00f1o de su retirada<\/a>&nbsp;&nbsp;Diario AS<\/li>\n<li><a href=\"https:\/\/news.google.com\/rss\/articles\/CBMimAFBVV95cUxQSTBPZ3I2R05GVE45a08yMmxURENURTBXdWhYamduY2ZUVXF4N3NUa2NUcXdmOWtYXzU5N1B0QTBWYWI4VnZUWEdoeWFjakFVd3ozNVBuSVhIWE5KY0ZNMGY1bmoyTV9VNHdZUnJrZlhFWmRrNTdtMWVjQjdia255dlU3TV9yS2NlenFiUC15NVA5SWlqMFdUYdIBngFBVV95cUxQYl9EbEM0NHZyRk8wczVLWlpEWXFyWExGd2lWZXhQQkEzR2xJN1JDdWJtMk53elZfYS04RHE1Z2RMd045b2hvandTWmxoaHJYYUlWaFVCaGZyX0hRU19oZ2xLbU9VMzdQTUUzVVFHM2JPQXRvS2ZxMGMzX2NkcThDSnFsbjg1eS1UeEtWQngtaWpvS0stbEJGN2lOQWZlQQ?oc=5\" target=\"_blank\" rel=\"nofollow noopener\">Mavi Garc\u00eda firma por el UAE Team ADQ para 2026<\/a>&nbsp;&nbsp;Diario de Mallorca<\/li>\n<li><a href=\"https:\/\/news.google.com\/rss\/articles\/CBMi-gFBVV95cUxPazE0bEZpOUwzdmptcmwxVFdQV21TRmpVeDczRW1DZmFQbmxFX0hEckN5YXg5OElkQ3o4YnY2QWZhNGpwclEzS19xTTVmTEtmRGxUN19rb2NPM1Fud2U0MFh3UkRzWE1NYlgweVo0MktGM2Q2MnZKZzYyMkNReWpyWXdoR1ZPNjEyYkl6WVpuMWtOcnhEY19LalowSDc1VllKUWpFZmc4TFJIMndxdzdVRXNyc1g2WVhwXzg2SUFjSnJzOTBJQTRCYUJ2djNBTjdiMFg1ekktcEIzLWN6Q0tIOGh5UEVzN2ltbDk2S3RjRWJJTjNpUGY3Uk9B0gGHAkFVX3lxTE0zMFhiNW91aEppSTJkLS1VZDZlaVJCd3E2TXBBcnJSZV9VMTAwS3pCdmRzT3FJNnZNOFpVNkdMc3pNVnBFTXlZaTEyZElYeXU2VHRtOWlVMkcwa1prSGFxMHZ5bmtKX2luSGtwVlAxdjdFTjRBbVBFVkpseDhSblRNV3NyWDJfQ2ZDVVo0dEwtT0F5SVBRLUhSU2RFYkE3bkUtUXZ6bEFSUjFXNlExZnRHd2NkdTFGdUxqSDdqWjNvVW5uREpTMUlHM2VzaHFLM3VlVVZOenEtamhRVVF5X29XTFIzM2ZFeGpQdTR4LWk0eUdJTS10OGNabFNFQzR2S3hNdUFESFRZ?oc=5\" target=\"_blank\" rel=\"nofollow noopener\">Oficial: Mavi Garc\u00eda (41 a\u00f1os), la ciclista mallorquina mega campeona de Espa\u00f1a, regresa al UAE para acabar su carrera en 2026<\/a>&nbsp;&nbsp;Mundo Deportivo<\/li>\n<\/ol>\n","protected":false},"excerpt":{"rendered":"Mavi Garc\u00eda regresar\u00e1 al UAE-ADQ para disputar su \u00faltima temporada&nbsp;&nbsp;Ciclismo Mavi Garc\u00eda regresa al equipo UAE buscando alargar&hellip;\n","protected":false},"author":2,"featured_media":176894,"comment_status":"","ping_status":"","sticky":false,"template":"","format":"standard","meta":{"footnotes":""},"categories":[273],"tags":[10605,6243,19181,18343,313,1757,312,168,7989,1755,622,25,24,2501,557,1058,3142,21440,61,1783,1051,7804,3370,11734,7375,661,2553,10914,2032,2320,21044,23,167,1222,1152,9577,550,1885,4421],"class_list":{"0":"post-176893","1":"post","2":"type-post","3":"status-publish","4":"format-standard","5":"has-post-thumbnail","7":"category-ciclismo","8":"tag-a","9":"tag-anuncio","10":"tag-balear","11":"tag-bronce","12":"tag-ciclismo","13":"tag-ciclista","14":"tag-cycling","15":"tag-deportes","16":"tag-disputar","17":"tag-elite","18":"tag-equipo","19":"tag-es","20":"tag-espana","21":"tag-espanola","22":"tag-fichaje","23":"tag-final","24":"tag-garcia","25":"tag-hace","26":"tag-internacional","27":"tag-la","28":"tag-lunes","29":"tag-mavi","30":"tag-medalla","31":"tag-mundiales","32":"tag-nacida","33":"tag-objetivo","34":"tag-palma","35":"tag-pondra","36":"tag-profesional","37":"tag-punto","38":"tag-regresara","39":"tag-spain","40":"tag-sports","41":"tag-team","42":"tag-temporada","43":"tag-trayectoria","44":"tag-uae","45":"tag-ultima","46":"tag-ultimos"},"share_on_mastodon":{"url":"","error":""},"_links":{"self":[{"href":"https:\/\/www.europesays.com\/es\/wp-json\/wp\/v2\/posts\/176893","targetHints":{"allow":["GET"]}}],"collection":[{"href":"https:\/\/www.europesays.com\/es\/wp-json\/wp\/v2\/posts"}],"about":[{"href":"https:\/\/www.europesays.com\/es\/wp-json\/wp\/v2\/types\/post"}],"author":[{"embeddable":true,"href":"https:\/\/www.europesays.com\/es\/wp-json\/wp\/v2\/users\/2"}],"replies":[{"embeddable":true,"href":"https:\/\/www.europesays.com\/es\/wp-json\/wp\/v2\/comments?post=176893"}],"version-history":[{"count":0,"href":"https:\/\/www.europesays.com\/es\/wp-json\/wp\/v2\/posts\/176893\/revisions"}],"wp:featuredmedia":[{"embeddable":true,"href":"https:\/\/www.europesays.com\/es\/wp-json\/wp\/v2\/media\/176894"}],"wp:attachment":[{"href":"https:\/\/www.europesays.com\/es\/wp-json\/wp\/v2\/media?parent=176893"}],"wp:term":[{"taxonomy":"category","embeddable":true,"href":"https:\/\/www.europesays.com\/es\/wp-json\/wp\/v2\/categories?post=176893"},{"taxonomy":"post_tag","embeddable":true,"href":"https:\/\/www.europesays.com\/es\/wp-json\/wp\/v2\/tags?post=176893"}],"curies":[{"name":"wp","href":"https:\/\/api.w.org\/{rel}","templated":true}]}}