{"id":176897,"date":"2025-10-14T19:57:13","date_gmt":"2025-10-14T19:57:13","guid":{"rendered":"https:\/\/www.europesays.com\/es\/176897\/"},"modified":"2025-10-14T19:57:13","modified_gmt":"2025-10-14T19:57:13","slug":"daulton-hommes-aleja-sus-fantasmas-en-paris","status":"publish","type":"post","link":"https:\/\/www.europesays.com\/es\/176897\/","title":{"rendered":"Daulton Hommes aleja sus fantasmas en Par\u00eds"},"content":{"rendered":"<p>\n        El <a href=\"https:\/\/www.noticiasdealava.eus\/baskonia\/\" title=\"Baskonia\" class=\"link copy\" rel=\"nofollow noopener\" target=\"_blank\">Baskonia<\/a> <strong>se reencontrar\u00e1 este mi\u00e9rcoles en Par\u00eds con un viejo conocido como Daulton Hommes por primera vez desde que dej\u00f3 Vitoria-Gasteiz al t\u00e9rmino de la temporada 2022-23<\/strong>. El alero estadounidense fue uno de los pilares del equipo que, con Joan Pe\u00f1arroya en el banquillo y jugadores como Darius Thompson, Markus Howard, Vanja Marinkovic, Tadas Sedekerskis, Rokas Giedraitis, Matt Costello, Maik Kotsar y, temporalmente, Pierria Henry, logr\u00f3 enamorar a la afici\u00f3n azulgrana con un juego muy vistoso y puntos por doquier.\n<\/p>\n<p class=\"article-body__text \">\n        Aquella campa\u00f1a Daulton Hommes demostr\u00f3 tener cualidades para triunfar en Vitoria como una <strong>gran potencia de salto, versatilidad y capacidad de abrir la cancha desde el puesto de <\/strong><strong>cuatro <\/strong><strong>con una mu\u00f1eca privilegiada<\/strong> y una mec\u00e1nica de tiro r\u00e1pida y elegante.\n<\/p>\n<p>            <a href=\"https:\/\/www.noticiasdealava.eus\/baskonia\/2024\/10\/30\/calvario-daulton-hommes-continua-paris-8868499.html\" title=\"El calvario de Daulton Hommes contin\u00faa en Par\u00eds\" class=\"new__media\" rel=\"nofollow noopener\" target=\"_blank\"><\/p>\n<p>                <img alt=\"El calvario de Daulton Hommes contin\u00faa en Par\u00eds\" data-src=\"https:\/\/www.europesays.com\/es\/wp-content\/uploads\/2025\/10\/d3707e82-e6cc-45a6-bd08-c84e8d203c2d_16-9-aspect-ratio_default_0.jpg\" class=\"lozad\"\/><\/p>\n<p>        <\/a><\/p>\n<p>        <a href=\"https:\/\/www.noticiasdealava.eus\/baskonia\/2024\/10\/30\/calvario-daulton-hommes-continua-paris-8868499.html\" title=\"El calvario de Daulton Hommes contin\u00faa en Par\u00eds\" class=\"new__headline\" rel=\"nofollow noopener\" target=\"_blank\"><br \/>\n            El calvario de Daulton Hommes contin\u00faa en Par\u00eds<br \/>\n        <\/a><\/p>\n<p class=\"article-body__text \">\n        Aunque los problemas f\u00edsicos que empez\u00f3 a arrastrar en su rodilla izquierda a partir del mes de noviembre le impidieron exprimir todo su potencial, promedi\u00f3 9 puntos y 2,8 rebotes en la ACB y 7 puntos y 2,9 rebotes en la Euroliga que no convencieron al club.<strong> Su afectada rodilla y su condici\u00f3n de extracomunitario provocaron que no renovara su contrato en 2023<\/strong> y Hommes se qued\u00f3 libre.\n<\/p>\n<p class=\"article-body__text \">\n        Desde entonces, <strong>el alero estadounidense ha vivido un aut\u00e9ntico calvario de lesiones, algo que ya le sucedi\u00f3 en el instituto cuando sufri\u00f3 la misma lesi\u00f3n de rodilla dos veranos seguidos y se perdi\u00f3 dos temporadas al completo<\/strong>. Tras salir de Vitoria pas\u00f3 por el quir\u00f3fano, estuvo todo el curso recuper\u00e1ndose de la operaci\u00f3n y s\u00f3lo lleg\u00f3 a tiempo para jugar cinco encuentros del play off de la Lega italiana <strong>con el Trento, entrenado por aquel entonces por Paolo Galbiati<\/strong>.\n<\/p>\n<p>            <a href=\"https:\/\/www.noticiasdealava.eus\/baskonia\/2025\/10\/14\/paolo-galbiati-paris-inteligentes-limitar-10213737.html\" title=\"Paolo Galbiati: &quot;En Par\u00eds tenemos que ser inteligentes y limitar sus ataques en transici\u00f3n&quot;\" class=\"new__media\" rel=\"nofollow noopener\" target=\"_blank\"><\/p>\n<p>                <img alt=\"Paolo Galbiati: &quot;En Par\u00eds tenemos que ser inteligentes y limitar sus ataques en transici\u00f3n&quot;\" data-src=\"https:\/\/www.europesays.com\/es\/wp-content\/uploads\/2025\/10\/d4ebe200-8cb0-483e-b33a-2987c5bdc67c_16-9-aspect-ratio_default_0_x839y612.jpg\" class=\"lozad\"\/><\/p>\n<p>        <\/a><\/p>\n<p>        <a href=\"https:\/\/www.noticiasdealava.eus\/baskonia\/2025\/10\/14\/paolo-galbiati-paris-inteligentes-limitar-10213737.html\" title=\"Paolo Galbiati: &quot;En Par\u00eds tenemos que ser inteligentes y limitar sus ataques en transici\u00f3n&quot;\" class=\"new__headline\" rel=\"nofollow noopener\" target=\"_blank\"><br \/>\n            Paolo Galbiati: \u00abEn Par\u00eds tenemos que ser inteligentes y limitar sus ataques en transici\u00f3n\u00bb<br \/>\n        <\/a><\/p>\n<p class=\"article-body__text \">\n        Su encaje en ese baloncesto vertical del t\u00e9cnico italiano tal vez convenci\u00f3 al <strong>Par\u00eds Basketball, que lo contrat\u00f3 en el verano de 2024 con la idea de acoplarlo a ese mismo estilo de juego vertiginoso <\/strong>y de mucho lanzamiento exterior.\n<\/p>\n<p class=\"article-body__text \">\n        Desgraciadamente,<strong> los contratiempos musculares y molestias relacionadas con su operaci\u00f3n de rodilla volvieron a condicionar a Hommes<\/strong>, que cuando parec\u00eda haber superado sus problemas en el tren inferior, <strong>se rompi\u00f3 el cuarto metacarpiano de la mano<\/strong>.\n<\/p>\n<p>  La esperada continuidad<\/p>\n<p class=\"article-body__text \">\n        En consecuencia, el exazulgrana<strong> s\u00f3lo pudo disputar 19 encuentros oficiales la pasada temporada entre todas las competiciones<\/strong> y sus respectivos play off, una pobre cifra pese a la cual termin\u00f3 renovando por el Par\u00eds Basketball.\n<\/p>\n<p class=\"article-body__text \">\n        La confianza del club en \u00e9l y la resiliencia y trabajo en la sombra de Hommes le han permitido tener<strong> al fin un inicio de temporada sin baches en forma de lesiones, ya que s\u00f3lo se perdi\u00f3 la visita al Maccabi<\/strong> y est\u00e1 ofreciendo un buen rendimiento tanto en la LNB francesa como en la Euroliga.\n<\/p>\n<p>            <a href=\"https:\/\/www.noticiasdealava.eus\/baskonia\/2025\/10\/13\/paso-frente-luwawu-cabarrot-10209416.html\" title=\"El paso al frente de Luwawu-Cabarrot\" class=\"new__media\" rel=\"nofollow noopener\" target=\"_blank\"><\/p>\n<p>                <img alt=\"El paso al frente de Luwawu-Cabarrot\" data-src=\"https:\/\/www.europesays.com\/es\/wp-content\/uploads\/2025\/10\/cd503045-1a11-489b-8ae2-18a7f90b986a_16-9-aspect-ratio_default_0_x783y359.jpg\" class=\"lozad\"\/><\/p>\n<p>        <\/a><\/p>\n<p>        <a href=\"https:\/\/www.noticiasdealava.eus\/baskonia\/2025\/10\/13\/paso-frente-luwawu-cabarrot-10209416.html\" title=\"El paso al frente de Luwawu-Cabarrot\" class=\"new__headline\" rel=\"nofollow noopener\" target=\"_blank\"><br \/>\n            El paso al frente de Luwawu-Cabarrot<br \/>\n        <\/a><\/p>\n<p class=\"article-body__text \">\n        En la liga dom\u00e9stica promedia 9 puntos, 2 rebotes, 1,3 asistencias y 11,3 cr\u00e9ditos de valoraci\u00f3n, mientras que <strong>en la Euroliga registra 10 puntos, 3,5 rebotes y 10 cr\u00e9ditos de valoraci\u00f3n<\/strong> por encuentro.\n<\/p>\n<p class=\"article-body__text \">\n        Sin Justin Anderson ni Lamar Stevens,<strong> Hommes es uno de los principales referentes anotadores del Par\u00eds Basketball y el Baskonia, que ya conoce su calidad, deber\u00e1 atarlo en corto<\/strong> para que no tenga una actuaci\u00f3n como la del pasado domingo ante el M\u00f3naco, en la que se fue a los 14 puntos y fue el segundo anotador de su equipo s\u00f3lo por detr\u00e1s de Hifi. En cualquier caso, siempre es una alegr\u00eda <strong>volver a ver sonre\u00edr a un jugador que ha conocido la peor cara del deporte<\/strong>.<\/p>\n","protected":false},"excerpt":{"rendered":"El Baskonia se reencontrar\u00e1 este mi\u00e9rcoles en Par\u00eds con un viejo conocido como Daulton Hommes por primera vez&hellip;\n","protected":false},"author":2,"featured_media":176898,"comment_status":"","ping_status":"","sticky":false,"template":"","format":"standard","meta":{"footnotes":""},"categories":[269],"tags":[8384,299,298,4714,11937,168,25,24,28607,11938,10480,4759,23,167],"class_list":{"0":"post-176897","1":"post","2":"type-post","3":"status-publish","4":"format-standard","5":"has-post-thumbnail","7":"category-baloncesto","8":"tag-aleja","9":"tag-baloncesto","10":"tag-basketball","11":"tag-baskonia","12":"tag-daulton","13":"tag-deportes","14":"tag-es","15":"tag-espana","16":"tag-fantasmas","17":"tag-hommes","18":"tag-lesiones","19":"tag-paris","20":"tag-spain","21":"tag-sports"},"share_on_mastodon":{"url":"","error":""},"_links":{"self":[{"href":"https:\/\/www.europesays.com\/es\/wp-json\/wp\/v2\/posts\/176897","targetHints":{"allow":["GET"]}}],"collection":[{"href":"https:\/\/www.europesays.com\/es\/wp-json\/wp\/v2\/posts"}],"about":[{"href":"https:\/\/www.europesays.com\/es\/wp-json\/wp\/v2\/types\/post"}],"author":[{"embeddable":true,"href":"https:\/\/www.europesays.com\/es\/wp-json\/wp\/v2\/users\/2"}],"replies":[{"embeddable":true,"href":"https:\/\/www.europesays.com\/es\/wp-json\/wp\/v2\/comments?post=176897"}],"version-history":[{"count":0,"href":"https:\/\/www.europesays.com\/es\/wp-json\/wp\/v2\/posts\/176897\/revisions"}],"wp:featuredmedia":[{"embeddable":true,"href":"https:\/\/www.europesays.com\/es\/wp-json\/wp\/v2\/media\/176898"}],"wp:attachment":[{"href":"https:\/\/www.europesays.com\/es\/wp-json\/wp\/v2\/media?parent=176897"}],"wp:term":[{"taxonomy":"category","embeddable":true,"href":"https:\/\/www.europesays.com\/es\/wp-json\/wp\/v2\/categories?post=176897"},{"taxonomy":"post_tag","embeddable":true,"href":"https:\/\/www.europesays.com\/es\/wp-json\/wp\/v2\/tags?post=176897"}],"curies":[{"name":"wp","href":"https:\/\/api.w.org\/{rel}","templated":true}]}}