{"id":176922,"date":"2025-10-14T20:11:13","date_gmt":"2025-10-14T20:11:13","guid":{"rendered":"https:\/\/www.europesays.com\/es\/176922\/"},"modified":"2025-10-14T20:11:13","modified_gmt":"2025-10-14T20:11:13","slug":"euronews-hoy-las-noticias-del-martes-14-de-octubre-sanchez-ofrece-enviar-tropas-espanolas-a-gaza","status":"publish","type":"post","link":"https:\/\/www.europesays.com\/es\/176922\/","title":{"rendered":"EURONEWS HOY | Las noticias del martes 14 de octubre: S\u00e1nchez ofrece enviar tropas espa\u00f1olas a Gaza"},"content":{"rendered":"<p>  Por&amp;nbsp<a href=\"https:\/\/es.euronews.com\/perfiles\/2826\" rel=\"nofollow noopener\" target=\"_blank\">Maria Mu\u00f1oz Morillo<\/a>&amp;nbsp&amp;&amp;nbsp<b>Euronews en espa\u00f1ol<\/b><\/p>\n<p>\n                    Publicado                 14\/10\/2025 &#8211; 18:35 CEST<br \/>\n                \u2022Ultima actualizaci\u00f3n<br \/>\n                                     19:33\n                                        <\/p>\n<p>          <img decoding=\"async\" class=\"c-ad__placeholder__logo\" src=\"https:\/\/static.euronews.com\/website\/images\/logos\/logo-euronews-stacked-outlined-72x72-grey-9.svg\" width=\"72\" height=\"72\" alt=\"\" loading=\"lazy\"\/><br \/>\n          PUBLICIDAD<\/p>\n<p>En &#8216;<strong>Euronews<\/strong>&#8216; le traemos las noticias que destacamos de <strong>este martes 14 de octubre<\/strong>. Estos son nuestros principales titulares:<\/p>\n<p>El presidente de Espa\u00f1a, Pedro S\u00e1nchez, celebr\u00f3 hoy los avances que se han producido en el proceso de <strong>paz entre Israel y Ham\u00e1s<\/strong>. S\u00e1nchez ha declarado que <a href=\"https:\/\/es.euronews.com\/2025\/10\/13\/el-presidente-de-egipto-dice-que-el-plan-de-trump-para-gaza-es-la-ultima-oportunidad-para-\" rel=\"nofollow noopener\" target=\"_blank\">la celebraci\u00f3n de una cumbre internacional<\/a> y la firma de un acuerdo en Egipto fue \u00abun d\u00eda muy especial\u00bb, pero advirti\u00f3 que, a pesar del acuerdo, <strong>los responsables del \u00abgenocidio\u00bb en Gaza<\/strong> deber\u00e1n de \u00abresponder ante la Justicia\u00bb.<\/p>\n<p>Ante la posibilidad de enviar tropas espa\u00f1olas para garantizar que el acuerdo de paz entre Israel y Ham\u00e1s se cumpla, el mandatario ha explicado que a\u00fan <strong>no est\u00e1 claro c\u00f3mo se va a materializar la seguridad en Gaza<\/strong> y si se <strong>enviar\u00e1 a militares espa\u00f1oles<\/strong>.<\/p>\n<p>Este ha confirmado que, de haber un despliegue internacional de tropas para garantizar la paz, Espa\u00f1a quiere estar y tener \u00abpresencia activa\u00bb no s\u00f3lo en la faceta de la reconstrucci\u00f3n de Gaza, sino tambi\u00e9n en ese otro aspecto de la <strong>seguridad en la zona.<\/strong> Mientras, en Espa\u00f1a, los sindicatos han <a href=\"https:\/\/es.euronews.com\/2025\/10\/14\/habra-huelga-general-el-15-de-octubre-paros-servicios-minimos-y-los-cambios-por-la-paz-en-\" rel=\"nofollow noopener\" target=\"_blank\">convocado una <strong>huelga general en apoyo a Palestina.<\/strong><\/a><\/p>\n<p>Al menos <strong>32 personas han muerto en Ciudad de Gaza<\/strong> este fin de semana de duraci\u00f3n tras los ataques de Ham\u00e1s contra varios objetivos rivales dentro de la Franja, pocos d\u00edas despu\u00e9s de que <a href=\"https:\/\/es.euronews.com\/2025\/10\/13\/israel-comienza-a-recibir-a-los-primeros-rehenes-a-cambio-de-miles-de-presos-palestinos\" rel=\"nofollow noopener\" target=\"_blank\">haya entrado en vigor el alto el fuego entre Israel y los paramilitares<\/a>.<\/p>\n<p>Ham\u00e1s se enfrenta a <strong>clanes influyentes dentro del enclave<\/strong>, y tambi\u00e9n a <strong>milicias que han admitido su colaboraci\u00f3n con Israel<\/strong> para desestabilizar a los paramilitares islamistas que controlaban, hasta ahora, la Franja mediterr\u00e1nea.<\/p>\n<p>El presidente de Estados Unidos ha anunciado que <strong>su pr\u00f3xima prioridad ser\u00e1 poner fin a la guerra entre Rusia y Ucrania<\/strong> tras el <a href=\"https:\/\/es.euronews.com\/2025\/10\/13\/israel-comienza-a-recibir-a-los-primeros-rehenes-a-cambio-de-miles-de-presos-palestinos\" rel=\"nofollow noopener\" target=\"_blank\">acuerdo de alto el fuego en Gaza<\/a>, cuya primera fase se encuentra en su tramo final.<\/p>\n<p>Seg\u00fan ha confirmado el presidente ucraniano, Volod\u00edmir Zelenski, los posibles t\u00e9rminos de un alto el fuego en Ucrania y <strong>los pr\u00f3ximos pasos diplom\u00e1ticos se debatir\u00e1n este viernes<\/strong> en una reuni\u00f3n con Trump en Washington. \u00abCreo que tenemos que discutir la secuencia de <a href=\"https:\/\/es.euronews.com\/2025\/10\/13\/trump-valora-enviar-misiles-tomahawk-a-ucrania-pero-antes-quiere-hablar-con-putin\" rel=\"nofollow noopener\" target=\"_blank\">pasos que quiero proponer al presidente Trump<\/a>\u00ab, declar\u00f3 Zelenski a los medios.<\/p>\n<p>Por su lado, <strong>el l\u00edder de la OTAN se ha burlado de Rusia<\/strong> <a href=\"https:\/\/es.euronews.com\/2025\/10\/14\/rutte-se-burla-de-rusia-tras-el-incidente-de-un-submarino\" rel=\"nofollow noopener\" target=\"_blank\">tras el incidente de un submarino averiado frente a costas francesas<\/a>. \u00abAhora, en efecto, <strong>apenas queda presencia naval rusa en el Mediterr\u00e1neo<\/strong>. Hay un submarino ruso solitario y roto que vuelve cojeando de la patrulla\u00bb, declar\u00f3 Rutte el lunes durante un discurso en Eslovenia.<\/p>\n<p>El l\u00edder de Madagascar, <strong>Andry Rajoelina<\/strong>, ha confirmado que <a href=\"https:\/\/es.euronews.com\/2025\/10\/12\/con-el-control-del-ejercito-en-disputa-el-presidente-de-madagascar-denuncia-un-golpe-de-es\" rel=\"nofollow noopener\" target=\"_blank\">ha huido del pa\u00eds al temer por su vida<\/a> tras las protestas antigubernamentales, de varias semanas de duraci\u00f3n, que finalmente han concluido en <strong>una rebeli\u00f3n militar y en un golpe de Estado.<\/strong><\/p>\n<p>Las manifestaciones antigubernamentales lideradas por la generaci\u00f3n Z <strong>alcanzaron un punto crucial el s\u00e1bado<\/strong>, cuando la unidad militar de \u00e9lite conocida como CAPSAT se uni\u00f3 a ellas y pidi\u00f3 la dimisi\u00f3n de Rajoelina y sus ministros. Esto llev\u00f3 al presidente africano a <a href=\"https:\/\/es.euronews.com\/2025\/10\/12\/con-el-control-del-ejercito-en-disputa-el-presidente-de-madagascar-denuncia-un-golpe-de-es\" rel=\"nofollow noopener\" target=\"_blank\">afirmar que se estaba produciendo un intento ilegal<\/a> de tomar el poder en el archipi\u00e9lago \u00edndico.<\/p>\n<p>Adem\u00e1s, <a href=\"https:\/\/es.euronews.com\/video\/2025\/10\/13\/venezolanos-en-colombia-piden-la-liberacion-de-presos-politicos\" rel=\"nofollow noopener\" target=\"_blank\">en el <strong>NO COMMENT<\/strong> del d\u00eda<\/a> podr\u00e1n ver c\u00f3mo varios venezolanos afincados en Colombia piden liberar a los presos pol\u00edticos de las c\u00e1rceles de su pa\u00eds de nacimiento.<\/p>\n<p>Tambi\u00e9n pueden instalar la aplicaci\u00f3n de <strong>&#8216;Euronews&#8217;<\/strong> en sus dispositivos <strong>Android<\/strong> y en <strong>iPhone<\/strong> para estar siempre conectados a lo que sucede en Europa y el mundo, y seguirnos en <strong>X e Instagram<\/strong>.<\/p>\n<p>Editor de v\u00eddeo<strong> \u2022 Juan Isidro Montero Garcia<\/strong><\/p>\n","protected":false},"excerpt":{"rendered":"Por&amp;nbspMaria Mu\u00f1oz Morillo&amp;nbsp&amp;&amp;nbspEuronews en espa\u00f1ol Publicado 14\/10\/2025 &#8211; 18:35 CEST \u2022Ultima actualizaci\u00f3n 19:33 PUBLICIDAD En &#8216;Euronews&#8216; le traemos&hellip;\n","protected":false},"author":2,"featured_media":176923,"comment_status":"","ping_status":"","sticky":false,"template":"","format":"standard","meta":{"footnotes":""},"categories":[8],"tags":[17,18,352,25,24,8836,13,14,75,11,13181,74,19,20,9,10,15,16,2959,23,12,21,22],"class_list":{"0":"post-176922","1":"post","2":"type-post","3":"status-publish","4":"format-standard","5":"has-post-thumbnail","7":"category-espana","8":"tag-breaking-news","9":"tag-breakingnews","10":"tag-donald-trump","11":"tag-es","12":"tag-espana","13":"tag-euronews-hoy","14":"tag-featured-news","15":"tag-featurednews","16":"tag-hamas","17":"tag-headlines","18":"tag-huelga","19":"tag-israel","20":"tag-latest-news","21":"tag-latestnews","22":"tag-news","23":"tag-noticias","24":"tag-noticias-destacadas","25":"tag-noticiasdestacadas","26":"tag-pedro-sanchez","27":"tag-spain","28":"tag-titulares","29":"tag-ultimas-noticias","30":"tag-ultimasnoticias"},"share_on_mastodon":{"url":"","error":""},"_links":{"self":[{"href":"https:\/\/www.europesays.com\/es\/wp-json\/wp\/v2\/posts\/176922","targetHints":{"allow":["GET"]}}],"collection":[{"href":"https:\/\/www.europesays.com\/es\/wp-json\/wp\/v2\/posts"}],"about":[{"href":"https:\/\/www.europesays.com\/es\/wp-json\/wp\/v2\/types\/post"}],"author":[{"embeddable":true,"href":"https:\/\/www.europesays.com\/es\/wp-json\/wp\/v2\/users\/2"}],"replies":[{"embeddable":true,"href":"https:\/\/www.europesays.com\/es\/wp-json\/wp\/v2\/comments?post=176922"}],"version-history":[{"count":0,"href":"https:\/\/www.europesays.com\/es\/wp-json\/wp\/v2\/posts\/176922\/revisions"}],"wp:featuredmedia":[{"embeddable":true,"href":"https:\/\/www.europesays.com\/es\/wp-json\/wp\/v2\/media\/176923"}],"wp:attachment":[{"href":"https:\/\/www.europesays.com\/es\/wp-json\/wp\/v2\/media?parent=176922"}],"wp:term":[{"taxonomy":"category","embeddable":true,"href":"https:\/\/www.europesays.com\/es\/wp-json\/wp\/v2\/categories?post=176922"},{"taxonomy":"post_tag","embeddable":true,"href":"https:\/\/www.europesays.com\/es\/wp-json\/wp\/v2\/tags?post=176922"}],"curies":[{"name":"wp","href":"https:\/\/api.w.org\/{rel}","templated":true}]}}