{"id":176928,"date":"2025-10-14T20:14:25","date_gmt":"2025-10-14T20:14:25","guid":{"rendered":"https:\/\/www.europesays.com\/es\/176928\/"},"modified":"2025-10-14T20:14:25","modified_gmt":"2025-10-14T20:14:25","slug":"madrid","status":"publish","type":"post","link":"https:\/\/www.europesays.com\/es\/176928\/","title":{"rendered":"Madrid"},"content":{"rendered":"<p>Esta feria de Oto\u00f1o de Madrid, entregada en dos plazos, como la de Salamanca; ofrec\u00eda grandes alicientes, entre los que sobresal\u00edan, el \u00faltimo s\u00e1bado con Victorinos y su consiguiente domingo, donde el esp\u00edritu de Anto\u00f1ete, recreado por Morante lo embargaba todo.\u00a0<\/p>\n<p>Ver la estatua de Mart\u00edn Langares es perder treinta a\u00f1os de vida, al encontrarte con la imagen de Anto\u00f1ete de marcadas entradas en las sienes, cuerpo ligeramente inclinado hacia adelante, mirada profunda, cara de circunstancias, y el capote de paseo en el antebrazo izquierdo. Y eso si, el cigarro que no falte.\u00a0<\/p>\n<p>La estatua de Anto\u00f1ete hizo girar a su alrededor, a miles de personas que, con la excusa de la foto, recrearon en sus vidas, el mech\u00f3n, la coleta, las distancias, la pureza, la \u00e9tica, la entrega, la bohemia\u2026 Chenel en esencia y verdad.<\/p>\n<p>La tarde del s\u00e1bado estaba entoldada, y aquel bronce, reci\u00e9n descubierto; ten\u00eda el mismo atractivo que cuando era de carne y hueso. En los chiqueros esperaban seis Victorinos primorosamente presentados, que ofrecieron todas las versiones, desde dram\u00e1tica cogida de David Galv\u00e1n, a las estremecedoras embestidas del complet\u00edsimo Esquinero; en la arrebatadora muleta de Rom\u00e1n. Pasando por los exquisitos naturales de Gin\u00e9s Mar\u00edn.\u00a0<\/p>\n<p>La ma\u00f1ana del domingo hac\u00eda sentir en los aleda\u00f1os de las Ventas, el Rumrum de los d\u00edas grandes, todo el toreo rodeaba la plaza; busc\u00e1bamos algo que la tauromaquia no da a diario, y mucho menos ahora. Y lo encontramos en la pureza anto\u00f1etista de Curro V\u00e1zquez, los detalles de Frascuelo, la entrega desgarrada de Rinc\u00f3n, la belleza -ahora ajustada- de Ponce, la frescura de Olga Casado; y en Morante. Ese Morante lleno de torer\u00eda, que sabiendo lo que iba a pasar, pech\u00f3 con un novillo brutote e infinitamente por debajo de los excelentes Garcigrandes. Pero emular al maestro con el toro blanco de Osborne era adentrarse en la entra\u00f1as del toreo, y no lo dud\u00f3; pasase lo que pasase. Jos\u00e9 Antonio hizo el resto, cortando una oreja y disfrutando de la salida a hombros de tres de sus compa\u00f1eros de cartel: Curro V\u00e1zquez, Cesar Rinc\u00f3n y Olga Casado.\u00a0<\/p>\n<p>La tarde, llena de alicientes, se encontr\u00f3 al de la Puebla revestido de Chenel y Oro, as\u00ed llaman ahora el Lila y oro, da igual; confirm\u00f3 la alternativa de Sergio Rodr\u00edguez, acompa\u00f1\u00f3 la brillante despedida de su ahijado Fernando Roble\u00f1o, y se entretuvo en cortar dos orejas a un Garcigrande.\u00a0<\/p>\n<p>Para rematar, sin que nadie lo supiera, se cort\u00f3 la coleta. Genialidad por toneladas, del torero de la historia de la tauromaquia, donde las cosas no se explican, ni entienden; se disfrutan y se viven; sin darle m\u00e1s coba. Los avatares de la historia los afrontaremos como Dios nos d\u00e9 a entender, seguro que mejor de lo que pensamos. Pero el aluvi\u00f3n de vida, recibido estos dos d\u00edas pasados, no nos lo quita nadie. Porque Madrid, es Madrid.\u00a0<\/p>\n","protected":false},"excerpt":{"rendered":"Esta feria de Oto\u00f1o de Madrid, entregada en dos plazos, como la de Salamanca; ofrec\u00eda grandes alicientes, entre&hellip;\n","protected":false},"author":2,"featured_media":2192,"comment_status":"","ping_status":"","sticky":false,"template":"","format":"standard","meta":{"footnotes":""},"categories":[277],"tags":[2401,2402,373,168,2403,25,24,205,23,167,625,374,444],"class_list":{"0":"post-176928","1":"post","2":"type-post","3":"status-publish","4":"format-standard","5":"has-post-thumbnail","7":"category-toreo","8":"tag-al-hilo-de-las-tablas","9":"tag-antonio-risueno","10":"tag-bullfighting","11":"tag-deportes","12":"tag-el-burladero","13":"tag-es","14":"tag-espana","15":"tag-madrid","16":"tag-spain","17":"tag-sports","18":"tag-tauromaquia","19":"tag-toreo","20":"tag-toros"},"share_on_mastodon":{"url":"","error":""},"_links":{"self":[{"href":"https:\/\/www.europesays.com\/es\/wp-json\/wp\/v2\/posts\/176928","targetHints":{"allow":["GET"]}}],"collection":[{"href":"https:\/\/www.europesays.com\/es\/wp-json\/wp\/v2\/posts"}],"about":[{"href":"https:\/\/www.europesays.com\/es\/wp-json\/wp\/v2\/types\/post"}],"author":[{"embeddable":true,"href":"https:\/\/www.europesays.com\/es\/wp-json\/wp\/v2\/users\/2"}],"replies":[{"embeddable":true,"href":"https:\/\/www.europesays.com\/es\/wp-json\/wp\/v2\/comments?post=176928"}],"version-history":[{"count":0,"href":"https:\/\/www.europesays.com\/es\/wp-json\/wp\/v2\/posts\/176928\/revisions"}],"wp:featuredmedia":[{"embeddable":true,"href":"https:\/\/www.europesays.com\/es\/wp-json\/wp\/v2\/media\/2192"}],"wp:attachment":[{"href":"https:\/\/www.europesays.com\/es\/wp-json\/wp\/v2\/media?parent=176928"}],"wp:term":[{"taxonomy":"category","embeddable":true,"href":"https:\/\/www.europesays.com\/es\/wp-json\/wp\/v2\/categories?post=176928"},{"taxonomy":"post_tag","embeddable":true,"href":"https:\/\/www.europesays.com\/es\/wp-json\/wp\/v2\/tags?post=176928"}],"curies":[{"name":"wp","href":"https:\/\/api.w.org\/{rel}","templated":true}]}}