{"id":176932,"date":"2025-10-14T20:19:08","date_gmt":"2025-10-14T20:19:08","guid":{"rendered":"https:\/\/www.europesays.com\/es\/176932\/"},"modified":"2025-10-14T20:19:08","modified_gmt":"2025-10-14T20:19:08","slug":"f1-el-llamativo-plan-de-pirelli-para-el-gp-de-los-estados-unidos","status":"publish","type":"post","link":"https:\/\/www.europesays.com\/es\/176932\/","title":{"rendered":"F1: el LLAMATIVO PLAN de Pirelli para el GP de los ESTADOS UNIDOS"},"content":{"rendered":"\n<p>Si hay algo que ha sufrido la <a href=\"https:\/\/www.eldestapeweb.com\/deportes\/automovilismo\/segun-ecclestone-quien-es-el-mejor-piloto-de-f1-despues-de-verstappen--2025101311506?mrfhud=true\" class=\"link\" rel=\"nofollow noopener\" target=\"_blank\"><strong>F\u00f3rmula 1<\/strong><\/a> en los \u00faltimos a\u00f1os es de tener <strong>demasiadas carreras mon\u00f3tonas<\/strong>, lo que llev\u00f3 a una <strong>disminuci\u00f3n del inter\u00e9s de parte del p\u00fablico<\/strong>, que migr\u00f3\u00a0hacia <strong>otras competencias<\/strong>. De hecho, la fecha pasada apenas dio emociones en la largada del <a href=\"https:\/\/www.eldestapeweb.com\/deportes\/formula-1\/formula-1-asi-quedo-la-lucha-por-el-campeonato-tras-la-victoria-de-george-russell-en-el-gran-premio-de-singapur-20251051452\" class=\"link\" rel=\"nofollow noopener\" target=\"_blank\"><strong>GP de Singapur<\/strong><\/a>, que se mantuvo con <strong>George Russell a la cabeza<\/strong> durante casi toda la carrera, con un <strong>liderato apenas interrumpido<\/strong> por su detenci\u00f3n en boxes.<\/p>\n<p>La <strong>poca degradaci\u00f3n<\/strong> de algunos equipos, sobre todo de <a href=\"https:\/\/www.eldestapeweb.com\/deportes\/automovilismo\/denuncian-favoritismo-en-mclaren-en-medio-de-la-lucha-por-el-titulo-entre-lando-norris-y-oscar-piastri-favorece--2025101317732\" class=\"link\" rel=\"nofollow noopener\" target=\"_blank\"><strong>McLaren<\/strong><\/a>, y los cambios implementados en los neum\u00e1ticos para <strong>aumentar su duraci\u00f3n<\/strong> se ha convertido en un <strong>problema para la m\u00e1xima categor\u00eda<\/strong>, que atraviesa uno de sus a\u00f1os <strong>menos emocionantes<\/strong>. En este sentido, <strong>Pirelli <\/strong>ha intentado <strong>mejorar el espect\u00e1culo<\/strong> mediante diferentes planes que fuercen a los equipos a <strong>apostar fuerte por las estrategias<\/strong>, algo que se ver\u00e1 este fin de semana.<\/p>\n<p>Y es que para el <strong>Gran Premio de los Estados Unidos<\/strong>, la marca proveedora de neum\u00e1ticos <strong>no utilizar\u00e1 los compuestos consecutivos<\/strong> como suele hacerse, sino que habilitar\u00e1 los <strong>C1, C3 y C4<\/strong> para la visita al <strong>Circuito de las Am\u00e9ricas<\/strong>. De esta manera, <strong>Pirelli se salte\u00f3 el C2<\/strong>, de manera tal que haya una <strong>mayor diferencia entre la goma media y la goma dura<\/strong>,<strong> <\/strong>las dos opciones m\u00e1s escogidas para iniciar la carrera en <strong>Austin <\/strong>en ediciones anteriores.<\/p>\n<p>Claro que <strong>no es la primera vez<\/strong> que la empresa italiana intenta este experimento, puesto que se hizo lo mismo en el <strong>GP de B\u00e9lgica<\/strong>, aunque las <strong>condiciones clim\u00e1ticas<\/strong> echaron todo por la borda. Por lo tanto, le tocar\u00e1 al trazado estadounidense ser el nuevo escenario para esta prueba, en la que los equipos ser\u00e1n <strong>doblemente condicionados<\/strong>, ya que solamente habr\u00e1 <strong>una pr\u00e1ctica libre<\/strong> debido al formato de <strong>carrera sprint<\/strong>.<\/p>\n<p>As\u00ed, las escuder\u00edas no tendr\u00e1n mucho tiempo para <strong>probar las gomas antes de las carreras<\/strong>, por lo que una mala <strong>decisi\u00f3n estrat\u00e9gica<\/strong> podr\u00eda complicarles todo el fin de semana. Ahora bien, en cuanto a las <strong>posibles estrategias<\/strong>, la m\u00e1s reconocida es <strong>iniciar con neum\u00e1ticos duros e ir a una sola parada<\/strong>, la m\u00e1s popular en 2024, mientras que salir con la <strong>goma media o por la blanda<\/strong> dar\u00eda casi por asegurado un m\u00ednimo de <strong>dos pasos por boxes<\/strong>.<\/p>\n<p>La cita en Austin ser\u00e1 este fin de semana.<\/p>\n<p>\u00bfA qu\u00e9 hora corre la F1 la pr\u00f3xima carrera?<\/p>\n<p>La <strong>F\u00f3rmula 1<\/strong> volver\u00e1 este fin de semana con el <strong>Gran Premio de los Estados Unidos<\/strong>, que se realizar\u00e1 en el <strong>Circuito de las Am\u00e9ricas<\/strong>. A continuaci\u00f3n, presentamos los <strong>horarios de Argentina<\/strong> para la decimonovena fecha del campeonato:<\/p>\n<ul>\n<li>FP1: viernes \u2013 14:30 horas.<\/li>\n<li>Sprint shootout: viernes \u2013 18:30.<\/li>\n<li><strong>Carrera sprint: s\u00e1bado \u2013 14:00.<\/strong><\/li>\n<li>Clasificaci\u00f3n: s\u00e1bado \u2013 18:00.<\/li>\n<li><strong>Carrera: domingo \u2013 16:00.<\/strong><\/li>\n<\/ul>\n","protected":false},"excerpt":{"rendered":"Si hay algo que ha sufrido la F\u00f3rmula 1 en los \u00faltimos a\u00f1os es de tener demasiadas carreras&hellip;\n","protected":false},"author":2,"featured_media":176933,"comment_status":"","ping_status":"","sticky":false,"template":"","format":"standard","meta":{"footnotes":""},"categories":[270],"tags":[1763,168,25,24,306,271,272,50650,2362,15918,23,167],"class_list":{"0":"post-176932","1":"post","2":"type-post","3":"status-publish","4":"format-standard","5":"has-post-thumbnail","7":"category-formula-1","8":"tag-automovilismo","9":"tag-deportes","10":"tag-es","11":"tag-espana","12":"tag-f1","13":"tag-formula-1","14":"tag-formula1","15":"tag-gran-premio-de-los-estados-unidos","16":"tag-motor","17":"tag-pirelli","18":"tag-spain","19":"tag-sports"},"share_on_mastodon":{"url":"","error":""},"_links":{"self":[{"href":"https:\/\/www.europesays.com\/es\/wp-json\/wp\/v2\/posts\/176932","targetHints":{"allow":["GET"]}}],"collection":[{"href":"https:\/\/www.europesays.com\/es\/wp-json\/wp\/v2\/posts"}],"about":[{"href":"https:\/\/www.europesays.com\/es\/wp-json\/wp\/v2\/types\/post"}],"author":[{"embeddable":true,"href":"https:\/\/www.europesays.com\/es\/wp-json\/wp\/v2\/users\/2"}],"replies":[{"embeddable":true,"href":"https:\/\/www.europesays.com\/es\/wp-json\/wp\/v2\/comments?post=176932"}],"version-history":[{"count":0,"href":"https:\/\/www.europesays.com\/es\/wp-json\/wp\/v2\/posts\/176932\/revisions"}],"wp:featuredmedia":[{"embeddable":true,"href":"https:\/\/www.europesays.com\/es\/wp-json\/wp\/v2\/media\/176933"}],"wp:attachment":[{"href":"https:\/\/www.europesays.com\/es\/wp-json\/wp\/v2\/media?parent=176932"}],"wp:term":[{"taxonomy":"category","embeddable":true,"href":"https:\/\/www.europesays.com\/es\/wp-json\/wp\/v2\/categories?post=176932"},{"taxonomy":"post_tag","embeddable":true,"href":"https:\/\/www.europesays.com\/es\/wp-json\/wp\/v2\/tags?post=176932"}],"curies":[{"name":"wp","href":"https:\/\/api.w.org\/{rel}","templated":true}]}}