{"id":176942,"date":"2025-10-14T20:24:13","date_gmt":"2025-10-14T20:24:13","guid":{"rendered":"https:\/\/www.europesays.com\/es\/176942\/"},"modified":"2025-10-14T20:24:13","modified_gmt":"2025-10-14T20:24:13","slug":"espero-dar-luz-a-todos-los-que-luchan-contra-el-cancer-infantil","status":"publish","type":"post","link":"https:\/\/www.europesays.com\/es\/176942\/","title":{"rendered":"\u00abEspero dar luz a todos los que luchan contra el c\u00e1ncer infantil\u00bb"},"content":{"rendered":"<p style=\"\">La presidenta y fundadora de Andex, la doctora <strong>Ana Mar\u00eda \u00c1lvarez Silv\u00e1n<\/strong>, ha presentado este martes 14 de octubre su segundo libro, y al igual que sucedi\u00f3 con el primero, esta obra cuenta con un fin completamente ben\u00e9fico. Se titula &#8216;Por los ni\u00f1os con  &#8230; c\u00e1ncer m\u00e1s all\u00e1 de las estrellas&#8217;, y viene a servir de homenaje para aquellos menores que fallecieron a causa de esta enfermedad y a quienes la han resistido pese a que cuando la padecieron ten\u00edan una cort\u00edsima edad.<\/p>\n<p class=\"voc-p\" style=\"\">La doctora \u00c1lvarez Silv\u00e1n, autora de la publicaci\u00f3n presentada en el Colegio de M\u00e9dicos de Sevilla, es una de las grandes referentes del hospital Virgen del Roc\u00edo de Sevilla en pediatr\u00eda oncol\u00f3gica y tambi\u00e9n una de las grandes protagonistas de los 40 a\u00f1os que cumple este 2025 <strong>la asociaci\u00f3n sevillana Andex<\/strong>.<\/p>\n<p class=\"voc-p\" style=\"\">El presidente del Colegio de M\u00e9dicos de Sevilla, <strong>Alfonso Carmona,<\/strong> dio la bienvenida al acto, glos\u00f3 la figura profesional de la doctora \u00c1lvarez como pionera en la oncolog\u00eda pedi\u00e1trica en Sevilla al tiempo que reconoci\u00f3 su satisfacci\u00f3n porque la presentaci\u00f3n del libro haya sido la primera convocatoria que se celebra en el renovado sal\u00f3n de actos de la corporaci\u00f3n profesional. La presentaci\u00f3n corri\u00f3 a cargo del doctor<strong> Francisco Gallardo<\/strong> que en una distendida charla con Ana Mar\u00eda \u00c1lvarez Silv\u00e1n fue recorriendo toda su carrera, desde su formaci\u00f3n en Estados Unidos a la creaci\u00f3n de la Unidad del Virgen del Roc\u00edo, con an\u00e9cdotas y vivencias, algunas recogidas en el libro. La edici\u00f3n ha corrido a cargo de la Diputaci\u00f3n de Sevilla, representada en el acto por el diputado <strong>Francisco Jos\u00e9 Toajas<\/strong> que mostr\u00f3 su satisfacci\u00f3n por la iniciativa. <\/p>\n<p class=\"voc-p\" style=\"\">La doctora Silv\u00e1n firm\u00f3 ejemplares del libro a un p\u00fablico que agot\u00f3 los ejemplares que hab\u00edan llegado a la presentaci\u00f3n. <\/p>\n<p><img decoding=\"async\" loading=\"lazy\" src=\"https:\/\/www.europesays.com\/es\/wp-content\/uploads\/2025\/10\/presenta-libro-andex3-U70448422200IBb-758x470@diario_abc.jpg\" class=\"voc-d-c-combo-3__img\" width=\"758\" height=\"470\" alt=\"Imagen principal - Arriba, de izquierda a derecha, los doctores P\u00e9rez Calero, Arg\u00fcelles y Gallardo con la doctora \u00c1lvarez en el centro, Alfonso Carmona, el diputado Francisco Jos\u00e9 Toajas y el presidente del Ateneo de Sevilla Emilio Boja. Abajo, la doctora \u00c1lvarez Silv\u00e1n firma un ejemplar del libnro a Aurora Vargas \"\/><\/p>\n<p><img decoding=\"async\" loading=\"lazy\" src=\"https:\/\/www.europesays.com\/es\/wp-content\/uploads\/2025\/10\/presenta-libro-andex4-U86200121744PhW-464x329@diario_abc.jpg\" class=\"voc-d-c-combo-3__img\" width=\"464\" height=\"329\" alt=\"Imagen secundaria 1 - Arriba, de izquierda a derecha, los doctores P\u00e9rez Calero, Arg\u00fcelles y Gallardo con la doctora \u00c1lvarez en el centro, Alfonso Carmona, el diputado Francisco Jos\u00e9 Toajas y el presidente del Ateneo de Sevilla Emilio Boja. Abajo, la doctora \u00c1lvarez Silv\u00e1n firma un ejemplar del libnro a Aurora Vargas \"\/><\/p>\n<p><img decoding=\"async\" loading=\"lazy\" src=\"https:\/\/www.europesays.com\/es\/wp-content\/uploads\/2025\/10\/presenta-libro-andex_20251014211415-U03631388658kZC-278x329@diario_abc.jpg\" class=\"voc-d-c-combo-3__img\" width=\"278\" height=\"329\" alt=\"Imagen secundaria 2 - Arriba, de izquierda a derecha, los doctores P\u00e9rez Calero, Arg\u00fcelles y Gallardo con la doctora \u00c1lvarez en el centro, Alfonso Carmona, el diputado Francisco Jos\u00e9 Toajas y el presidente del Ateneo de Sevilla Emilio Boja. Abajo, la doctora \u00c1lvarez Silv\u00e1n firma un ejemplar del libnro a Aurora Vargas \"\/><\/p>\n<p>Presentaci\u00f3n en el renovado sal\u00f3n de actos del Colegio de M\u00e9dicos<br \/>\nArriba, de izquierda a derecha, los doctores P\u00e9rez Calero, Arg\u00fcelles y Gallardo con la doctora \u00c1lvarez en el centro, Alfonso Carmona, el diputado Francisco Jos\u00e9 Toajas y el presidente del Ateneo de Sevilla Emilio Boja. Abajo, la doctora \u00c1lvarez Silv\u00e1n firma un ejemplar del libnro a Aurora Vargas<br \/>\nABC<\/p>\n<p class=\"voc-p\" style=\"\">Es m\u00e1s que reconocida la presidenta y fundadora de Andex por su dedicaci\u00f3n a la oncolog\u00eda pedi\u00e1trica a lo largo de m\u00e1s de 50 a\u00f1os, siendo impulsora de la unidad de oncolog\u00eda pedi\u00e1trica en dicho hospital. Fue asimismo<strong> autora de &#8216;Dame la mano&#8217;,<\/strong> su primer libro y ahora lanza &#8216;Por los ni\u00f1os con c\u00e1ncer m\u00e1s all\u00e1 de las estrellas&#8217;, una obra que dice nacerle del coraz\u00f3n y que pretende \u00abdar luz a los ni\u00f1os y adolescentes con c\u00e1ncer, a sus familias y a todos aquellos que luchan contra el c\u00e1ncer infantil\u00bb, explica la doctora a ABC.<\/p>\n<p class=\"voc-p\" style=\"\">\u00abEs un libro entra\u00f1able, cercano y f\u00e1cil de leer, porque <strong>viene a ser una semblanza de mi vida profesional<\/strong> desde los a\u00f1os setenta. Evoca la historia de mi unidad de oncolog\u00eda pedi\u00e1trica del hospital Virgen del Roc\u00edo de 1972 a 2005 y tambi\u00e9n el inicio de Andex\u00bb, relata la doctora. Ah\u00ed es nada. Entre sus cap\u00edtulos, se pueden encontrar sentidas dedicatorias a la expresidenta de Andex Maria Luisa Guardiola, a j\u00f3venes que fueron curados, \u00abalgunos de ellos con m\u00e1s de 50 a\u00f1os de supervivencia\u00bb, declara; y tambi\u00e9n hay en su publicaci\u00f3n palabras m\u00e1s que merecidas hacia los voluntarios, \u00abel buque insignia de Andex\u00bb, apostilla.<\/p>\n<p class=\"voc-p\" style=\"\">La compra de este nuevo libro, &#8216;Por los ni\u00f1os con c\u00e1ncer m\u00e1s all\u00e1 de las estrellas&#8217;, ya est\u00e1 disponible tanto en la sede f\u00edsica de Andex, ubicada en la calle Castillo de Alcal\u00e1 de Guada\u00edra, en Sevilla capital; y en la tienda solidaria de la web de la organizaci\u00f3n, <a href=\"https:\/\/andexcancer.es\/tienda\/\" target=\"_self\" data-voc-vtm-id=\"in-text-traffic\" title=\"cuyo enlace es \u00e9ste\" data-mrf-link=\"andexcancer.es\" rel=\"nofollow noopener\">cuyo enlace es \u00e9ste<\/a>. Todos los beneficios econ\u00f3micos obtenidos de este libro de la doctora <strong>ir\u00e1n destinados a la causa de Andex<\/strong>, como una de las asociaciones de referencia a nivel nacional en el cuidado y el trato con ni\u00f1os con c\u00e1ncer infantil as\u00ed como de sus familias.<\/p>\n","protected":false},"excerpt":{"rendered":"La presidenta y fundadora de Andex, la doctora Ana Mar\u00eda \u00c1lvarez Silv\u00e1n, ha presentado este martes 14 de&hellip;\n","protected":false},"author":2,"featured_media":176943,"comment_status":"","ping_status":"","sticky":false,"template":"","format":"standard","meta":{"footnotes":""},"categories":[172],"tags":[50652,224,146,147,25,24,1496,225,524,2782,14107,23],"class_list":{"0":"post-176942","1":"post","2":"type-post","3":"status-publish","4":"format-standard","5":"has-post-thumbnail","7":"category-libros","8":"tag-andex","9":"tag-books","10":"tag-entertainment","11":"tag-entretenimiento","12":"tag-es","13":"tag-espana","14":"tag-libro","15":"tag-libros","16":"tag-nuevo","17":"tag-presenta","18":"tag-presidenta","19":"tag-spain"},"share_on_mastodon":{"url":"","error":""},"_links":{"self":[{"href":"https:\/\/www.europesays.com\/es\/wp-json\/wp\/v2\/posts\/176942","targetHints":{"allow":["GET"]}}],"collection":[{"href":"https:\/\/www.europesays.com\/es\/wp-json\/wp\/v2\/posts"}],"about":[{"href":"https:\/\/www.europesays.com\/es\/wp-json\/wp\/v2\/types\/post"}],"author":[{"embeddable":true,"href":"https:\/\/www.europesays.com\/es\/wp-json\/wp\/v2\/users\/2"}],"replies":[{"embeddable":true,"href":"https:\/\/www.europesays.com\/es\/wp-json\/wp\/v2\/comments?post=176942"}],"version-history":[{"count":0,"href":"https:\/\/www.europesays.com\/es\/wp-json\/wp\/v2\/posts\/176942\/revisions"}],"wp:featuredmedia":[{"embeddable":true,"href":"https:\/\/www.europesays.com\/es\/wp-json\/wp\/v2\/media\/176943"}],"wp:attachment":[{"href":"https:\/\/www.europesays.com\/es\/wp-json\/wp\/v2\/media?parent=176942"}],"wp:term":[{"taxonomy":"category","embeddable":true,"href":"https:\/\/www.europesays.com\/es\/wp-json\/wp\/v2\/categories?post=176942"},{"taxonomy":"post_tag","embeddable":true,"href":"https:\/\/www.europesays.com\/es\/wp-json\/wp\/v2\/tags?post=176942"}],"curies":[{"name":"wp","href":"https:\/\/api.w.org\/{rel}","templated":true}]}}