{"id":176962,"date":"2025-10-14T20:35:20","date_gmt":"2025-10-14T20:35:20","guid":{"rendered":"https:\/\/www.europesays.com\/es\/176962\/"},"modified":"2025-10-14T20:35:20","modified_gmt":"2025-10-14T20:35:20","slug":"el-psoe-se-queda-solo-en-el-congreso-con-su-propuesta-para-subir-la-cuota-a-los-autonomos","status":"publish","type":"post","link":"https:\/\/www.europesays.com\/es\/176962\/","title":{"rendered":"El PSOE se queda solo en el Congreso con su propuesta para subir la cuota a los aut\u00f3nomos"},"content":{"rendered":"<p>El <a href=\"https:\/\/theobjective.com\/etiqueta\/psoe\/\" rel=\"nofollow noopener\" target=\"_blank\">PSOE<\/a> se ha quedado solo en el <a href=\"https:\/\/theobjective.com\/etiqueta\/congreso-de-los-diputados\/\" rel=\"nofollow noopener\" target=\"_blank\">Congreso<\/a> con la propuesta del Ministerio de Inclusi\u00f3n, Seguridad Social y Migraciones para <a href=\"https:\/\/theobjective.com\/economia\/2025-10-13\/gobierno-cuotas-autonomos\" rel=\"nofollow noopener\" target=\"_blank\">subir las cuotas de aut\u00f3nomos a partir del a\u00f1o que viene<\/a>, puesto que <strong>PP, Vox, Junts, ERC y Sumar ya se han posicionado p\u00fablicamente en contra<\/strong>.<\/p>\n<p>El Ministerio dirigido por la socialista <a href=\"https:\/\/theobjective.com\/etiqueta\/elma-saiz\/\" rel=\"nofollow noopener\" target=\"_blank\">Elma Saiz<\/a> propuso el lunes <strong>elevar para el pr\u00f3ximo a\u00f1o las cuotas mensuales que actualmente pagan los trabajadores por cuenta propia<\/strong>, de manera que una persona que gane menos de 670 euros vendr\u00eda a pagar unos 217 euros.<\/p>\n<p>Partidos de la oposici\u00f3n, del bloque de investidura y hasta el socio minoritario del Gobierno han salido a criticar la propuesta que tampoco ha calado en la Asociaci\u00f3n de Trabajadores Aut\u00f3nomos (ATA), cuyo presidente Lorenzo Amor ha calificado de \u201csablazo\u201d y \u00abatraco\u00bb la iniciativa del Ejecutivo.<\/p>\n<p>Junts y ERC critican la propuesta<\/p>\n<p>La portavoz de Junts en la C\u00e1mara Baja, <strong>Miriam Nogueras, ha avisado a trav\u00e9s de la red social X que \u00abni un solo voto\u00bb de su partido ir\u00e1 a \u00abapretar m\u00e1s\u00bb a los aut\u00f3nomos<\/strong>, ya que a su juicio lo que hace falta es \u00abrebajar la presi\u00f3n en las clases medias y trabajadoras\u00bb.<\/p>\n<blockquote class=\"twitter-tweet\" data-width=\"550\" data-dnt=\"true\">\n<p lang=\"ca\" dir=\"ltr\">NI UN SOL VOT de Junts anir\u00e0 a collar m\u00e9s els aut\u00f2noms. <br \/>El que cal \u00e9s rebaixar la pressi\u00f3 fiscal a les classes mitjanes i treballadores de Catalunya. <a href=\"https:\/\/t.co\/7JOpZjyCfc\" rel=\"nofollow\">https:\/\/t.co\/7JOpZjyCfc<\/a><\/p>\n<p>\u2014 Miriam Nogueras \ud83c\udf97 (@miriamnoguerasM) <a href=\"https:\/\/twitter.com\/miriamnoguerasM\/status\/1977795182566268976?ref_src=twsrc%5Etfw\" rel=\"nofollow noopener\" target=\"_blank\">October 13, 2025<\/a><\/p><\/blockquote>\n<p>De su lado, el l\u00edder de Esquerra Republicana (ERC), <strong>Oriol Junqueras, ha se\u00f1alado tambi\u00e9n a trav\u00e9s de la red social que los aut\u00f3nomos \u00abno merecen vivir estrangulados\u00bb<\/strong>. \u00abEs necesario un reparto m\u00e1s justo de la riqueza, y una nueva financiaci\u00f3n es clave para conseguirlo\u00bb, ha dicho en un mensaje.<\/p>\n<blockquote class=\"twitter-tweet\" data-width=\"550\" data-dnt=\"true\">\n<p lang=\"ca\" dir=\"ltr\">Aut\u00f2noms i treballadors\/es no es mereixen viure escanyats. Cal un repartiment m\u00e9s just de la riquesa, i un nou finan\u00e7ament \u00e9s clau per aconseguir-ho. El creixement de l\u2019economia catalana s\u2019ha de notar a totes les butxaques del pa\u00eds. <a href=\"https:\/\/t.co\/bzsPCUdfET\" rel=\"nofollow\">pic.twitter.com\/bzsPCUdfET<\/a><\/p>\n<p>\u2014 Oriol Junqueras \ud83c\udf97\ufe0f (@junqueras) <a href=\"https:\/\/twitter.com\/junqueras\/status\/1978040709216170362?ref_src=twsrc%5Etfw\" rel=\"nofollow noopener\" target=\"_blank\">October 14, 2025<\/a><\/p><\/blockquote>\n<p>Por otra parte, el vicesecretario de Hacienda del PP, Juan Bravo, ha criticado que el Gobierno no encuentre socios para aprobar leyes o Presupuestos, pero <strong>no dude en subir los impuestos a los espa\u00f1oles y, m\u00e1s concretamente, a los aut\u00f3nomos<\/strong>.<\/p>\n<p>En lo que respecta a Vox, la portavoz del partido en el Congreso, <strong>Pepa Mill\u00e1n, ha censurado la propuesta<\/strong> este martes en la C\u00e1mara Baja: \u00abSe ve que para el PSOE todav\u00eda no es suficiente, hay que exprimir todav\u00eda m\u00e1s a los espa\u00f1oles porque no pagan suficientes impuestos\u00bb.<\/p>\n<p>Sumar ve un \u00aberror\u00bb la iniciativa<\/p>\n<p>Por \u00faltimo, <strong>varios portavoces de Sumar han coincidido en ver la propuesta como un \u00aberror\u00bb al perjudicar a los trabajadores que menos ganan<\/strong>. As\u00ed, el portavoz de vivienda del grupo plurinacional en el Congreso, Alberto Ib\u00e1\u00f1ez, ha indicado que no le parece normal que en Espa\u00f1a \u00abpa\u00eds pague m\u00e1s impuestos una peluquera por lo que ingresa de su peque\u00f1o negocio que la misma peluquera si tiene tres pisos alquilados en Benicassim\u00bb.<\/p>\n<p>De su lado, la portavoz del grupo en el Congreso, Ver\u00f3nica Mart\u00ednez Barbero, considera que la iniciativa de Elma Saiz es \u00abpoco progresiva\u00bb y supone un \u00abdesincentivo\u00bb para los nuevos trabajadores por cuenta propia.<\/p>\n<p>Por \u00faltimo, la dirigente de En Com\u00fa y portavoz adjunta de Sumar en el Congreso, Aina Vidal, ha dicho que la propuesta \u00abno es justa\u00bb, por lo que ha invitado a la ministra Saiz a pensarse \u00abdos veces\u00bb sus iniciativas antes de hacerlas p\u00fablicas.<\/p>\n<p>                                                    <script async src=\"https:\/\/platform.twitter.com\/widgets.js\" charset=\"utf-8\"><\/script><\/p>\n","protected":false},"excerpt":{"rendered":"El PSOE se ha quedado solo en el Congreso con la propuesta del Ministerio de Inclusi\u00f3n, Seguridad Social&hellip;\n","protected":false},"author":2,"featured_media":176963,"comment_status":"","ping_status":"","sticky":false,"template":"","format":"standard","meta":{"footnotes":""},"categories":[5],"tags":[50656,17,18,14892,10027,13452,25,24,13,14,11,8920,19,20,9,10,15,16,2644,1699,23,4453,12,21,22,624],"class_list":{"0":"post-176962","1":"post","2":"type-post","3":"status-publish","4":"format-standard","5":"has-post-thumbnail","7":"category-titulares","8":"tag-autu00f3nomos","9":"tag-breaking-news","10":"tag-breakingnews","11":"tag-congreso-de-los-diputados","12":"tag-elma-saiz","13":"tag-erc-esquerra-republicana-de-catalunya","14":"tag-es","15":"tag-espana","16":"tag-featured-news","17":"tag-featurednews","18":"tag-headlines","19":"tag-junts-per-catalunya-jxcat","20":"tag-latest-news","21":"tag-latestnews","22":"tag-news","23":"tag-noticias","24":"tag-noticias-destacadas","25":"tag-noticiasdestacadas","26":"tag-pp-partido-popular","27":"tag-psoe","28":"tag-spain","29":"tag-sumar","30":"tag-titulares","31":"tag-ultimas-noticias","32":"tag-ultimasnoticias","33":"tag-vox"},"share_on_mastodon":{"url":"","error":""},"_links":{"self":[{"href":"https:\/\/www.europesays.com\/es\/wp-json\/wp\/v2\/posts\/176962","targetHints":{"allow":["GET"]}}],"collection":[{"href":"https:\/\/www.europesays.com\/es\/wp-json\/wp\/v2\/posts"}],"about":[{"href":"https:\/\/www.europesays.com\/es\/wp-json\/wp\/v2\/types\/post"}],"author":[{"embeddable":true,"href":"https:\/\/www.europesays.com\/es\/wp-json\/wp\/v2\/users\/2"}],"replies":[{"embeddable":true,"href":"https:\/\/www.europesays.com\/es\/wp-json\/wp\/v2\/comments?post=176962"}],"version-history":[{"count":0,"href":"https:\/\/www.europesays.com\/es\/wp-json\/wp\/v2\/posts\/176962\/revisions"}],"wp:featuredmedia":[{"embeddable":true,"href":"https:\/\/www.europesays.com\/es\/wp-json\/wp\/v2\/media\/176963"}],"wp:attachment":[{"href":"https:\/\/www.europesays.com\/es\/wp-json\/wp\/v2\/media?parent=176962"}],"wp:term":[{"taxonomy":"category","embeddable":true,"href":"https:\/\/www.europesays.com\/es\/wp-json\/wp\/v2\/categories?post=176962"},{"taxonomy":"post_tag","embeddable":true,"href":"https:\/\/www.europesays.com\/es\/wp-json\/wp\/v2\/tags?post=176962"}],"curies":[{"name":"wp","href":"https:\/\/api.w.org\/{rel}","templated":true}]}}