{"id":176964,"date":"2025-10-14T20:36:09","date_gmt":"2025-10-14T20:36:09","guid":{"rendered":"https:\/\/www.europesays.com\/es\/176964\/"},"modified":"2025-10-14T20:36:09","modified_gmt":"2025-10-14T20:36:09","slug":"el-oar-recibira-al-nava-en-la-ronda-inicial-de-la-copa-del-rey","status":"publish","type":"post","link":"https:\/\/www.europesays.com\/es\/176964\/","title":{"rendered":"El OAR recibir\u00e1 al Nava en la ronda inicial de la Copa del Rey"},"content":{"rendered":"<p class=\"ft-text\">Entre estaci\u00f3n y estaci\u00f3n de su camino en la Divisi\u00f3n de Honor Plata, el <strong>Attica 21 OAR<\/strong> tiene tiempo de pensar en la <strong>Copa del Rey<\/strong>. La escuadra que dirige <strong>Nando Gonz\u00e1lez<\/strong> se enfrentar\u00e1 al <strong>Viveros Herol Nava<\/strong> en la primera ronda de la competici\u00f3n del KO, el pr\u00f3ximo 5 de noviembre sobre el parqu\u00e9 de <strong>San Francisco Javier<\/strong>. Ser\u00e1 el estreno del club coru\u00f1\u00e9s en el torneo copero que, si bien no es una prioridad, s\u00ed se presenta como una buena ocasi\u00f3n para rodar jugadores y seguir dejando huella en el panorama del balonmano nacional.<\/p>\n<p class=\"ft-text\">El Nava se desplazar\u00e1 hasta A Coru\u00f1a con cartel de favorito, por su condici\u00f3n de equipo de <strong>Liga Asobal<\/strong>. Sin embargo, el combinado segoviano aterrizar\u00e1 en Galicia necesitado de buenas noticias, ya que no atraviesa un buen inicio de campa\u00f1a. De las cinco jornadas que ha disputado en la m\u00e1xima categor\u00eda, tan solo ha logrado una victoria. Lo hizo en la segunda fecha del calendario, ante el Cangas y por la m\u00ednima (34-33). Del resto, acumula derrotas frente al Aranda, al Granollers, al Ciudad Real y al Bidasoa, que marcha l\u00edder.<\/p>\n<p class=\"ft-text\">El Nava participa en esta ronda del sorteo tras su octavo puesto en liga el curso pasado, el mejor clasificado de los clubes de la \u00e9lite que entraron en el bombo de la primera fase. En Copa, el a\u00f1o pasado, cay\u00f3 en octavos contra el Alcobendas.<\/p>\n","protected":false},"excerpt":{"rendered":"Entre estaci\u00f3n y estaci\u00f3n de su camino en la Divisi\u00f3n de Honor Plata, el Attica 21 OAR tiene&hellip;\n","protected":false},"author":2,"featured_media":176965,"comment_status":"","ping_status":"","sticky":false,"template":"","format":"standard","meta":{"footnotes":""},"categories":[278],"tags":[376,1941,168,25,24,375,50657,11655,5967,5972,10795,9251,23,167],"class_list":{"0":"post-176964","1":"post","2":"type-post","3":"status-publish","4":"format-standard","5":"has-post-thumbnail","7":"category-balonmano","8":"tag-balonmano","9":"tag-copa-del-rey","10":"tag-deportes","11":"tag-es","12":"tag-espana","13":"tag-handball","14":"tag-inicial","15":"tag-nava","16":"tag-oar","17":"tag-oar-coruna","18":"tag-recibira","19":"tag-ronda","20":"tag-spain","21":"tag-sports"},"share_on_mastodon":{"url":"","error":""},"_links":{"self":[{"href":"https:\/\/www.europesays.com\/es\/wp-json\/wp\/v2\/posts\/176964","targetHints":{"allow":["GET"]}}],"collection":[{"href":"https:\/\/www.europesays.com\/es\/wp-json\/wp\/v2\/posts"}],"about":[{"href":"https:\/\/www.europesays.com\/es\/wp-json\/wp\/v2\/types\/post"}],"author":[{"embeddable":true,"href":"https:\/\/www.europesays.com\/es\/wp-json\/wp\/v2\/users\/2"}],"replies":[{"embeddable":true,"href":"https:\/\/www.europesays.com\/es\/wp-json\/wp\/v2\/comments?post=176964"}],"version-history":[{"count":0,"href":"https:\/\/www.europesays.com\/es\/wp-json\/wp\/v2\/posts\/176964\/revisions"}],"wp:featuredmedia":[{"embeddable":true,"href":"https:\/\/www.europesays.com\/es\/wp-json\/wp\/v2\/media\/176965"}],"wp:attachment":[{"href":"https:\/\/www.europesays.com\/es\/wp-json\/wp\/v2\/media?parent=176964"}],"wp:term":[{"taxonomy":"category","embeddable":true,"href":"https:\/\/www.europesays.com\/es\/wp-json\/wp\/v2\/categories?post=176964"},{"taxonomy":"post_tag","embeddable":true,"href":"https:\/\/www.europesays.com\/es\/wp-json\/wp\/v2\/tags?post=176964"}],"curies":[{"name":"wp","href":"https:\/\/api.w.org\/{rel}","templated":true}]}}