{"id":176976,"date":"2025-10-14T20:44:09","date_gmt":"2025-10-14T20:44:09","guid":{"rendered":"https:\/\/www.europesays.com\/es\/176976\/"},"modified":"2025-10-14T20:44:09","modified_gmt":"2025-10-14T20:44:09","slug":"la-aemet-pronostica-31-grados-para-el-sabado-con-el-sevilla","status":"publish","type":"post","link":"https:\/\/www.europesays.com\/es\/176976\/","title":{"rendered":"La AEMET pronostica 31 grados para el s\u00e1bado con el Sevilla"},"content":{"rendered":"<p>14\/10\/2025<br \/>\n<br \/><strong><br \/>\nActualizado a las 17:52h.<br \/>\n<\/strong><\/p>\n<p class=\"voc-p\" style=\"\">El <strong>Sevilla<\/strong> se enfrentar\u00e1 al <strong>Mallorca<\/strong> el pr\u00f3ximo s\u00e1bado en el <strong>Ram\u00f3n S\u00e1nchez-Pizju\u00e1n<\/strong> en el marco de la jornada nueve de LaLiga EA Sports. El duelo dar\u00e1 comienzo a las 14 horas y en esta ocasi\u00f3n el equipo de <strong>Mat\u00edas Almeyda<\/strong> &#8230;  buscar\u00e1 su tercera victoria consecutiva tras llegara a la cita despu\u00e9s de derrotar al Rayo Vallecano y al Barcelona. Tal y como ocurriera en el duelo ante el equipo catal\u00e1n previo al par\u00f3n para la disputa de partidos internacionales, se espera que de nuevo los aficionados sevillistas que acudan al Ram\u00f3n S\u00e1nchez-Pizju\u00e1n tengan que soportar  <strong>altas temperaturas. <\/strong><\/p>\n<p class=\"voc-p\" style=\"\">La Agencia Estatal de Meteorolog\u00eda (<strong>AEMET<\/strong>) pronostica que durante el s\u00e1bado 18 de octubre se alcanzar\u00e1 una temperatura m\u00e1xima en la ciudad de Sevilla de <strong>31 grados<\/strong>. Teniendo en cuenta que las horas de mayor calor suelen ser las primeras de la tarde y que el partido arrancar\u00e1 a las 14 horas, probablemente durante el choque se den las condiciones atmosf\u00e9ricas m\u00e1s desfavorables del d\u00eda. <\/p>\n<p class=\"voc-p\" style=\"\">En el Sevilla &#8211; Barcelona disputado el pasado 5 de octubre fueron numerosos los aficionados del cuadro nervionense los que lamentaron que el partido se disputara a la hora prevista (arranc\u00f3 a las 16.15) por la temperatura tan elevada que hac\u00eda en Sevilla. <\/p>\n<p class=\"voc-p\" style=\"\">Pese a que encaramos la recta final del mes de octubre, las temperaturas siguen siendo altas en la capital de Andaluc\u00eda super\u00e1ndose los 30 grados de m\u00e1xima. <\/p>\n<p>\nArt\u00edculo solo para suscriptores\n<\/p>\n<p>Reportar un error<\/p>\n","protected":false},"excerpt":{"rendered":"14\/10\/2025 Actualizado a las 17:52h. El Sevilla se enfrentar\u00e1 al Mallorca el pr\u00f3ximo s\u00e1bado en el Ram\u00f3n S\u00e1nchez-Pizju\u00e1n&hellip;\n","protected":false},"author":2,"featured_media":176977,"comment_status":"","ping_status":"","sticky":false,"template":"","format":"standard","meta":{"footnotes":""},"categories":[268],"tags":[2980,168,25,24,49932,280,282,21090,297,2457,12391,3397,1171,281,23,167],"class_list":{"0":"post-176976","1":"post","2":"type-post","3":"status-publish","4":"format-standard","5":"has-post-thumbnail","7":"category-futbol","8":"tag-aemet","9":"tag-deportes","10":"tag-es","11":"tag-espana","12":"tag-fijado","13":"tag-football","14":"tag-futbol","15":"tag-grados","16":"tag-horas","17":"tag-mallorca","18":"tag-pronostica","19":"tag-sabado","20":"tag-sevilla","21":"tag-soccer","22":"tag-spain","23":"tag-sports"},"share_on_mastodon":{"url":"","error":""},"_links":{"self":[{"href":"https:\/\/www.europesays.com\/es\/wp-json\/wp\/v2\/posts\/176976","targetHints":{"allow":["GET"]}}],"collection":[{"href":"https:\/\/www.europesays.com\/es\/wp-json\/wp\/v2\/posts"}],"about":[{"href":"https:\/\/www.europesays.com\/es\/wp-json\/wp\/v2\/types\/post"}],"author":[{"embeddable":true,"href":"https:\/\/www.europesays.com\/es\/wp-json\/wp\/v2\/users\/2"}],"replies":[{"embeddable":true,"href":"https:\/\/www.europesays.com\/es\/wp-json\/wp\/v2\/comments?post=176976"}],"version-history":[{"count":0,"href":"https:\/\/www.europesays.com\/es\/wp-json\/wp\/v2\/posts\/176976\/revisions"}],"wp:featuredmedia":[{"embeddable":true,"href":"https:\/\/www.europesays.com\/es\/wp-json\/wp\/v2\/media\/176977"}],"wp:attachment":[{"href":"https:\/\/www.europesays.com\/es\/wp-json\/wp\/v2\/media?parent=176976"}],"wp:term":[{"taxonomy":"category","embeddable":true,"href":"https:\/\/www.europesays.com\/es\/wp-json\/wp\/v2\/categories?post=176976"},{"taxonomy":"post_tag","embeddable":true,"href":"https:\/\/www.europesays.com\/es\/wp-json\/wp\/v2\/tags?post=176976"}],"curies":[{"name":"wp","href":"https:\/\/api.w.org\/{rel}","templated":true}]}}