{"id":176982,"date":"2025-10-14T20:47:08","date_gmt":"2025-10-14T20:47:08","guid":{"rendered":"https:\/\/www.europesays.com\/es\/176982\/"},"modified":"2025-10-14T20:47:08","modified_gmt":"2025-10-14T20:47:08","slug":"el-libro-que-muestra-la-amistad-sin-filtros-y-su-relacion-con-lo-burgues-y-lo-animal","status":"publish","type":"post","link":"https:\/\/www.europesays.com\/es\/176982\/","title":{"rendered":"El libro que muestra la amistad sin filtros y su relaci\u00f3n con lo burgu\u00e9s y lo animal"},"content":{"rendered":"<p class=\"article-text\">\n        Dejar huella de encuentros vivos en los que dos cuerpos se re\u00fanen para pensar juntos. Este es el objetivo de la serie &#8216;Conversaciones&#8217; de la editorial Continta Me Tienes, que en esta ocasi\u00f3n ha unido a las escritoras y amigas <a href=\"https:\/\/www.eldiario.es\/cultura\/libros\/tres-fragmentos-escribir-nuevo-libro-sabina-urraca_1_12140499.html\" data-mrf-recirculation=\"links-noticia\" class=\"link\" rel=\"nofollow noopener\" target=\"_blank\">Sabina Urraca<\/a> y Mar\u00eda Folguera, para reflexionar sobre Las derivas de la amistad. Durante su conversaci\u00f3n exploraron distintos temas en los ritmos que imponen las charlas sin prisa, sin aparente rumbo, profundas y en las que, muchas veces sin saberlo, se arregla el mundo; o como m\u00ednimo se hace de \u00e9l un lugar un poquito mejor. Y tambi\u00e9n una conversaci\u00f3n que cobra una doble vida en la terraza del <a href=\"https:\/\/www.eldiario.es\/cultura\/circulo-bellas-artes-pide-pare-matanza-gaza-presentacion-temporada-celebra-centenario_1_12588551.html\" data-mrf-recirculation=\"links-noticia\" class=\"link\" rel=\"nofollow noopener\" target=\"_blank\">C\u00edrculo de Bellas Artes de Madrid, <\/a>desde donde siguen ampliando, con elDiario.es de testigo, sus pensamientos en torno a los apegos \u2013y desapegos\u2013 que se generan entre la tambi\u00e9n conocida como &#8216;familia elegida&#8217;.\n    <\/p>\n<p class=\"article-text\">\n        Las amigas aparecen desde la infancia para marcar la adolescencia. Y, durante estas, su construcci\u00f3n se ve influenciada hasta por las propias amistades que hayamos visto desarrollar a nuestros padres. Sabina Urraca explica que, en su caso, al contrario que ahora, creci\u00f3 en un hogar en el que sus progenitores no tuvieron muchos amigos.\n    <\/p>\n","protected":false},"excerpt":{"rendered":"Dejar huella de encuentros vivos en los que dos cuerpos se re\u00fanen para pensar juntos. Este es el&hellip;\n","protected":false},"author":2,"featured_media":176983,"comment_status":"","ping_status":"","sticky":false,"template":"","format":"standard","meta":{"footnotes":""},"categories":[172],"tags":[18047,3432,224,50659,146,147,25,24,39454,1496,225,1156,5977,23],"class_list":{"0":"post-176982","1":"post","2":"type-post","3":"status-publish","4":"format-standard","5":"has-post-thumbnail","7":"category-libros","8":"tag-amistad","9":"tag-animal","10":"tag-books","11":"tag-burgues","12":"tag-entertainment","13":"tag-entretenimiento","14":"tag-es","15":"tag-espana","16":"tag-filtros","17":"tag-libro","18":"tag-libros","19":"tag-muestra","20":"tag-relacion","21":"tag-spain"},"share_on_mastodon":{"url":"","error":""},"_links":{"self":[{"href":"https:\/\/www.europesays.com\/es\/wp-json\/wp\/v2\/posts\/176982","targetHints":{"allow":["GET"]}}],"collection":[{"href":"https:\/\/www.europesays.com\/es\/wp-json\/wp\/v2\/posts"}],"about":[{"href":"https:\/\/www.europesays.com\/es\/wp-json\/wp\/v2\/types\/post"}],"author":[{"embeddable":true,"href":"https:\/\/www.europesays.com\/es\/wp-json\/wp\/v2\/users\/2"}],"replies":[{"embeddable":true,"href":"https:\/\/www.europesays.com\/es\/wp-json\/wp\/v2\/comments?post=176982"}],"version-history":[{"count":0,"href":"https:\/\/www.europesays.com\/es\/wp-json\/wp\/v2\/posts\/176982\/revisions"}],"wp:featuredmedia":[{"embeddable":true,"href":"https:\/\/www.europesays.com\/es\/wp-json\/wp\/v2\/media\/176983"}],"wp:attachment":[{"href":"https:\/\/www.europesays.com\/es\/wp-json\/wp\/v2\/media?parent=176982"}],"wp:term":[{"taxonomy":"category","embeddable":true,"href":"https:\/\/www.europesays.com\/es\/wp-json\/wp\/v2\/categories?post=176982"},{"taxonomy":"post_tag","embeddable":true,"href":"https:\/\/www.europesays.com\/es\/wp-json\/wp\/v2\/tags?post=176982"}],"curies":[{"name":"wp","href":"https:\/\/api.w.org\/{rel}","templated":true}]}}