{"id":177003,"date":"2025-10-14T21:00:25","date_gmt":"2025-10-14T21:00:25","guid":{"rendered":"https:\/\/www.europesays.com\/es\/177003\/"},"modified":"2025-10-14T21:00:25","modified_gmt":"2025-10-14T21:00:25","slug":"el-esperado-final-de-una-etapa-gris","status":"publish","type":"post","link":"https:\/\/www.europesays.com\/es\/177003\/","title":{"rendered":"El esperado final de una etapa gris"},"content":{"rendered":"<p class=\"ft-text\">Y al <strong>d\u00e9cimo d\u00eda<\/strong> concluy\u00f3. La <strong>feria del Pilar 2025<\/strong> ha resultado un camino tortuoso con demasiados sobresaltos cada jornada, resultados modestos y en medio de un ambiente general entre la decepci\u00f3n y el cabreo en el que el grito m\u00e1s escuchado desde el tendido ha sido <strong>\u00a1Z\u00fa\u00f1iga, vete ya!<\/strong> en relaci\u00f3n al empresario del coso.<\/p>\n<p class=\"ft-text\">El peor pecado de esta empresa que este lunes ha concluido su contrato de explotaci\u00f3n ha sido intentar gestionar La Misericordia como si <strong>fuera el coso de un pueblo grande<\/strong> y no el de la cuarta ciudad de Espa\u00f1a. Z\u00fa\u00f1iga y toros, SL, ha hecho largo de pico y corto de billetera a la hora de comprar. Todo pivotando en torno a la fuente de la abundancia que son los festejos populares.<\/p>\n<p>Sin ning\u00fan v\u00ednculo<\/p>\n<p class=\"ft-text\">Aun as\u00ed, ni un cartel en los comercios o en los espacios habilitados, cero publicidad en los medios locales; han pisado la ciudad lo justo para llegar, dar los festejos y pirarse, sin crear ning\u00fan v\u00ednculo con su clientela. El se\u00f1or de Valladolid deja <strong>un recuerdo imborrable por nefasto.<\/strong><\/p>\n<p class=\"ft-text\">A lo visto los a\u00f1os anteriores, muchos aficionados especulaban con que el anuncio de Morante y Roca Rey era un camelo, <strong>una enga\u00f1ifa para asegurar dos entradones.<\/strong> Uno nunca quiere pensarlo pero al final, no vinieron.<\/p>\n<p class=\"ft-text\">El rosario de sustituciones ha sido antol\u00f3gico, bien es verdad que por cuestiones sobrevenidas. Hasta ocho actuantes han sido reemplazados. Pero lo m\u00e1s indignante ha sido lo del ganado. <strong>Viendo el sindi\u00f3s que cada d\u00eda hab\u00eda en los corrales<\/strong>, por ejemplo para sacar una corrida de toros el d\u00eda del Pilar para tres toreros sin fuerza para imponer nada (excepto su propia dignidad, claro est\u00e1) que vieron c\u00f3mo hasta las 11.00 horas del mismo d\u00eda no llegaba un cami\u00f3n con la corrida que sustitu\u00eda a la que se hab\u00edan apuntado y que no pas\u00f3 \u00a1por falta de peso! No dio el peso sabiendo<strong> desde julio o antes que ten\u00edan que lidiarse el 12 de octubre.<\/strong><\/p>\n<p>M\u00e1s descalabros<\/p>\n<p class=\"ft-text\">Otro descalabro que retrata a esta empresa es el barullo para sacar adelante la novillada del d\u00eda 7: se presentaron nueve utreros aprob\u00e1ndose s\u00f3lo cuatro de ellos. Ese es el<strong> term\u00f3metro de lo que se ha vivido en corrales.<\/strong> Porque de las tres ganader\u00edas distintas para el mano a mano entre Castella y Aar\u00f3n Palacio ya ni hablamos.<\/p>\n<p class=\"ft-text\">Luego, cuando sale el toro, a la mayor\u00eda ocasional e ignorante, casi todo le da igual siempre que haya gintonic. As\u00ed, se celebr\u00f3 largamente la puerta grande de un <strong>Sebasti\u00e1n Castella soberbio en el mano a mano con Aar\u00f3n<\/strong>, quien dio la medida de un torero de gran proyecci\u00f3n. Sobresaliente. Una bandera para esta tierra.<\/p>\n<p class=\"ft-text\">El franc\u00e9s, que repiti\u00f3 para cubrir la baja de Morante no estuvo afortunado a la segunda. En ese cartel repiti\u00f3 tambi\u00e9n Fernando Adri\u00e1n, que hab\u00eda cortado dos orejas (una y una) y que tambi\u00e9n obtuvo<strong> un trofeo el d\u00eda de la alternativa de Cristiano Torres.<\/strong> El zaragozano estuvo realmente bien ofreciendo una versi\u00f3n desconocida de su toreo cort\u00e1ndole las dos orejas al toro de la alternativa. Magn\u00edfico.<\/p>\n<p>Y Daniel Luque<\/p>\n<p class=\"ft-text\">Otro de los toreros destacados (puerta grande) fue<strong> Daniel Luque, triunfador de la feria del a\u00f1o 2024 <\/strong>\u00a1que se hab\u00eda quedado fuera de los carteles! y entr\u00f3 como sustituto de Roca Rey.<\/p>\n<p class=\"ft-text\">Bien la representaci\u00f3n aragonesa que hab\u00eda iniciado<strong> El Mene (una oreja) igual que los j\u00f3venes de las escuelas taurinas<\/strong> (un \u00fanico trofeo para Miguel Remiro) y que cerr\u00f3 Alberto \u00c1lvarez el d\u00eda del Pilar despidi\u00e9ndose del toreo sin hacer ruido ante un lote infumable de Salvador Gavira. Por supuesto, la de rejones, bol\u00f3n de p\u00fablico y puerta grande para Sergio Gal\u00e1n y Diego Ventura.<\/p>\n<p class=\"ft-text ft-helper-align-justify\">Llega ahora el momento de redactar el <strong>nuevo pliego de condiciones<\/strong> para la explotaci\u00f3n del coso en busca de una empresa que est\u00e9 a la altura de Zaragoza. Y tal.\u00a0<\/p>\n","protected":false},"excerpt":{"rendered":"Y al d\u00e9cimo d\u00eda concluy\u00f3. La feria del Pilar 2025 ha resultado un camino tortuoso con demasiados sobresaltos&hellip;\n","protected":false},"author":2,"featured_media":177004,"comment_status":"","ping_status":"","sticky":false,"template":"","format":"standard","meta":{"footnotes":""},"categories":[277],"tags":[197,373,4793,168,25,24,599,47002,4587,18721,1925,8669,23,167,374,444,491],"class_list":{"0":"post-177003","1":"post","2":"type-post","3":"status-publish","4":"format-standard","5":"has-post-thumbnail","7":"category-toreo","8":"tag-balance","9":"tag-bullfighting","10":"tag-carmelo","11":"tag-deportes","12":"tag-es","13":"tag-espana","14":"tag-feria","15":"tag-feria-del-pilar","16":"tag-la-misericordia","17":"tag-moya","18":"tag-opinion","19":"tag-pilar","20":"tag-spain","21":"tag-sports","22":"tag-toreo","23":"tag-toros","24":"tag-zaragoza"},"share_on_mastodon":{"url":"","error":""},"_links":{"self":[{"href":"https:\/\/www.europesays.com\/es\/wp-json\/wp\/v2\/posts\/177003","targetHints":{"allow":["GET"]}}],"collection":[{"href":"https:\/\/www.europesays.com\/es\/wp-json\/wp\/v2\/posts"}],"about":[{"href":"https:\/\/www.europesays.com\/es\/wp-json\/wp\/v2\/types\/post"}],"author":[{"embeddable":true,"href":"https:\/\/www.europesays.com\/es\/wp-json\/wp\/v2\/users\/2"}],"replies":[{"embeddable":true,"href":"https:\/\/www.europesays.com\/es\/wp-json\/wp\/v2\/comments?post=177003"}],"version-history":[{"count":0,"href":"https:\/\/www.europesays.com\/es\/wp-json\/wp\/v2\/posts\/177003\/revisions"}],"wp:featuredmedia":[{"embeddable":true,"href":"https:\/\/www.europesays.com\/es\/wp-json\/wp\/v2\/media\/177004"}],"wp:attachment":[{"href":"https:\/\/www.europesays.com\/es\/wp-json\/wp\/v2\/media?parent=177003"}],"wp:term":[{"taxonomy":"category","embeddable":true,"href":"https:\/\/www.europesays.com\/es\/wp-json\/wp\/v2\/categories?post=177003"},{"taxonomy":"post_tag","embeddable":true,"href":"https:\/\/www.europesays.com\/es\/wp-json\/wp\/v2\/tags?post=177003"}],"curies":[{"name":"wp","href":"https:\/\/api.w.org\/{rel}","templated":true}]}}