{"id":177019,"date":"2025-10-14T21:10:10","date_gmt":"2025-10-14T21:10:10","guid":{"rendered":"https:\/\/www.europesays.com\/es\/177019\/"},"modified":"2025-10-14T21:10:10","modified_gmt":"2025-10-14T21:10:10","slug":"80-mundos-abre-sus-puertas-en-la-calle-segura-libros-y-abrazos-en-la-nueva-etapa-de-la-libreria","status":"publish","type":"post","link":"https:\/\/www.europesays.com\/es\/177019\/","title":{"rendered":"80 Mundos abre sus puertas en la calle Segura: libros y abrazos en la nueva etapa de la librer\u00eda"},"content":{"rendered":"<p>ALICANTE.\u00a0La librer\u00eda alicantina <strong>80 Mundos<\/strong> ha iniciado un nuevo cap\u00edtulo en su historia con la inauguraci\u00f3n de su sede en el n\u00famero 22 de la calle Segura, donde se ubicaba hasta ahora la librer\u00eda <strong>Pynchon &amp; Co<\/strong>. La apertura al p\u00fablico en la tarde de este lunes, 14 de octubre, se ha vivido como una verdadera fiesta cultural, con libros, abrazos y el apoyo incondicional de los lectores y amigos. \u201cHemos tenido lleno absoluto y una acogida incre\u00edble;\u00a0unas <strong>300 personas<\/strong> nos han acompa\u00f1ado\u00a0en esta celebraci\u00f3n\u201d, explica <strong>Carmen Juan<\/strong>, una de los cuatro socios del negocio, sobre la gran afluencia de p\u00fablico durante la inauguraci\u00f3n.<\/p>\n<p data-end=\"1389\" data-start=\"922\">El nuevo espacio conserva la esencia que ha caracterizado a la librer\u00eda que atesora m\u00e1s de cu\u00e1tro d\u00e9cadas de historia\u00a0desde sus inicios en la calle General Marv\u00e1. Mantiene el servicio de cafeter\u00eda impulsado por <strong>Pynchon &amp; Co\u00a0<\/strong>y tambi\u00e9n continuar\u00e1 el \u00e1rea destinada a encuentros, presentaciones, talleres y clubes de lectura. \u201cTodas las librer\u00edas con un car\u00e1cter cultural necesitan un espacio donde dar cabida a actividades literarias, culturales y de debate; aqu\u00ed hemos trasladado tambi\u00e9n nuestro <strong>F\u00f3rum 80 Mundos<\/strong>, que seguir\u00e1 siendo un punto de encuentro esencial\u201d, afirma Carmen Juan.<\/p>\n<p data-end=\"1815\" data-start=\"1391\">Adem\u00e1s del espacio renovado, la nueva librer\u00eda ofrece m\u00e1s fondo y opciones para la disposici\u00f3n de los libros. \u201cTenemos m\u00e1s espacio para los libros de fondo, adem\u00e1s de las novedades; todav\u00eda estamos reorganizando algunas estanter\u00edas y buscando la mejor manera de ubicarlos todos, pero encontraremos la forma de mostrar todo lo que tenemos\u201d, se\u00f1ala la copropietaria del negocio, destacando la importancia de mantener la identidad de la librer\u00eda a pesar del cambio de ubicaci\u00f3n.<\/p>\n<p data-end=\"2210\" data-start=\"1817\">El nuevo local tambi\u00e9n est\u00e1 dise\u00f1ado para convertirse en un hogar acogedor, aunque los socios reconocen que a\u00fan deben adaptarse. \u201cEs como cuando te mudas a una nueva casa: hay que habitarla y construirla; este espacio es maravilloso, pero todav\u00eda estamos haci\u00e9ndolo nuestro y hoy, con la afluencia, las risas y los abrazos, la sensaci\u00f3n de hogar estaba casi completa\u201d, comenta Carmen Juan.<\/p>\n<p>&#13;<br \/>\n<img decoding=\"async\" alt=\"\" itemprop=\"url\" src=\"https:\/\/www.europesays.com\/es\/wp-content\/uploads\/2025\/10\/articulos-1690909.jpg\" title=\" - FOTOS: PEPE OLIVARES\"\/>&#13;<br \/>\n&#13;<br \/>\n&#13;<\/p>\n<ul itemprop=\"caption\">&#13;<\/p>\n<li class=\"media-pie\">Carmen Juan &#8211;<\/li>\n<p>&#13;<\/p>\n<li class=\"media-autor\" itemprop=\"author\">FOTOS: PEPE OLIVARES<\/li>\n<p>&#13;\n<\/ul>\n<p>&#13;<br \/>\n&#13;<\/p>\n<p><strong>Una cadena humana como gesto simb\u00f3lico<\/strong><\/p>\n<p data-end=\"2688\" data-start=\"2275\">Una semana antes de la inauguraci\u00f3n, los socios de 80 Mundos organizaron un acto que combin\u00f3 log\u00edstica y emoci\u00f3n: una cadena humana para trasladar la secci\u00f3n de poes\u00eda desde la antigua sede en la calle General Marv\u00e1 hasta la nueva librer\u00eda. La actividad permiti\u00f3 que lectores y amigos de la librer\u00eda participaran directamente en este proceso y se convirtiera en un s\u00edmbolo de la comunidad que rodea a 80 Mundos. \u201cEl 7 de octubre, que fue el \u00faltimo d\u00eda de apertura en el anterior local, convocamos a quienes quer\u00edan ayudarnos en la mudanza para trasladar simb\u00f3licamente la secci\u00f3n de poes\u00eda. Esta secci\u00f3n siempre ha sido nuestra ni\u00f1a mimada y quer\u00edamos que su traslado fuera significativo\u201d, recuerda.<\/p>\n<p data-end=\"2688\" data-start=\"2275\">\u201cParticiparon unas 70 personas, y fue un gesto que qued\u00f3 realmente bonito\u201d, relata Carmen Juan. La cadena humana, con participantes colocados aproximadamente a un metro entre uno y otro, recorri\u00f3 la distancia entre la antigua y la nueva librer\u00eda. M\u00e1s que un acto pr\u00e1ctico, fue un gesto cargado de simbolismo y de agradecimiento hacia quienes han acompa\u00f1ado a 80 Mundos durante m\u00e1s de cuarenta a\u00f1os y, en concreto, en la \u00faltima etapa en la que\u00a0<strong>Carmen Juan<\/strong>,\u00a0<strong>Marina Vicente<\/strong>,\u00a0<strong>Sara J. Trigueros<\/strong>\u00a0y\u00a0<strong>Ralph Del Valle <\/strong>vienen liderando la librer\u00eda.<\/p>\n<p>&#13;<br \/>\n<img decoding=\"async\" alt=\"\" itemprop=\"url\" src=\"https:\/\/www.europesays.com\/es\/wp-content\/uploads\/2025\/10\/articulos-1690916.jpg\" title=\" - FOTOS: PEPE OLIVARES\"\/>&#13;<br \/>\n&#13;<br \/>\n&#13;<\/p>\n<ul itemprop=\"caption\">&#13;<\/p>\n<li class=\"media-pie\">Inauguraci\u00f3n de 80 Mundos en la calle Segura de Alicante &#8211;<\/li>\n<p>&#13;<\/p>\n<li class=\"media-autor\" itemprop=\"author\">FOTOS: PEPE OLIVARES<\/li>\n<p>&#13;\n<\/ul>\n<p>&#13;<br \/>\n&#13;<\/p>\n<p><strong>La necesidad de un nuevo hogar<\/strong><\/p>\n<p data-end=\"3709\" data-start=\"3406\">El traslado de 80 Mundos fue consecuencia de la venta del edificio que albergaba su sede original en la calle General Marv\u00e1. Los nuevos propietarios planeaban destinar el inmueble a fines tur\u00edsticos, lo que <a href=\"https:\/\/alicanteplaza.es\/alicanteplaza\/cultura\/la-libreria-80-mundos-a-punto-de-cerrar-su-local-historico-tras-la-venta-del-edificio-para-uso-turistico\" rel=\"nofollow noopener\" target=\"_blank\">oblig\u00f3 a la librer\u00eda a buscar un nuevo espacio<\/a> que preservara su car\u00e1cter cultural. Gracias a una campa\u00f1a de <a href=\"https:\/\/alicanteplaza.es\/alicanteplaza\/cultura\/la-libreria-80-mundos-a-punto-de-cerrar-su-local-historico-tras-la-venta-del-edificio-para-uso-turistico\" rel=\"nofollow noopener\" target=\"_blank\">crowdfunding que recaud\u00f3 m\u00e1s de 24.000 euros<\/a>, los socios de la librer\u00eda pudieron asegurar la nueva ubicaci\u00f3n en el local que antes ocupaba Pynchon &amp; Co, en la calle Segura. \u201c<a href=\"https:\/\/alicanteplaza.es\/alicanteplaza\/cultura\/una-concentracion-de-300-personas-clama-en-alicante-contra-el-cierre-de-la-libreria-80-mundos\" rel=\"nofollow noopener\" target=\"_blank\">El apoyo de la comunidad ha sido fundamental<\/a>. Sin \u00e9l, no habr\u00edamos podido superar todo lo que supuso abandonar nuestra casa de siempre, encontrar un nuevo espacio y organizar la apertura en la nueva ubicaci\u00f3n. Ha sido un esfuerzo f\u00edsico, psicol\u00f3gico y emocional enorme\u201d, reconoce Carmen Juan.<\/p>\n<p data-end=\"4497\" data-start=\"4204\">En su apertura en la calle Segura, los lectores han mostrado un apoyo incondicional, tanto emocional como pr\u00e1ctico. \u201cMuchos lectores llevaban d\u00edas esperando para volver a pisar una librer\u00eda y llevarse novedades pendientes; su colaboraci\u00f3n ha sido esencial para este inicio\u201d, a\u00f1ade Carmen. As\u00ed, 80 Mundos sigue manteniendo su esp\u00edritu abierto y participativo, consolid\u00e1ndose como un <strong>punto de referencia cultural en Alicante<\/strong>. Con m\u00e1s espacio para los libros de fondo, \u00e1reas de encuentro, un caf\u00e9 y un programa cultural activo, la nueva sede promete continuar siendo un lugar donde los libros son el coraz\u00f3n de la experiencia y donde la comunidad de lectores sigue siendo el motor que sostiene la librer\u00eda.<\/p>\n<p data-end=\"5144\" data-start=\"4912\">\u201cSi no hubi\u00e9ramos notado el apoyo de la gente, no habr\u00edamos podido hacer lo que hemos hecho; ha sido fundamental para sobrellevar el cambio, para la mudanza y para afrontar la apertura de este nuevo espacio\u201d, concluye Carmen Juan sobre esta\u00a0nueva etapa en la que\u00a080 Mundos reafirma su papel como centro cultural y literario en Alicante, demostrando que, m\u00e1s all\u00e1 de los libros, lo que realmente da vida a la librer\u00eda es la comunidad que la respalda. Gestos,\u00a0abrazos y una cadena humana que construyen la historia de un espacio que sigue siendo hogar y punto de encuentro para todos los amantes de la lectura.<\/p>\n","protected":false},"excerpt":{"rendered":"ALICANTE.\u00a0La librer\u00eda alicantina 80 Mundos ha iniciado un nuevo cap\u00edtulo en su historia con la inauguraci\u00f3n de su&hellip;\n","protected":false},"author":2,"featured_media":177020,"comment_status":"","ping_status":"","sticky":false,"template":"","format":"standard","meta":{"footnotes":""},"categories":[172],"tags":[224,146,147,25,24,225,23],"class_list":{"0":"post-177019","1":"post","2":"type-post","3":"status-publish","4":"format-standard","5":"has-post-thumbnail","7":"category-libros","8":"tag-books","9":"tag-entertainment","10":"tag-entretenimiento","11":"tag-es","12":"tag-espana","13":"tag-libros","14":"tag-spain"},"share_on_mastodon":{"url":"","error":""},"_links":{"self":[{"href":"https:\/\/www.europesays.com\/es\/wp-json\/wp\/v2\/posts\/177019","targetHints":{"allow":["GET"]}}],"collection":[{"href":"https:\/\/www.europesays.com\/es\/wp-json\/wp\/v2\/posts"}],"about":[{"href":"https:\/\/www.europesays.com\/es\/wp-json\/wp\/v2\/types\/post"}],"author":[{"embeddable":true,"href":"https:\/\/www.europesays.com\/es\/wp-json\/wp\/v2\/users\/2"}],"replies":[{"embeddable":true,"href":"https:\/\/www.europesays.com\/es\/wp-json\/wp\/v2\/comments?post=177019"}],"version-history":[{"count":0,"href":"https:\/\/www.europesays.com\/es\/wp-json\/wp\/v2\/posts\/177019\/revisions"}],"wp:featuredmedia":[{"embeddable":true,"href":"https:\/\/www.europesays.com\/es\/wp-json\/wp\/v2\/media\/177020"}],"wp:attachment":[{"href":"https:\/\/www.europesays.com\/es\/wp-json\/wp\/v2\/media?parent=177019"}],"wp:term":[{"taxonomy":"category","embeddable":true,"href":"https:\/\/www.europesays.com\/es\/wp-json\/wp\/v2\/categories?post=177019"},{"taxonomy":"post_tag","embeddable":true,"href":"https:\/\/www.europesays.com\/es\/wp-json\/wp\/v2\/tags?post=177019"}],"curies":[{"name":"wp","href":"https:\/\/api.w.org\/{rel}","templated":true}]}}