{"id":177021,"date":"2025-10-14T21:11:10","date_gmt":"2025-10-14T21:11:10","guid":{"rendered":"https:\/\/www.europesays.com\/es\/177021\/"},"modified":"2025-10-14T21:11:10","modified_gmt":"2025-10-14T21:11:10","slug":"asi-es-su-familia-xxl-junto-a-luis-enriquez","status":"publish","type":"post","link":"https:\/\/www.europesays.com\/es\/177021\/","title":{"rendered":"as\u00ed es su familia XXL junto a Luis Enr\u00edquez"},"content":{"rendered":"<p data-start=\"465\" data-end=\"1187\">Esta noche, el plat\u00f3 de El Hormiguero recibe a una invitada de excepci\u00f3n: <a href=\"https:\/\/www.instagram.com\/susannagrisooficial\/?hl=es\" target=\"_blank\" rel=\"nofollow noopener noreferrer\"><strong data-start=\"541\" data-end=\"558\">Susanna Griso<\/strong><\/a>. La periodista catalana visita el programa de Pablo Motos para celebrar los <strong data-start=\"685\" data-end=\"716\">20 a\u00f1os de Espejo P\u00fablico<\/strong>, el formato que lidera desde 2006 y que se ha convertido en una de las piezas clave de Antena 3. Pero la ocasi\u00f3n llega en un momento especialmente dulce para la presentadora: acaba de <strong data-start=\"901\" data-end=\"966\">anunciar su compromiso con el empresario Luis Enr\u00edquez Nistal<\/strong>, con quien ha formado una familia tan amplia como diversa. \u00abUno m\u00e1s uno son ocho\u00bb, podr\u00eda ser perfectamente el t\u00edtulo de esta nueva etapa vital que Susanna afronta con ilusi\u00f3n, humor y una sonrisa de las que contagian.<\/p>\n<p data-start=\"1189\" data-end=\"1818\">A sus 56 a\u00f1os, Griso demuestra que la televisi\u00f3n puede ser tan exigente como generosa. Lleva tres d\u00e9cadas frente a las c\u00e1maras, y dos de ellas al frente del programa que la ha consolidado como referente informativo. Espejo P\u00fablico ha sido testigo de los momentos m\u00e1s convulsos de la actualidad espa\u00f1ola, desde elecciones y <a href=\"https:\/\/okdiario.com\/look\/actualidad\/emma-garcia-rompe-propio-veto-habla-sin-tapujos-sobre-politica-temor-que-hecho-cambiar-2390721\" rel=\"nofollow noopener\" target=\"_blank\">crisis pol\u00edticas<\/a> hasta grandes tragedias y acontecimientos hist\u00f3ricos. Su tono firme, su capacidad para improvisar y su empat\u00eda la han convertido en un rostro imprescindible del panorama televisivo. No en vano, ha sido galardonada con numerosos premios, entre ellos un Ondas, por su labor period\u00edstica.<\/p>\n<blockquote class=\"instagram-media\" style=\"background: #FFF; border: 0; border-radius: 3px; box-shadow: 0 0 1px 0 rgba(0,0,0,0.5),0 1px 10px 0 rgba(0,0,0,0.15); margin: 1px; max-width: 540px; min-width: 326px; padding: 0; width: calc(100% - 2px);\" data-instgrm-captioned=\"\" data-instgrm-permalink=\"https:\/\/www.instagram.com\/reel\/DPyE3NzDHX_\/?utm_source=ig_embed&amp;utm_campaign=loading\" data-instgrm-version=\"14\">\n<\/blockquote>\n<p data-start=\"1820\" data-end=\"2446\">Sin embargo, detr\u00e1s de la profesional incansable hay una mujer profundamente familiar. <strong data-start=\"1907\" data-end=\"1939\">La peque\u00f1a de siete hermanos<\/strong>, Susanna naci\u00f3 en Barcelona en el seno de una familia acomodada: su padre, Paco Griso, fue un reconocido empresario textil, y su madre, Montserrat Ravent\u00f3s, formaba parte de la hist\u00f3rica saga de bodegueros de Codorn\u00edu. Creci\u00f3 \u00aba caballo entre dos generaciones\u00bb, como ella misma ha contado, ya que apenas se llevaba nueve meses con su primera sobrina. Aquella infancia entre vi\u00f1edos, curiosidad y tertulias marc\u00f3 el car\u00e1cter de una ni\u00f1a despierta que, desde temprano, tuvo claro que quer\u00eda ser periodista.<\/p>\n<p data-start=\"2448\" data-end=\"2918\">Estudi\u00f3 Periodismo en la <strong data-start=\"2473\" data-end=\"2510\">Universidad Aut\u00f3noma de Barcelona<\/strong> y comenz\u00f3 su carrera en R\u00e0dio Sant Cugat y Catalunya R\u00e0dio. En los noventa dio el salto a TV3, donde present\u00f3 espacios como Tres senyores i un senyor o Telenot\u00edcies. Su talento y su serenidad en pantalla la llevaron pronto a Antena 3, donde en 1998 debut\u00f3 junto a <a href=\"https:\/\/okdiario.com\/look\/actualidad\/nace-primer-hijo-matias-prats-jr-claudia-collado-2314203\" rel=\"nofollow noopener\" target=\"_blank\">Mat\u00edas Prats<\/a> en Antena 3 Noticias 1. Ocho a\u00f1os despu\u00e9s, la cadena la puso al frente de Espejo P\u00fablico, y el resto ya es historia.<\/p>\n<p>\n<img decoding=\"async\" loading=\"lazy\" class=\"size-full wp-image-2402583\" alt=\"Susanna Griso en Madrid. (Foto: Gtres)\" width=\"1800\" height=\"2398\"  src=\"https:\/\/www.europesays.com\/es\/wp-content\/uploads\/2025\/09\/1758214691_923_placeholder.jpg\"  bad-src=\"https:\/\/www.europesays.com\/es\/wp-content\/uploads\/2025\/09\/1758214691_923_placeholder.jpg\"\/><\/p>\n<p><img decoding=\"async\" loading=\"lazy\" class=\"size-full wp-image-2402583\" src=\"https:\/\/www.europesays.com\/es\/wp-content\/uploads\/2025\/10\/u592714_062-1.jpg\" alt=\"Susanna Griso en Madrid. (Foto: Gtres)\" width=\"1800\" height=\"2398\"  \/><\/p>\n<p> Susanna Griso en Madrid. (Foto: Gtres)\n<\/p>\n<p data-start=\"2920\" data-end=\"3367\">En lo personal, la presentadora ha demostrado que su vida tambi\u00e9n es un mosaico de afectos y segundas oportunidades. <strong data-start=\"3037\" data-end=\"3089\">De su matrimonio con el periodista Carles Torras<\/strong> nacieron Jan y Mireia, y juntos adoptaron a Dorcette, una ni\u00f1a de Costa de Marfil que hoy tiene 12 a\u00f1os. A ellos se suma <strong data-start=\"3211\" data-end=\"3221\">Koudus<\/strong>, un joven ghan\u00e9s al que Susanna acogi\u00f3 y que forma parte de esa gran familia que la periodista define con orgullo como \u00abun puzzle maravilloso\u00bb.<\/p>\n<p data-start=\"3369\" data-end=\"3880\">Ahora, con su compromiso con <a href=\"https:\/\/okdiario.com\/look\/actualidad\/susanna-griso-cuenta-todos-detalles-pedida-mano-eran-cinco-manana-2398736\" rel=\"nofollow noopener\" target=\"_blank\">Luis Enr\u00edquez<\/a>, la familia crece de nuevo. La pareja, que se conoci\u00f3 hace poco m\u00e1s de medio a\u00f1o, ya prepara su boda para el verano de 2026, en la Costa Brava, donde poseen una casa com\u00fan. Ser\u00e1 una ceremonia \u00edntima y sin etiquetas formales, rodeada de amigos, hijos y nuevas ilusiones. Ambos comparten una etapa serena, marcada por la complicidad y un proyecto vital conjunto que combina discreci\u00f3n, sentido del humor y una mirada madura sobre el amor.<\/p>\n<p>\t\t\t\t\t\t\t<script async src=\"\/\/www.instagram.com\/embed.js\"><\/script><\/p>\n","protected":false},"excerpt":{"rendered":"Esta noche, el plat\u00f3 de El Hormiguero recibe a una invitada de excepci\u00f3n: Susanna Griso. La periodista catalana&hellip;\n","protected":false},"author":2,"featured_media":177022,"comment_status":"","ping_status":"","sticky":false,"template":"","format":"standard","meta":{"footnotes":""},"categories":[171],"tags":[146,147,25,24,23,30447,214],"class_list":{"0":"post-177021","1":"post","2":"type-post","3":"status-publish","4":"format-standard","5":"has-post-thumbnail","7":"category-tv","8":"tag-entertainment","9":"tag-entretenimiento","10":"tag-es","11":"tag-espana","12":"tag-spain","13":"tag-susanna-griso","14":"tag-tv"},"share_on_mastodon":{"url":"","error":""},"_links":{"self":[{"href":"https:\/\/www.europesays.com\/es\/wp-json\/wp\/v2\/posts\/177021","targetHints":{"allow":["GET"]}}],"collection":[{"href":"https:\/\/www.europesays.com\/es\/wp-json\/wp\/v2\/posts"}],"about":[{"href":"https:\/\/www.europesays.com\/es\/wp-json\/wp\/v2\/types\/post"}],"author":[{"embeddable":true,"href":"https:\/\/www.europesays.com\/es\/wp-json\/wp\/v2\/users\/2"}],"replies":[{"embeddable":true,"href":"https:\/\/www.europesays.com\/es\/wp-json\/wp\/v2\/comments?post=177021"}],"version-history":[{"count":0,"href":"https:\/\/www.europesays.com\/es\/wp-json\/wp\/v2\/posts\/177021\/revisions"}],"wp:featuredmedia":[{"embeddable":true,"href":"https:\/\/www.europesays.com\/es\/wp-json\/wp\/v2\/media\/177022"}],"wp:attachment":[{"href":"https:\/\/www.europesays.com\/es\/wp-json\/wp\/v2\/media?parent=177021"}],"wp:term":[{"taxonomy":"category","embeddable":true,"href":"https:\/\/www.europesays.com\/es\/wp-json\/wp\/v2\/categories?post=177021"},{"taxonomy":"post_tag","embeddable":true,"href":"https:\/\/www.europesays.com\/es\/wp-json\/wp\/v2\/tags?post=177021"}],"curies":[{"name":"wp","href":"https:\/\/api.w.org\/{rel}","templated":true}]}}