{"id":177034,"date":"2025-10-14T21:19:08","date_gmt":"2025-10-14T21:19:08","guid":{"rendered":"https:\/\/www.europesays.com\/es\/177034\/"},"modified":"2025-10-14T21:19:08","modified_gmt":"2025-10-14T21:19:08","slug":"hamas-muestra-sus-verdaderas-intenciones-de-paz-asesinatos-en-publico-de-palestinos-en-las-calles-de-gaza","status":"publish","type":"post","link":"https:\/\/www.europesays.com\/es\/177034\/","title":{"rendered":"Ham\u00e1s muestra sus verdaderas intenciones de paz: asesinatos en p\u00fablico de palestinos en las calles de Gaza"},"content":{"rendered":"<p>S\u00f3lo unas horas despu\u00e9s de <strong>la firma en Egipto del acuerdo de paz<\/strong> que deber\u00eda poner fin a la violencia en Gaza, los terroristas de Ham\u00e1s han demostrado dentro de la Franja que no tienen intenci\u00f3n de abandonar el poder y mucho menos de desarmarse.<\/p>\n<p>En lugar de eso, una vez que el Ej\u00e9rcito de Israel se ha retirado de la mayor parte de la Franja, la banda terrorista se ha dedicado a <strong>reforzar su poder y a vengarse<\/strong> de aquellos que en los \u00faltimos d\u00edas ven\u00edan cuestionando su poder e incluso se han enfrentado a ellos en combates callejeros.<\/p>\n<p>Y lo han hecho de la misma forma que llevan haci\u00e9ndolo desde que tomaron el poder en 2007 y como lo han mantenido desde entonces: <strong>asesinando palestinos y haci\u00e9ndolo en plena calle<\/strong>, sin esconderse y, de hecho, lanzando su mensaje de terror ante grandes cantidades de personas que, al menos aparentemente, acuden a los asesinatos como a una fiesta.<\/p>\n<p>Las im\u00e1genes se han publicado en canales de Telegram relacionados con la propia Ham\u00e1s o con alguno de los clanes rivales en Gaza, se trata de grabaciones realizadas con tel\u00e9fonos m\u00f3viles por el p\u00fablico de las ejecuciones, que en principio tuvieron lugar este lunes, aunque otras fuentes podr\u00edan apuntar a que se han desarrollado en los \u00faltimos d\u00edas. De Telegram han saltado a las redes sociales y en Espa\u00f1a <a href=\"https:\/\/x.com\/TuiteroMartin\/status\/1977794617245311357\" rel=\"nofollow noreferrer noopener\" target=\"_blank\"><strong>las ha publicado la conocida cuenta @TuiteroMartin<\/strong><\/a>.<\/p>\n<p>Adem\u00e1s, en cuentas en \u00e1rabe se pueden ver <a href=\"https:\/\/x.com\/MalaMimalamy\/status\/1977767837541314584\" rel=\"nofollow noreferrer noopener\" target=\"_blank\"><strong>los mismos asesinatos<\/strong><\/a> grabados desde distintos puntos de vista: <a href=\"https:\/\/x.com\/MalaMimalamy\/status\/1977767679126847764\" rel=\"nofollow noreferrer noopener\" target=\"_blank\"><strong>a cual m\u00e1s escalofriante<\/strong><\/a><strong>.<\/strong><\/p>\n<p>Seg\u00fan apuntan fuentes en Telegram y <strong><a href=\"https:\/\/www.ynetnews.com\/article\/hjrx3hcale\" rel=\"nofollow noreferrer noopener\" target=\"_blank\">el peri\u00f3dico israel\u00ed Ynet Global<\/a><\/strong>, los ejecutados son, probablemente, miembros del <strong>clan<\/strong> <strong>Dagmoush<\/strong>, uno de los m\u00e1s poderosos de Gaza. En un par de d\u00edas Ham\u00e1s podr\u00eda haber asesinado a decenas de miembros de este clan.<\/p>\n<p>Las im\u00e1genes muestran<strong> el asesinato a sangre fr\u00eda de ocho personas <\/strong>que son arrastradas por el asfalto en una calle de Gaza \u2013concretamente, se han geolocalizado en el cruce de las calles Gamal Abdel Nasser y Giza, en el centro de la ciudad\u2013 hasta que son arrodillados y, tras unos segundos de tensa espera, <strong>asesinados con tiros en la nuca<\/strong>. Algunos, adem\u00e1s, son rematados una vez han ca\u00eddo al suelo.<\/p>\n<p>&#13;<br \/>\n    Relacionado&#13;<br \/>\n    &#13;<\/p>\n<p>Ham\u00e1s justifica esta violencia extrema con una acusaci\u00f3n que no se toma la molestia<strong> demostrar en ning\u00fan tribunal<\/strong>: que los asesinados habr\u00edan sido colaboradores con Israel.<\/p>\n<p>En algunos de los v\u00eddeos publicados parecen apreciarse cad\u00e1veres en puntos lejanos de la escena, con lo que podr\u00eda tratarse no s\u00f3lo de una ejecuci\u00f3n sino de <strong>una tanda entre varias<\/strong>.<\/p>\n<p>El proceso de paz, en entredicho<\/p>\n<p>Las im\u00e1genes reflejan lo que muchos analistas tem\u00edan sobre el proceso de paz que en teor\u00eda se lanz\u00f3 con la escenificaci\u00f3n de la firma de un acuerdo este lunes. Por el momento<strong> s\u00f3lo se han cumplido \u2013y s\u00f3lo en parte\u2013 los primeros pasos<\/strong>, que eran el alto al fuego, la liberaci\u00f3n de los rehenes \u2013aunque queda pendiente la devoluci\u00f3n de 24 de los 28 cad\u00e1veres todav\u00eda en manos de Ham\u00e1s\u2013 y la salida de las c\u00e1rceles israel\u00edes de casi dos mil presos palestinos.<\/p>\n<p>Sin embargo, los siguientes pasos hacia la paz est\u00e1n en el aire: Ham\u00e1s deber\u00eda admitir la <strong>instauraci\u00f3n en la Franja de un gobierno de tecn\u00f3cratas palestinos<\/strong>, tutelado por mandatarios internacionales como el propio <strong>Donald Trump<\/strong> y el ex primer ministro brit\u00e1nico <strong>Tony Blair<\/strong> y que ser\u00eda respaldado tambi\u00e9n por el despliegue de una fuerza militar internacional compuesta por pa\u00edses \u00e1rabes.<\/p>\n<p>Sus enfrentamientos con los clanes de las \u00faltimas semanas y, sobre todo, <strong>estas salvajes ejecuciones <\/strong>dejan claro que los terroristas de Ham\u00e1s no tienen la menor intenci\u00f3n ni de desarmarse ni de abandonar el poder y que, por desgracia, lo m\u00e1s probable es que lo que ha ocurrido hasta ahora sea s\u00f3lo <strong>una maniobra de emergencia <\/strong>de Ham\u00e1s que estaba ya al l\u00edmite por la presi\u00f3n militar israel\u00ed.<\/p>\n<p>En definitiva, una vez Israel ha abandonado la mayor parte de la Franja, Ham\u00e1s ha vuelto a <strong>lo que hace siempre que no mata israel\u00edes: matar palestinos<\/strong>.<\/p>\n","protected":false},"excerpt":{"rendered":"S\u00f3lo unas horas despu\u00e9s de la firma en Egipto del acuerdo de paz que deber\u00eda poner fin a&hellip;\n","protected":false},"author":2,"featured_media":177035,"comment_status":"","ping_status":"","sticky":false,"template":"","format":"standard","meta":{"footnotes":""},"categories":[42],"tags":[17,18,13,14,694,75,11,61,62,63,64,19,20,9,10,15,16,12,21,22,65,66,67],"class_list":{"0":"post-177034","1":"post","2":"type-post","3":"status-publish","4":"format-standard","5":"has-post-thumbnail","7":"category-internacional","8":"tag-breaking-news","9":"tag-breakingnews","10":"tag-featured-news","11":"tag-featurednews","12":"tag-gaza","13":"tag-hamas","14":"tag-headlines","15":"tag-internacional","16":"tag-international","17":"tag-international-news","18":"tag-internationalnews","19":"tag-latest-news","20":"tag-latestnews","21":"tag-news","22":"tag-noticias","23":"tag-noticias-destacadas","24":"tag-noticiasdestacadas","25":"tag-titulares","26":"tag-ultimas-noticias","27":"tag-ultimasnoticias","28":"tag-world","29":"tag-world-news","30":"tag-worldnews"},"share_on_mastodon":{"url":"","error":""},"_links":{"self":[{"href":"https:\/\/www.europesays.com\/es\/wp-json\/wp\/v2\/posts\/177034","targetHints":{"allow":["GET"]}}],"collection":[{"href":"https:\/\/www.europesays.com\/es\/wp-json\/wp\/v2\/posts"}],"about":[{"href":"https:\/\/www.europesays.com\/es\/wp-json\/wp\/v2\/types\/post"}],"author":[{"embeddable":true,"href":"https:\/\/www.europesays.com\/es\/wp-json\/wp\/v2\/users\/2"}],"replies":[{"embeddable":true,"href":"https:\/\/www.europesays.com\/es\/wp-json\/wp\/v2\/comments?post=177034"}],"version-history":[{"count":0,"href":"https:\/\/www.europesays.com\/es\/wp-json\/wp\/v2\/posts\/177034\/revisions"}],"wp:featuredmedia":[{"embeddable":true,"href":"https:\/\/www.europesays.com\/es\/wp-json\/wp\/v2\/media\/177035"}],"wp:attachment":[{"href":"https:\/\/www.europesays.com\/es\/wp-json\/wp\/v2\/media?parent=177034"}],"wp:term":[{"taxonomy":"category","embeddable":true,"href":"https:\/\/www.europesays.com\/es\/wp-json\/wp\/v2\/categories?post=177034"},{"taxonomy":"post_tag","embeddable":true,"href":"https:\/\/www.europesays.com\/es\/wp-json\/wp\/v2\/tags?post=177034"}],"curies":[{"name":"wp","href":"https:\/\/api.w.org\/{rel}","templated":true}]}}