{"id":177036,"date":"2025-10-14T21:20:12","date_gmt":"2025-10-14T21:20:12","guid":{"rendered":"https:\/\/www.europesays.com\/es\/177036\/"},"modified":"2025-10-14T21:20:12","modified_gmt":"2025-10-14T21:20:12","slug":"la-reme-conocida-como-la-mataviejas-por-asesinar-a-tres-ancianas-es-detenida-por-otro-crimen-casi-20-anos-despues-noticias-de-galicia","status":"publish","type":"post","link":"https:\/\/www.europesays.com\/es\/177036\/","title":{"rendered":"\u2018La Reme\u2019, conocida como \u2018la mataviejas\u2019 por asesinar a tres ancianas, es detenida por otro crimen casi 20 a\u00f1os despu\u00e9s | Noticias de Galicia"},"content":{"rendered":"<p class=\"\">Remedios S\u00e1nchez, la mujer que en 2008 fue <a href=\"https:\/\/elpais.com\/elpais\/2008\/07\/03\/actualidad\/1215073033_850215.html\" target=\"_self\" rel=\"nofollow noopener\" title=\"https:\/\/elpais.com\/elpais\/2008\/07\/03\/actualidad\/1215073033_850215.html\">condenada a 144 a\u00f1os de prisi\u00f3n<\/a> por asesinar a tres ancianas en 2006 e intentarlo con otras siete, ha sido detenida en A Coru\u00f1a acusada de otro crimen. El arresto, adelantado por El Ideal Gallego, ha sido confirmado a este peri\u00f3dico por fuentes pr\u00f3ximas al caso. La polic\u00eda la acusa de haber matado a una mujer en esta ciudad gallega durante un permiso carcelario, ya que cumple condena en la prisi\u00f3n de Teixeiro (Curtis-A Coru\u00f1a), se\u00f1ala el peri\u00f3dico coru\u00f1\u00e9s.<\/p>\n<p class=\"\">La Audiencia de Barcelona impuso a S\u00e1nchez, de 69 a\u00f1os y conocida como La Reme, una pena de 144 a\u00f1os y 7 meses de prisi\u00f3n por el asesinato de tres ancianas, por cinco delitos de asesinato en grado de tentativa, siete delitos de robo con violencia y uno de hurto. Los hechos <a href=\"https:\/\/elpais.com\/diario\/2011\/08\/07\/domingo\/1312689161_850215.html\" target=\"_self\" rel=\"nofollow noopener\" title=\"https:\/\/elpais.com\/diario\/2011\/08\/07\/domingo\/1312689161_850215.html\">ocurrieron en el verano de 2006<\/a> y sus cr\u00edmenes e intentos frustrados sembraron el terror en Barcelona. <\/p>\n<p class=\"\">Durante el juicio, los psiquiatras descartaron que esta cocinera que entonces ten\u00eda 50 a\u00f1os sufriera alg\u00fan tipo de trastorno. Ella aleg\u00f3 que los cr\u00edmenes <a href=\"https:\/\/elpais.com\/diario\/2008\/06\/20\/catalunya\/1213924055_850215.html\" target=\"_self\" rel=\"nofollow noopener\" title=\"https:\/\/elpais.com\/diario\/2008\/06\/20\/catalunya\/1213924055_850215.html\">los hab\u00eda cometido una inquilina suya<\/a> llamada Mari, un personaje inventado al que la Fiscal\u00eda bautiz\u00f3 como la \u201cinquilina fantasma\u201d. Fue condenada a indemnizar a las familias de sus v\u00edctimas con pagos que oscilaron entre los 19.000 y los 120.000 euros. <\/p>\n<p class=\"\">Seg\u00fan La Voz de Galicia, la presunta nueva v\u00edctima de La Reme es una vecina del barrio coru\u00f1\u00e9s de Monelos de 91 a\u00f1os, cuyo cad\u00e1ver fue hallado en el ba\u00f1o de su casa el pasado 3 de octubre. En un principio, se atribuy\u00f3 su muerte a causas naturales, pero ahora los investigadores relacionan a S\u00e1nchez con el crimen porque fue detectada por una c\u00e1mara y se localiz\u00f3 una huella suya en la vivienda. El caso ha reca\u00eddo en el juzgado n\u00famero 6 de A Coru\u00f1a y est\u00e1 bajo secreto de sumario.<\/p>\n","protected":false},"excerpt":{"rendered":"Remedios S\u00e1nchez, la mujer que en 2008 fue condenada a 144 a\u00f1os de prisi\u00f3n por asesinar a tres&hellip;\n","protected":false},"author":2,"featured_media":177037,"comment_status":"","ping_status":"","sticky":false,"template":"","format":"standard","meta":{"footnotes":""},"categories":[8],"tags":[5843,1154,17,18,1980,15705,25,24,13,14,816,11,2129,19,20,9,10,15,16,50665,586,23,12,21,22],"class_list":{"0":"post-177036","1":"post","2":"type-post","3":"status-publish","4":"format-standard","5":"has-post-thumbnail","7":"category-espana","8":"tag-a-coruna","9":"tag-asesinatos","10":"tag-breaking-news","11":"tag-breakingnews","12":"tag-cataluna","13":"tag-detenciones","14":"tag-es","15":"tag-espana","16":"tag-featured-news","17":"tag-featurednews","18":"tag-galicia","19":"tag-headlines","20":"tag-homicidios","21":"tag-latest-news","22":"tag-latestnews","23":"tag-news","24":"tag-noticias","25":"tag-noticias-destacadas","26":"tag-noticiasdestacadas","27":"tag-permisos-carcelarios","28":"tag-policia","29":"tag-spain","30":"tag-titulares","31":"tag-ultimas-noticias","32":"tag-ultimasnoticias"},"share_on_mastodon":{"url":"","error":""},"_links":{"self":[{"href":"https:\/\/www.europesays.com\/es\/wp-json\/wp\/v2\/posts\/177036","targetHints":{"allow":["GET"]}}],"collection":[{"href":"https:\/\/www.europesays.com\/es\/wp-json\/wp\/v2\/posts"}],"about":[{"href":"https:\/\/www.europesays.com\/es\/wp-json\/wp\/v2\/types\/post"}],"author":[{"embeddable":true,"href":"https:\/\/www.europesays.com\/es\/wp-json\/wp\/v2\/users\/2"}],"replies":[{"embeddable":true,"href":"https:\/\/www.europesays.com\/es\/wp-json\/wp\/v2\/comments?post=177036"}],"version-history":[{"count":0,"href":"https:\/\/www.europesays.com\/es\/wp-json\/wp\/v2\/posts\/177036\/revisions"}],"wp:featuredmedia":[{"embeddable":true,"href":"https:\/\/www.europesays.com\/es\/wp-json\/wp\/v2\/media\/177037"}],"wp:attachment":[{"href":"https:\/\/www.europesays.com\/es\/wp-json\/wp\/v2\/media?parent=177036"}],"wp:term":[{"taxonomy":"category","embeddable":true,"href":"https:\/\/www.europesays.com\/es\/wp-json\/wp\/v2\/categories?post=177036"},{"taxonomy":"post_tag","embeddable":true,"href":"https:\/\/www.europesays.com\/es\/wp-json\/wp\/v2\/tags?post=177036"}],"curies":[{"name":"wp","href":"https:\/\/api.w.org\/{rel}","templated":true}]}}