{"id":177040,"date":"2025-10-14T21:22:18","date_gmt":"2025-10-14T21:22:18","guid":{"rendered":"https:\/\/www.europesays.com\/es\/177040\/"},"modified":"2025-10-14T21:22:18","modified_gmt":"2025-10-14T21:22:18","slug":"el-fuentes-carrionas-sufre-una-nueva-derrota-en-porrino-29-18","status":"publish","type":"post","link":"https:\/\/www.europesays.com\/es\/177040\/","title":{"rendered":"El Fuentes Carrionas sufre una nueva derrota en Porri\u00f1o (29-18)"},"content":{"rendered":"<p>            <a href=\"https:\/\/www.palenciaenlared.es\/wp-content\/uploads\/2025\/10\/BM-Fuentes-Carrionas.-Imagen-de-archivo.jpg\" data-caption=\"BM Fuentes Carrionas. Imagen de archivo\" rel=\"nofollow noopener\" target=\"_blank\"><img loading=\"lazy\" decoding=\"async\" width=\"696\" height=\"325\" class=\"entry-thumb td-modal-image\" src=\"https:\/\/www.europesays.com\/es\/wp-content\/uploads\/2025\/10\/BM-Fuentes-Carrionas.-Imagen-de-archivo-696x325.jpg\"   alt=\"BM Fuentes Carrionas. Imagen de archivo\" title=\"BM Fuentes Carrionas. Imagen de archivo\"\/><\/a>BM Fuentes Carrionas. Imagen de archivo<br \/>\n            <strong data-start=\"294\" data-end=\"442\">El equipo dirigido por Iker D\u00edaz plant\u00f3 cara durante muchos minutos, pero el Porri\u00f1o se acab\u00f3 imponiendo en tierras gallegas<\/strong><\/p>\n<p data-start=\"444\" data-end=\"751\">El BM Fuentes Carrionas perdi\u00f3 este s\u00e1bado en la pista del Rubensa Indupor BM Porri\u00f1o (29-18), en un encuentro en el que las palentinas resistieron durante pr\u00e1cticamente la primera mitad, pero se vieron superadas en los segundos 10 minutos por el empuje del conjunto gallego. Segunda derrota fuera de casa para las de Iker D\u00edaz, que no pudieron sumar en tierras gallegas, tras su primera victoria la semana pasada en casa ante Hand Vall (28-22).\n<\/p>\n<p data-start=\"753\" data-end=\"1062\">El Fuentes Carrionas se mantuvo s\u00f3lido en los primeros 15 minutos, con alternancias en el marcador, pero poco a poco el conjunto gallego fue aumentando su distancia hasta llegar al t\u00e9rmino de la primera mitad seis puntos por encima (15-9). Tras el paso por vestuarios, el Porri\u00f1o esta tendencia se mantuvo y rompi\u00f3 el partido terminando 29-18.\n<\/p>\n<p data-start=\"1064\" data-end=\"1317\">En el plano ofensivo, Andrea Olea y Sarra Sioud fueron las m\u00e1ximas anotadoras del Fuentes Carrionas con cinco goles cada una, seguidas de Sara Alonso y Aitana G\u00f3mez, con tres. Tambi\u00e9n vieron porter\u00eda Marta Arruebarre\u00f1a y Yasira Echevarr\u00eda.\n<\/p>\n<p data-start=\"1319\" data-end=\"1643\">Con este resultado, el Fuentes Carrionas se mantiene en d\u00e9cima posici\u00f3n con dos puntos tras tres jornadas disputadas. El pr\u00f3ximo compromiso ser\u00e1 en casa, el domingo 19 de octubre a las 12:00 horas, cuando recibir\u00e1 al Club Balonmano Perdoma, colista de la categor\u00eda tras haber perdido sus primeros partidos.\n<\/p>\n<p><a class=\"gofollow\" data-track=\"MzU5NSwyOSwxLDYw\" href=\"https:\/\/www.skodaautoffam.com\/coches\/\" target=\"_blank\" rel=\"nofollow noopener\"><img decoding=\"async\" src=\"https:\/\/www.europesays.com\/es\/wp-content\/uploads\/2025\/10\/skoda-ocasion_5_2025.gif\"\/><\/a><\/p>\n<p>\n-Publicidad-<\/p>\n","protected":false},"excerpt":{"rendered":"BM Fuentes Carrionas. Imagen de archivo El equipo dirigido por Iker D\u00edaz plant\u00f3 cara durante muchos minutos, pero&hellip;\n","protected":false},"author":2,"featured_media":177041,"comment_status":"","ping_status":"","sticky":false,"template":"","format":"standard","meta":{"footnotes":""},"categories":[278],"tags":[376,634,168,25,24,375,23,167],"class_list":{"0":"post-177040","1":"post","2":"type-post","3":"status-publish","4":"format-standard","5":"has-post-thumbnail","7":"category-balonmano","8":"tag-balonmano","9":"tag-deporte","10":"tag-deportes","11":"tag-es","12":"tag-espana","13":"tag-handball","14":"tag-spain","15":"tag-sports"},"share_on_mastodon":{"url":"","error":""},"_links":{"self":[{"href":"https:\/\/www.europesays.com\/es\/wp-json\/wp\/v2\/posts\/177040","targetHints":{"allow":["GET"]}}],"collection":[{"href":"https:\/\/www.europesays.com\/es\/wp-json\/wp\/v2\/posts"}],"about":[{"href":"https:\/\/www.europesays.com\/es\/wp-json\/wp\/v2\/types\/post"}],"author":[{"embeddable":true,"href":"https:\/\/www.europesays.com\/es\/wp-json\/wp\/v2\/users\/2"}],"replies":[{"embeddable":true,"href":"https:\/\/www.europesays.com\/es\/wp-json\/wp\/v2\/comments?post=177040"}],"version-history":[{"count":0,"href":"https:\/\/www.europesays.com\/es\/wp-json\/wp\/v2\/posts\/177040\/revisions"}],"wp:featuredmedia":[{"embeddable":true,"href":"https:\/\/www.europesays.com\/es\/wp-json\/wp\/v2\/media\/177041"}],"wp:attachment":[{"href":"https:\/\/www.europesays.com\/es\/wp-json\/wp\/v2\/media?parent=177040"}],"wp:term":[{"taxonomy":"category","embeddable":true,"href":"https:\/\/www.europesays.com\/es\/wp-json\/wp\/v2\/categories?post=177040"},{"taxonomy":"post_tag","embeddable":true,"href":"https:\/\/www.europesays.com\/es\/wp-json\/wp\/v2\/tags?post=177040"}],"curies":[{"name":"wp","href":"https:\/\/api.w.org\/{rel}","templated":true}]}}