{"id":177042,"date":"2025-10-14T21:23:10","date_gmt":"2025-10-14T21:23:10","guid":{"rendered":"https:\/\/www.europesays.com\/es\/177042\/"},"modified":"2025-10-14T21:23:10","modified_gmt":"2025-10-14T21:23:10","slug":"juan-francisco-serrano-quien-fuera-mano-derecha-de-cerdan-borra-un-tuit-con-un-bulo-sobre-juanma-moreno-en-los-toros","status":"publish","type":"post","link":"https:\/\/www.europesays.com\/es\/177042\/","title":{"rendered":"Juan Francisco Serrano, quien fuera mano derecha de Cerd\u00e1n, borra un tuit con un bulo sobre Juanma Moreno en los toros"},"content":{"rendered":"<p class=\"paragraph\" id=\"paragraph_1\">La pol\u00edtica a golpe de tuit. El diputado socialista por Ja\u00e9n y quien fuera mano derecha de <strong>Santos Cerd\u00e1n<\/strong> hasta su dimisi\u00f3n,<strong> <a href=\"https:\/\/www.elespanol.com\/espana\/politica\/20250705\/sanchez-deja-ejecutiva-juanfran-serrano-numero-cerdan-viajaba-negociar-puigdemont\/1003743835549_0.html?utm_cmp_rs=linksinline\" rel=\"nofollow noopener\" target=\"_blank\">Juan Francisco Serrano<\/a><\/strong>, ha tenido que eliminar de su cuenta en la red social X un mensaje.<\/p>\n<p class=\"paragraph\" id=\"paragraph_2\">\u00bfEl motivo? <strong>Difundir un bulo<\/strong> sobre la presencia del presidente andaluz, <a href=\"https:\/\/www.elespanol.com\/espana\/andalucia\/20251012\/juanma-moreno-crisis-cribado-cancer-ceses-quiero-escuchar-mujeres-afectadas\/1003743964557_0.html?utm_cmp_rs=linksinline\" rel=\"nofollow noopener\" target=\"_blank\"><strong>Juanma Moreno<\/strong><\/a>, en la tarde de la despedida de Morante de La Puebla en Las Ventas. <\/p>\n<p class=\"paragraph\" id=\"paragraph_3\">En concreto, en su publicaci\u00f3n, <a href=\"https:\/\/www.elespanol.com\/espana\/andalucia\/20250615\/juanfran-serrano-sustituto-cerdan-maniobro-mocion-jaen-aspiro-candidato-psoe-andaluz\/1003743804942_0.html?utm_cmp_rs=linksinline\" rel=\"nofollow noopener\" target=\"_blank\">Serrano<\/a> le reprochaba que<strong> estuviera en los toros sin resolver la crisis por los cribados de c\u00e1ncer<\/strong> desatada en Andaluc\u00eda hace unos d\u00edas.<\/p>\n<p class=\"paragraph\" id=\"paragraph_4\">\u00abSe le ve preocupado por todos los casos de c\u00e1ncer de mama que no han atendido, muy afectado por la preocupaci\u00f3n que debe de tener al no saber ni las cifras de cu\u00e1ntas de estas mujeres han fallecido por este error garrafal que ha querido tapar el PP\u00bb.<\/p>\n<p class=\"paragraph\" id=\"paragraph_5\">La cosa es que la foto que acompa\u00f1aba el mensaje <strong>no es de la tarde del 12 de octubre en la que <a href=\"https:\/\/www.elespanol.com\/sevilla\/20251013\/adios-morante-puerta-grande-ventas-toreo-va-figura-epoca-cumbre\/1003743966313_0.html?utm_cmp_rs=linksinline\" rel=\"nofollow noopener\" target=\"_blank\">Morante se quit\u00f3 la coleta<\/a><\/strong>, como gesto de despedida de los ruedos tras 28 a\u00f1os de alternativa, sino de la pasada Feria de Abril acompa\u00f1ado por el presidente del PP, <strong>Alberto N\u00fa\u00f1ez Feij\u00f3o<\/strong>, en la Maestranza de Sevilla.<\/p>\n<p class=\"paragraph\" id=\"paragraph_6\">Es el segundo cargo socialista que comete un error en la red social en menos de 24 horas. Unas horas despu\u00e9s, el ministro de Transportes, <strong>\u00d3scar Puente<\/strong>, public\u00f3 este martes en la red social <strong>X<\/strong> una imagen del<strong> metro de Par\u00eds<\/strong> para criticar <strong>el supuesto <\/strong><strong>colapso en el metro de Madrid<\/strong><strong> en hora punta<\/strong>.<\/p>\n<blockquote class=\"twitter-tweet\">\n<p dir=\"ltr\" lang=\"es\">Aqu\u00ed el que le llevaba el malet\u00edn a Cerd\u00e1n, y que sigue siendo un cargo destacado del Psoe, difundiendo un nuevo bulo para intentar hacer da\u00f1o a Juanma Moreno. La foto es de la Feria de Abril de Sevilla. <br \/>Y ahora lo borras, campe\u00f3n. <a href=\"https:\/\/t.co\/s4QMNgyA3L\" rel=\"nofollow\">pic.twitter.com\/s4QMNgyA3L<\/a><\/p>\n<p>\u2014 Toni Mart\u00edn (@toni_miglesias) <a href=\"https:\/\/twitter.com\/toni_miglesias\/status\/1977766791263752555?ref_src=twsrc%5Etfw\" rel=\"nofollow noopener\" target=\"_blank\">October 13, 2025<\/a><\/p><\/blockquote>\n<p class=\"paragraph\" id=\"paragraph_7\">Precisamente, fue el portavoz del PP andaluz en el Parlamento, <strong>Toni Mart\u00edn<\/strong>, quien le replic\u00f3 en la misma red social: \u00abAqu\u00ed el que le llevaba el malet\u00edn a Cerd\u00e1n, y que sigue siendo un cargo destacado del PSOE, difundiendo un nuevo bulo para intentar hacer da\u00f1o a Juanma Moreno. La foto es de la Feria de Abril de Sevilla. Y ahora lo borras, campe\u00f3n\u00bb.<\/p>\n<p class=\"paragraph\" id=\"paragraph_8\">Efectivamente, a los pocos minutos, Serrano borraba el tuit sin generar decenas de comentarios sobre los contenidos descontextualizados y el uso de bulos en redes sociales por parte de cargos de partidos pol\u00edticos, incluso, ministros como es el caso de Puente.<\/p>\n<p class=\"paragraph\" id=\"paragraph_9\">Tambi\u00e9n el portavoz de Adelante Andaluc\u00eda, <strong>Jos\u00e9 Ignacio Garc\u00eda<\/strong>, puso un tuit sobre la presencia de Juanma Moreno en los toros con dos fotos del presidente en distintas tardes. Una en la feria de M\u00e1laga y otra en la de Sevilla, creyendo este tambi\u00e9n que estaba presente en la plaza de toros de Las Ventas.<\/p>\n<p class=\"paragraph\" id=\"paragraph_10\">\u00abQue se quema Andaluc\u00eda en verano, Bonilla est\u00e1 en los toros. Que fallan los cribados en Andaluc\u00eda, Bonilla est\u00e1 en los toros. No falla\u00bb. Tambi\u00e9n Garc\u00eda acab\u00f3 borrando el tuit posteriormente.<\/p>\n<p class=\"paragraph\" id=\"paragraph_11\">Juanma Moreno s\u00ed dedic\u00f3 desde sus perfiles en redes sociales un mensaje Morante de la Puebla, ante su retirada: \u00ab<strong>Morante ha dibujado el arte con su ver\u00f3nica y su genuino toreo en la historia de la tauromaquia para la eternidad<\/strong>. Un genio nacido en La Puebla del R\u00edo que le ha dado todo a la Fiesta. Gracias, Maestro. Tu tierra te quiere y te admira\u00bb.<\/p>\n<p class=\"paragraph\" id=\"paragraph_12\">Pero \u00e9l no se encontraba presente en la plaza. S\u00ed estaban la presidenta de la comunidad de Madrid, <strong>Isabel D\u00edaz Ayuso<\/strong>, al que Morante brind\u00f3 su primer toro, y el presidente de Vox, <strong>Santiago Abascal<\/strong>, al que el toreo de la Puebla brind\u00f3 el que ser\u00eda el \u00faltimo toro de su vida.<\/p>\n<p>                                    <script async src=\"https:\/\/platform.twitter.com\/widgets.js\" charset=\"utf-8\"><\/script><\/p>\n","protected":false},"excerpt":{"rendered":"La pol\u00edtica a golpe de tuit. El diputado socialista por Ja\u00e9n y quien fuera mano derecha de Santos&hellip;\n","protected":false},"author":2,"featured_media":177043,"comment_status":"","ping_status":"","sticky":false,"template":"","format":"standard","meta":{"footnotes":""},"categories":[277],"tags":[259,373,2598,168,25,24,29210,2957,1922,23,167,374,15792],"class_list":{"0":"post-177042","1":"post","2":"type-post","3":"status-publish","4":"format-standard","5":"has-post-thumbnail","7":"category-toreo","8":"tag-andalucia","9":"tag-bullfighting","10":"tag-corridas-toros","11":"tag-deportes","12":"tag-es","13":"tag-espana","14":"tag-juan-manuel-moreno-bonilla","15":"tag-psoe-partido-socialista-obrero-espanol","16":"tag-redes-sociales","17":"tag-spain","18":"tag-sports","19":"tag-toreo","20":"tag-x"},"share_on_mastodon":{"url":"","error":""},"_links":{"self":[{"href":"https:\/\/www.europesays.com\/es\/wp-json\/wp\/v2\/posts\/177042","targetHints":{"allow":["GET"]}}],"collection":[{"href":"https:\/\/www.europesays.com\/es\/wp-json\/wp\/v2\/posts"}],"about":[{"href":"https:\/\/www.europesays.com\/es\/wp-json\/wp\/v2\/types\/post"}],"author":[{"embeddable":true,"href":"https:\/\/www.europesays.com\/es\/wp-json\/wp\/v2\/users\/2"}],"replies":[{"embeddable":true,"href":"https:\/\/www.europesays.com\/es\/wp-json\/wp\/v2\/comments?post=177042"}],"version-history":[{"count":0,"href":"https:\/\/www.europesays.com\/es\/wp-json\/wp\/v2\/posts\/177042\/revisions"}],"wp:featuredmedia":[{"embeddable":true,"href":"https:\/\/www.europesays.com\/es\/wp-json\/wp\/v2\/media\/177043"}],"wp:attachment":[{"href":"https:\/\/www.europesays.com\/es\/wp-json\/wp\/v2\/media?parent=177042"}],"wp:term":[{"taxonomy":"category","embeddable":true,"href":"https:\/\/www.europesays.com\/es\/wp-json\/wp\/v2\/categories?post=177042"},{"taxonomy":"post_tag","embeddable":true,"href":"https:\/\/www.europesays.com\/es\/wp-json\/wp\/v2\/tags?post=177042"}],"curies":[{"name":"wp","href":"https:\/\/api.w.org\/{rel}","templated":true}]}}