{"id":177048,"date":"2025-10-14T21:28:12","date_gmt":"2025-10-14T21:28:12","guid":{"rendered":"https:\/\/www.europesays.com\/es\/177048\/"},"modified":"2025-10-14T21:28:12","modified_gmt":"2025-10-14T21:28:12","slug":"ganadores-del-gp-de-estados-unidos-en-el-circuito-de-las-americas-desde-2012-noticias-2","status":"publish","type":"post","link":"https:\/\/www.europesays.com\/es\/177048\/","title":{"rendered":"Ganadores del GP de Estados Unidos en el Circuito de las Am\u00e9ricas desde 2012 &#8211; Noticias"},"content":{"rendered":"<p>El <strong>Gran Premio de Estados Unidos<\/strong> se llev\u00f3 a cabo este fin de semana en el <strong>Circuito de las Am\u00e9ricas<\/strong>, que es uno de los m\u00e1s nuevos en el campeonato de <strong>F\u00f3rmula 1.<\/strong><\/p>\n<p><strong>La primera vez que se corri\u00f3 en este circuito, que cuenta con 20 curvas y una longitud de 5,516 kil\u00f3metros, fue en la temporada 2012<\/strong> y el triunfo qued\u00f3 en manos del brit\u00e1nico <strong>Lewis Hamilton<\/strong>, quien ya corr\u00eda para <strong>Mercedes<\/strong>.<\/p>\n<p>Al a\u00f1o siguiente el ganador fue el alem\u00e1n <strong>Sebastian Vettel<\/strong> (<strong>Red Bull<\/strong>), mientras que las siguientes cuatro ediciones quedaron en manos de Hamilton.<\/p>\n<p>En 2018 y 2019 son\u00f3 el himno finland\u00e9s en el podio, debido a los respectivos triunfos de <strong>Kimi Raikkonen<\/strong> (<strong>Ferrari<\/strong>) y <strong>Valtteri Bottas<\/strong> (<strong>Mercedes<\/strong>).<\/p>\n<p>Luego del 2020, a\u00f1o en el que no se corri\u00f3 este GP por la pandemia de Covid-19, comenz\u00f3 un fuerte dominio del neerland\u00e9s <strong>Max Verstappen<\/strong> (<strong>Red Bull<\/strong>), quien se impuso de manera consecutiva en 2021, 2022 y 2023.<\/p>\n<p>El encargado de cortar con la hegemon\u00eda de Verstappen fue el monegasco <strong>Charles Leclerc<\/strong>, de <strong>Ferrari<\/strong>, que tuvo una actuaci\u00f3n impecable para quedarse con el triunfo en 2024.<\/p>\n<p>Lectura r\u00e1pida<\/p>\n<p><strong>\u00bfCu\u00e1ndo se celebr\u00f3 la primera carrera en este circuito?<\/strong><br \/>La primera carrera en el Circuito de las Am\u00e9ricas se celebr\u00f3 en 2012.<\/p>\n<p><strong>\u00bfQui\u00e9n fue el primer ganador?<\/strong><br \/>El primer ganador del Gran Premio de Estados Unidos en este circuito fue Lewis Hamilton.<\/p>\n<p><strong>\u00bfCu\u00e1l fue el ganador en 2024?<\/strong><br \/>El ganador en 2024 fue Charles Leclerc de Ferrari.<\/p>\n<p><strong>\u00bfQu\u00e9 pilotos dominaron el GP en a\u00f1os recientes?<\/strong><br \/>Max Verstappen domin\u00f3 el GP desde 2021 hasta 2023.<\/p>\n<p><strong>\u00bfQu\u00e9 sucedi\u00f3 en 2020?<\/strong><br \/>En 2020 no se corri\u00f3 el GP de Estados Unidos debido a la pandemia de Covid-19.<\/p>\n","protected":false},"excerpt":{"rendered":"El Gran Premio de Estados Unidos se llev\u00f3 a cabo este fin de semana en el Circuito de&hellip;\n","protected":false},"author":2,"featured_media":176622,"comment_status":"","ping_status":"","sticky":false,"template":"","format":"standard","meta":{"footnotes":""},"categories":[270],"tags":[50605,50604,168,25,24,306,271,272,50603,2097,2099,23,167],"class_list":{"0":"post-177048","1":"post","2":"type-post","3":"status-publish","4":"format-standard","5":"has-post-thumbnail","7":"category-formula-1","8":"tag-charles-lecl","9":"tag-circuito-de-las-americas","10":"tag-deportes","11":"tag-es","12":"tag-espana","13":"tag-f1","14":"tag-formula-1","15":"tag-formula1","16":"tag-gp-estados-unidos","17":"tag-lewis-hamilton","18":"tag-max-verstappen","19":"tag-spain","20":"tag-sports"},"share_on_mastodon":{"url":"","error":""},"_links":{"self":[{"href":"https:\/\/www.europesays.com\/es\/wp-json\/wp\/v2\/posts\/177048","targetHints":{"allow":["GET"]}}],"collection":[{"href":"https:\/\/www.europesays.com\/es\/wp-json\/wp\/v2\/posts"}],"about":[{"href":"https:\/\/www.europesays.com\/es\/wp-json\/wp\/v2\/types\/post"}],"author":[{"embeddable":true,"href":"https:\/\/www.europesays.com\/es\/wp-json\/wp\/v2\/users\/2"}],"replies":[{"embeddable":true,"href":"https:\/\/www.europesays.com\/es\/wp-json\/wp\/v2\/comments?post=177048"}],"version-history":[{"count":0,"href":"https:\/\/www.europesays.com\/es\/wp-json\/wp\/v2\/posts\/177048\/revisions"}],"wp:featuredmedia":[{"embeddable":true,"href":"https:\/\/www.europesays.com\/es\/wp-json\/wp\/v2\/media\/176622"}],"wp:attachment":[{"href":"https:\/\/www.europesays.com\/es\/wp-json\/wp\/v2\/media?parent=177048"}],"wp:term":[{"taxonomy":"category","embeddable":true,"href":"https:\/\/www.europesays.com\/es\/wp-json\/wp\/v2\/categories?post=177048"},{"taxonomy":"post_tag","embeddable":true,"href":"https:\/\/www.europesays.com\/es\/wp-json\/wp\/v2\/tags?post=177048"}],"curies":[{"name":"wp","href":"https:\/\/api.w.org\/{rel}","templated":true}]}}