{"id":177049,"date":"2025-10-14T21:29:14","date_gmt":"2025-10-14T21:29:14","guid":{"rendered":"https:\/\/www.europesays.com\/es\/177049\/"},"modified":"2025-10-14T21:29:14","modified_gmt":"2025-10-14T21:29:14","slug":"uemc-baloncesto-valladolid-con-ocho-basta","status":"publish","type":"post","link":"https:\/\/www.europesays.com\/es\/177049\/","title":{"rendered":"UEMC Baloncesto Valladolid: \u00bfCon ocho basta?"},"content":{"rendered":"<p class=\"paragraph\">El <b>UEMC Baloncesto Valladolid<\/b> sigue caminando en el alambre. Su apuesta por una plantilla corta de tan solo diez jugadores\u00a0 obligada por ese condicionante econ\u00f3mico en forma de deuda que lastra en cierta medida al club, se est\u00e1 convirtiendo en un aut\u00e9ntico quebradero de cabeza para el entrenador <b>David Barrio<\/b> en este arranque de la temporada. Y es que el t\u00e9cnico vallisoletano cruza los dedos en cada sesi\u00f3n, en cada partido y en casi cada movimiento de sus jugadores para huir de la lacra de las lesiones. Como bien dec\u00eda en pasadas fechas, desde que arrancara los entrenamientos en pretemporada el pasado mes de agosto, no ha sido todav\u00eda capaz de hacer un entrenamiento con la plantilla al completo. Al contrario.<\/p>\n<p>            <a href=\"#\" title=\"\"><\/p>\n<p>                    <img loading=\"lazy\" decoding=\"async\" data-index=\"\" width=\"140\" height=\"140\" alt=\"Fares Ochi en el partido ante LogroBasket.\" data-full=\"[object Object]\" data-original=\"[object Object]\" src=\"https:\/\/imagenes.diariodevalladolid.es\/files\/related_image\/uploads\/2025\/10\/12\/68ebfbd282058.jpeg\" data-full-src=\"https:\/\/www.europesays.com\/es\/wp-content\/uploads\/2025\/10\/68ebfbd282058.jpeg\"\/><\/p>\n<p>            <\/a><\/p>\n<p class=\"c-detail__sumario__signature\">\n                <strong><\/p>\n<p>                <strong class=\"c-detail__sumario__author \">Diario de Valladolid | El Mundo<\/strong><\/strong>\n            <\/p>\n<p class=\"paragraph\">Las lesiones de Carre\u00f1o y Pau Isern le hicieron comenzar la campa\u00f1a con solo ocho jugadores. Y rizando el rizo la pasada semana cay\u00f3 un tercer jugador, Taiwo, para ir a Logro\u00f1o con solo siete profesionales. Afortunadamente el calendario, posiblemente en su fase m\u00e1s liviana, ha jugado a su favor en este tramo inicial. Pero la pregunta es obligada. <b>Realmente \u00bfcon ocho basta? \u00bfY con siete?<\/b> Porque <b>la apuesta por la cantera<\/b> o los jugadores del filial, la <b>que se vendi\u00f3 o m\u00e1s bien malvendi\u00f3<\/b> a bombo y platillo en el arranque <b>ejerce, de momento, de florero.<\/b> En el primer partido la aportaci\u00f3n de los jugadores\u00a0 del filial, solo una categor\u00eda por debajo (Tercera FEB) se redujo a 36 segundos de Neri en el partido inaugural ante el CB Toledo con triunfo por 83-71. Y en el segundo envite a dos minutos de Neri y a un escaso minuto de Hansen y Barnes en los llamados minutos de la basura en el laborioso triunfo en Logro\u00f1o (65-79) con solo&#8230; siete profesionales disponibles.\u00a0\u00a0<\/p>\n<p class=\"paragraph\">El <b>parte m\u00e9dico actualizado del <\/b>club no aporta claridad sobre el futuro de una plantilla, quiz\u00e1s, por l\u00f3gica, sobrecargada. \u00abSamuel <b>Taiwo <\/b>sufri\u00f3 una contusi\u00f3n en su rodilla izquierda durante el entrenamiento del s\u00e1bado por la ma\u00f1ana y caus\u00f3 baja en el encuentro que el UEMC Baloncesto Valladolid disput\u00f3 en la pista del LogroBasket Logi7. El p\u00edvot h\u00fangaro est\u00e1 pendiente de pruebas para determinar si sufre o no alg\u00fan tipo de lesi\u00f3n\u00bb. Un parte, otro parte de nuevo confuso que como el \u00faltimo de Carre\u00f1o, sigue los lentos protocolos de la Mutua para saber 4el dictamen definitivo.<\/p>\n<p class=\"paragraph\">La actualizaci\u00f3n del parte m\u00e9dico del equipo vaticina la posible recuperaci\u00f3n del base <b>Pau Isern<\/b>, que \u00abya afronta la recta final de su recuperaci\u00f3n por la peque\u00f1a rotura miofascial en la zona isquiotibial de su pierna izquierda que sufri\u00f3 el pasado viernes 26 de septiembre en el entrenamiento celebrado en Boecillo. El base sigue trabajando al margen y su vuelta a la din\u00e1mica del UEMC Baloncesto Valladolid est\u00e1 prevista para esta semana, pero depender\u00e1 de su evoluci\u00f3n\u00bb, indican desde el club.<\/p>\n<p class=\"paragraph\">Por su parte <b>Pau Carre\u00f1o<\/b> tambi\u00e9n sigue realizando trabajo espec\u00edfico y recuper\u00e1ndose de la luxaci\u00f3n acromioclavicular de Grado II con un fuerte edema \u00f3seo y osteoartritis postraum\u00e1tica que sufre en su hombro derecho y por el que se opt\u00f3 por la no intervenci\u00f3n quir\u00fargica.\u00a0 El alero catal\u00e1n contin\u00faa siendo baja.<\/p>\n<p class=\"paragraph\">Con la dificultad de encontrar en estos momentos un refuerzo en el mercado, seg\u00fan confes\u00f3 el propio David Barrio la pasada semana en la previa ante Logro\u00f1o, afortunadamente <b>el calendario todav\u00eda no aprieta y ejerce de flotador <\/b>de una situaci\u00f3n cuanto menos peligrosa.\u00a0<\/p>\n<p class=\"paragraph\">El <b>pr\u00f3ximo s\u00e1bado (19.00 horas) <\/b>el equipo de Barrio se medir\u00e1 a uno de los equipos m\u00e1s endebles de la categor\u00eda, el\u00a0Castillo de Gorraiz Valle de Eg\u00faes navarro, conjunto que fue apaleado en la \u00faltima jornada ante la primera v\u00edctima de los vallisoletano, el CB Toledo, por 98-67. <b>Una oportunidad de oro para saber si los jugadores del filial pueden o no ayudar.<\/b> Y no solo para los minutos de la basura o de forma testimonial. Ahora o nunca.<\/p>\n","protected":false},"excerpt":{"rendered":"El UEMC Baloncesto Valladolid sigue caminando en el alambre. Su apuesta por una plantilla corta de tan solo&hellip;\n","protected":false},"author":2,"featured_media":177050,"comment_status":"","ping_status":"","sticky":false,"template":"","format":"standard","meta":{"footnotes":""},"categories":[269],"tags":[299,298,49647,168,19065,25,24,3923,8252,23,167],"class_list":{"0":"post-177049","1":"post","2":"type-post","3":"status-publish","4":"format-standard","5":"has-post-thumbnail","7":"category-baloncesto","8":"tag-baloncesto","9":"tag-basketball","10":"tag-boecillo","11":"tag-deportes","12":"tag-deuda","13":"tag-es","14":"tag-espana","15":"tag-federacion-espanola-de-baloncesto","16":"tag-lesion","17":"tag-spain","18":"tag-sports"},"share_on_mastodon":{"url":"","error":""},"_links":{"self":[{"href":"https:\/\/www.europesays.com\/es\/wp-json\/wp\/v2\/posts\/177049","targetHints":{"allow":["GET"]}}],"collection":[{"href":"https:\/\/www.europesays.com\/es\/wp-json\/wp\/v2\/posts"}],"about":[{"href":"https:\/\/www.europesays.com\/es\/wp-json\/wp\/v2\/types\/post"}],"author":[{"embeddable":true,"href":"https:\/\/www.europesays.com\/es\/wp-json\/wp\/v2\/users\/2"}],"replies":[{"embeddable":true,"href":"https:\/\/www.europesays.com\/es\/wp-json\/wp\/v2\/comments?post=177049"}],"version-history":[{"count":0,"href":"https:\/\/www.europesays.com\/es\/wp-json\/wp\/v2\/posts\/177049\/revisions"}],"wp:featuredmedia":[{"embeddable":true,"href":"https:\/\/www.europesays.com\/es\/wp-json\/wp\/v2\/media\/177050"}],"wp:attachment":[{"href":"https:\/\/www.europesays.com\/es\/wp-json\/wp\/v2\/media?parent=177049"}],"wp:term":[{"taxonomy":"category","embeddable":true,"href":"https:\/\/www.europesays.com\/es\/wp-json\/wp\/v2\/categories?post=177049"},{"taxonomy":"post_tag","embeddable":true,"href":"https:\/\/www.europesays.com\/es\/wp-json\/wp\/v2\/tags?post=177049"}],"curies":[{"name":"wp","href":"https:\/\/api.w.org\/{rel}","templated":true}]}}