{"id":177059,"date":"2025-10-14T21:34:10","date_gmt":"2025-10-14T21:34:10","guid":{"rendered":"https:\/\/www.europesays.com\/es\/177059\/"},"modified":"2025-10-14T21:34:10","modified_gmt":"2025-10-14T21:34:10","slug":"luis-me-pregunto-donde-me-siento-por-las-mananas","status":"publish","type":"post","link":"https:\/\/www.europesays.com\/es\/177059\/","title":{"rendered":"Luis me pregunt\u00f3 d\u00f3nde me siento por las ma\u00f1anas"},"content":{"rendered":"<p class=\"c-paragraph\">\u00abTe casa en julio\u00bb, ha sido lo primero que <a href=\"https:\/\/www.20minutos.es\/tags\/personas\/pablo-motos.html\" title=\"Pablo Motos\" rel=\"nofollow noopener\" target=\"_blank\">Pablo Motos<\/a> le ha dicho a <a href=\"https:\/\/www.20minutos.es\/tags\/personas\/susanna-griso.html\" title=\"Susanna Griso\" rel=\"nofollow noopener\" target=\"_blank\">Susanna Griso<\/a> cuando se ha sentando en la mesa. La presentadora de <a href=\"https:\/\/www.20minutos.es\/tags\/instituciones-empresas\/espejo-publico.html\" title=\"Espejo P\u00fablico\" rel=\"nofollow noopener\" target=\"_blank\">Espejo P\u00fablico<\/a> ha visitado <a href=\"https:\/\/www.20minutos.es\/tags\/instituciones-empresas\/el-hormiguero.html\" title=\"El hormiguero\" rel=\"nofollow noopener\" target=\"_blank\">El Hormiguero<\/a> para celebrar los 20 a\u00f1os de su espacio matinal y ha aprovechado para ofrecer <b>alg\u00fan que otro detalle de su boda con Luis Enr\u00edquez.<\/b><\/p>\n<p class=\"c-paragraph\">\u00abQuer\u00eda mantenerlo en secreto hasta el mes de julio, que era casi imposible porque el 80 % de los que vienen a mi boda son periodistas. As\u00ed todo, debo decir que se han portado bastante bien porque, <b>que yo sepa, no ha salido de nuestro c\u00edrculo cercano<\/b>\u00ab, apunt\u00f3 la periodista en una primera instancia.<\/p>\n<p class=\"c-paragraph\">La hormiga Barrancas le reproch\u00f3 que va a hacer que sus invitados vayas en traje a 40 grados, pero ella se ha defendido y ha recordado a sus invitados que la idea es que vayan \u00aben traje de lino o en guayabera\u00bb. <b>\u00abSi lo hace el rey, lo voy a permitir yo el d\u00eda de mi boda\u00bb,<\/b>\u00a0a\u00f1adi\u00f3 la comunicadora.<\/p>\n<p class=\"c-paragraph\">\u00ab\u00bfCu\u00e1nto tiempo pudiste guardar el secreto entre periodistas? Es como disimular una cojera entre traumat\u00f3logos\u00bb, quiso saber Motos. \u00abEs que es as\u00ed, nosotros dec\u00edamos: &#8216;no queremos que salga, no vamos a enviar invitaciones hasta el \u00faltimo momento\u00bb, ha reconocido Griso. Sin embargo, no les qued\u00f3 m\u00e1s remedio que anunciarlo porque, como ha confirmado, ser\u00e1 en la Costa Brava y<b> la gente tiene que \u00abreservar hotel\u00bb, ya que van a contar con \u00ab250 personas\u00bb.<\/b><\/p>\n<p class=\"c-paragraph\">Tras ofrecer estos datos, el de Requena le pregunt\u00f3 por c\u00f3mo fue la pedida. \u00ab5 de la ma\u00f1ana, me levanto, estoy hiperactiva a esas horas. Me tengo que tomar una pastilla porque tengo hipotiroidismo y tienes que darle margen a que haga efecto para tomarte el caf\u00e9. <b>El d\u00eda anterior me pregunt\u00f3 Luis que d\u00f3nde me siento por las ma\u00f1anas <\/b>y se lo indiqu\u00e9. Ese d\u00eda no hab\u00eda cargado el iPad y me fui a otro sitio sitio; cambi\u00e9 la taza\u00bb, explic\u00f3 sobre la primera parte del proceso.\u00a0<\/p>\n<p class=\"c-paragraph\">\u00abVan pasando los minutos y veo que aparece y me dice: &#8216;\u00bfQu\u00e9 tal?&#8217; y le digo: &#8216;Bien, \u00bfqu\u00e9 haces tan pronto?\u00bb. \u00abNo bueno, vengo de desayunar, \u00bfno quieres un caf\u00e9?\u00bb, le pregunt\u00f3 su pareja, a lo que ella respondi\u00f3 que no porque a\u00fan estaba en el l\u00edmite de la pastilla. \u00abComo veo que se queda delante y yo estaba leyendo los peri\u00f3dico, era una situaci\u00f3n que me incomodaba un poco porque estaba trabajando y el otro de piedra. Entonces ya le digo &#8216;como vas a hacerte un caf\u00e9, h\u00e1zmelo a mi&#8217; y ya<b> levanto la taza y ah\u00ed estaba el anillo<\/b>\u00ab, finaliz\u00f3 Susanna Griso acerca del asunto.<\/p>\n<p class=\"c-paragraph\">Para cerrar el tema, Pablo Motos quiso saber c\u00f3mo es la sensaci\u00f3n de enamorarse cuando una persona se vuelve a enamorar. \u00abEs distinto el amor. En la pel\u00edcula Cuando Harry encontr\u00f3 a Sally\u00a0hay una frase en la que \u00e9l le dice a ella: &#8216;Cuando sabes con quien quieres pasar el resto de tus d\u00edas, solo aspiras a que el resto de tus d\u00edas empiecen inmediatamente&#8217;. Tienes las ideas mas claras, y la amistad que tenemos suma, hay una coincidencia de intereses, hobbies, pasi\u00f3n por lo que hacemos&#8230;\u00bb, reflexi\u00f3no Susanna Griso.<\/p>\n","protected":false},"excerpt":{"rendered":"\u00abTe casa en julio\u00bb, ha sido lo primero que Pablo Motos le ha dicho a Susanna Griso cuando&hellip;\n","protected":false},"author":2,"featured_media":177060,"comment_status":"","ping_status":"","sticky":false,"template":"","format":"standard","meta":{"footnotes":""},"categories":[171],"tags":[2196,7510,146,147,25,24,32231,17775,23,32230,214],"class_list":{"0":"post-177059","1":"post","2":"type-post","3":"status-publish","4":"format-standard","5":"has-post-thumbnail","7":"category-tv","8":"tag-cuenta","9":"tag-detalles","10":"tag-entertainment","11":"tag-entretenimiento","12":"tag-es","13":"tag-espana","14":"tag-griso","15":"tag-hormiguero","16":"tag-spain","17":"tag-susanna","18":"tag-tv"},"share_on_mastodon":{"url":"","error":""},"_links":{"self":[{"href":"https:\/\/www.europesays.com\/es\/wp-json\/wp\/v2\/posts\/177059","targetHints":{"allow":["GET"]}}],"collection":[{"href":"https:\/\/www.europesays.com\/es\/wp-json\/wp\/v2\/posts"}],"about":[{"href":"https:\/\/www.europesays.com\/es\/wp-json\/wp\/v2\/types\/post"}],"author":[{"embeddable":true,"href":"https:\/\/www.europesays.com\/es\/wp-json\/wp\/v2\/users\/2"}],"replies":[{"embeddable":true,"href":"https:\/\/www.europesays.com\/es\/wp-json\/wp\/v2\/comments?post=177059"}],"version-history":[{"count":0,"href":"https:\/\/www.europesays.com\/es\/wp-json\/wp\/v2\/posts\/177059\/revisions"}],"wp:featuredmedia":[{"embeddable":true,"href":"https:\/\/www.europesays.com\/es\/wp-json\/wp\/v2\/media\/177060"}],"wp:attachment":[{"href":"https:\/\/www.europesays.com\/es\/wp-json\/wp\/v2\/media?parent=177059"}],"wp:term":[{"taxonomy":"category","embeddable":true,"href":"https:\/\/www.europesays.com\/es\/wp-json\/wp\/v2\/categories?post=177059"},{"taxonomy":"post_tag","embeddable":true,"href":"https:\/\/www.europesays.com\/es\/wp-json\/wp\/v2\/tags?post=177059"}],"curies":[{"name":"wp","href":"https:\/\/api.w.org\/{rel}","templated":true}]}}