{"id":177061,"date":"2025-10-14T21:35:16","date_gmt":"2025-10-14T21:35:16","guid":{"rendered":"https:\/\/www.europesays.com\/es\/177061\/"},"modified":"2025-10-14T21:35:16","modified_gmt":"2025-10-14T21:35:16","slug":"tim-burton-no-se-esfuerza-ni-por-lady-gaga-jenesaispop-com","status":"publish","type":"post","link":"https:\/\/www.europesays.com\/es\/177061\/","title":{"rendered":"Tim Burton no se esfuerza ni por Lady Gaga \u2013 jenesaispop.com"},"content":{"rendered":"<p>Si hace treinta a\u00f1os se hubiera anunciado que <a href=\"https:\/\/jenesaispop.com\/2024\/09\/21\/482538\/tim-burton-bitelchus-critica\/\" rel=\"nofollow noopener\" target=\"_blank\">Tim Burton<\/a> iba a dirigir el nuevo videoclip de una estrella del pop -no s\u00e9, Madonna o Whitney Houston-, habr\u00eda sido un acontecimiento mundial. Hoy, que Burton dirija un clip de <a href=\"https:\/\/jenesaispop.com\/2025\/03\/10\/494066\/lady-gaga-mayhem-critica\/\" rel=\"nofollow noopener\" target=\"_blank\">Lady Gaga<\/a> es como si <a href=\"https:\/\/jenesaispop.com\/2025\/09\/19\/507534\/cautivo-amenabar-critica\/\" rel=\"nofollow noopener\" target=\"_blank\">Amen\u00e1bar<\/a> realizara un v\u00eddeo para M\u00f3nica Naranjo. Pues vale.<\/p>\n<p>Tras m\u00e1s de una d\u00e9cada de exitoso (en t\u00e9rminos pecuniarios) funcionariado en Disney, estampando su sello est\u00e9tico sobre reproducciones sin alma como un bostezante Dal\u00ed del siglo XXI, \u2018<a href=\"https:\/\/jenesaispop.com\/2025\/09\/12\/507065\/the-dead-dance-lady-gaga-critica\/\" rel=\"nofollow noopener\" target=\"_blank\">The Dead Dance<\/a>\u2019 podr\u00eda haber sido una buena oportunidad para que Burton se soltara un poco la melena (g\u00f3tica) e hiciera algo que recordara al personal\u00edsimo cineasta que deslumbr\u00f3 en los noventa. Pues tampoco.<\/p>\n<p>\u2018The Dead Dance\u2019 es como una versi\u00f3n desganada y anodina del \u2018Thriller\u2019 de John Landis y <a href=\"https:\/\/jenesaispop.com\/2025\/09\/04\/506596\/paris-jackson-michael\/\" rel=\"nofollow noopener\" target=\"_blank\">Michael Jackson<\/a>, presentada con el atractivo estilo visual y el ambiente isle\u00f1o caribe\u00f1o de \u2018Yo anduve con un zombie\u2019 (1943). <\/p>\n<p>Rodado en la \u201cisla de las mu\u00f1ecas\u201d de M\u00e9xico (un paraje lleno de mu\u00f1ecas colgadas durante a\u00f1os por un \u201ccoleccionista\u201d local, convertido en atracci\u00f3n tur\u00edstica), el v\u00eddeo muestra a la cantante neoyorquina caracterizada como una mu\u00f1eca victoriana que cobra vida como si tuviera s\u00edntomas de Parkinson.<\/p>\n<p>A partir de esa premisa, la narraci\u00f3n no va mucho m\u00e1s all\u00e1. Lo que podr\u00eda haber sido una alocada reuni\u00f3n de mu\u00f1ecas bailando como posesas, ha acabado resultando una interminable coreograf\u00eda <a href=\"https:\/\/jenesaispop.com\/2024\/10\/31\/485729\/halloween-peliculas-terror\/\" rel=\"nofollow noopener\" target=\"_blank\">halloweenesca<\/a>, salpicada con planos de mu\u00f1ecas cobrando vida (algunas con un uso de la animaci\u00f3n bastante cutre) pretendidamente siniestros\/divertidos. Ni una cosa ni la otra.<\/p>\n","protected":false},"excerpt":{"rendered":"Si hace treinta a\u00f1os se hubiera anunciado que Tim Burton iba a dirigir el nuevo videoclip de una&hellip;\n","protected":false},"author":2,"featured_media":177062,"comment_status":"","ping_status":"","sticky":false,"template":"","format":"standard","meta":{"footnotes":""},"categories":[170],"tags":[146,147,25,24,4643,184,185,23,21469],"class_list":{"0":"post-177061","1":"post","2":"type-post","3":"status-publish","4":"format-standard","5":"has-post-thumbnail","7":"category-musica","8":"tag-entertainment","9":"tag-entretenimiento","10":"tag-es","11":"tag-espana","12":"tag-lady-gaga","13":"tag-music","14":"tag-musica","15":"tag-spain","16":"tag-tim-burton"},"share_on_mastodon":{"url":"","error":""},"_links":{"self":[{"href":"https:\/\/www.europesays.com\/es\/wp-json\/wp\/v2\/posts\/177061","targetHints":{"allow":["GET"]}}],"collection":[{"href":"https:\/\/www.europesays.com\/es\/wp-json\/wp\/v2\/posts"}],"about":[{"href":"https:\/\/www.europesays.com\/es\/wp-json\/wp\/v2\/types\/post"}],"author":[{"embeddable":true,"href":"https:\/\/www.europesays.com\/es\/wp-json\/wp\/v2\/users\/2"}],"replies":[{"embeddable":true,"href":"https:\/\/www.europesays.com\/es\/wp-json\/wp\/v2\/comments?post=177061"}],"version-history":[{"count":0,"href":"https:\/\/www.europesays.com\/es\/wp-json\/wp\/v2\/posts\/177061\/revisions"}],"wp:featuredmedia":[{"embeddable":true,"href":"https:\/\/www.europesays.com\/es\/wp-json\/wp\/v2\/media\/177062"}],"wp:attachment":[{"href":"https:\/\/www.europesays.com\/es\/wp-json\/wp\/v2\/media?parent=177061"}],"wp:term":[{"taxonomy":"category","embeddable":true,"href":"https:\/\/www.europesays.com\/es\/wp-json\/wp\/v2\/categories?post=177061"},{"taxonomy":"post_tag","embeddable":true,"href":"https:\/\/www.europesays.com\/es\/wp-json\/wp\/v2\/tags?post=177061"}],"curies":[{"name":"wp","href":"https:\/\/api.w.org\/{rel}","templated":true}]}}