{"id":177065,"date":"2025-10-14T21:37:13","date_gmt":"2025-10-14T21:37:13","guid":{"rendered":"https:\/\/www.europesays.com\/es\/177065\/"},"modified":"2025-10-14T21:37:13","modified_gmt":"2025-10-14T21:37:13","slug":"4-1-arda-guler-vence-con-turquia-a-georgia-realmadrid-com","status":"publish","type":"post","link":"https:\/\/www.europesays.com\/es\/177065\/","title":{"rendered":"4-1: Arda G\u00fcler vence con Turqu\u00eda a Georgia &#8211; realmadrid.com"},"content":{"rendered":"<ol>\n<li><a href=\"https:\/\/news.google.com\/rss\/articles\/CBMixgFBVV95cUxOUEdxVUdRN1BLbGRQd3lKRUVGMlJORWhZeVF3N29SWVZRaWtMTDV2aGxGWmxiNVhJQ2o3YXJkRy1icEdPaUhTZW84Mm5HUmZaWGxMd0ltS0FFRFF4bVY2cjZ3WUJ3NTc1dVFKWTZQMlpoN3U0QkJ5LWs3VGNPQ1U3Ukk2eFpJWDNadzRNNXZJR09LRXZrMjIyc09nbkZoOFpWR19EZ2s5MngtdVMwRWZZb2lYQVhwSHhuVmNBYThWaUVNSm9xYWc?oc=5\" target=\"_blank\" rel=\"nofollow noopener\">4-1: Arda G\u00fcler vence con Turqu\u00eda a Georgia<\/a>&nbsp;&nbsp;realmadrid.com<\/li>\n<li><a href=\"https:\/\/news.google.com\/rss\/articles\/CBMid0FVX3lxTE9TMm5kMEJNUTFMX1hNdEVJYVgweWFKUk0yQ3p0REhWMkdvUVlZemYxbkp5YmRKUXNZVDhoMl9xUWNYTFlqOUt3QjRXX05PWE5CdFFTUG9xSzV5TWRxN1JyWlc2UTB3Tll2cDJNNmZTQlRqOVkzRTVj0gGLAUFVX3lxTE8xQ3pDUGp0aDJiZGdCY1MzTThvWTRWb1AydE8xTjVranljVF9XNEIxd1ppYmRLaFZZYlM5YmI1RWRtUmpmQUVHeUdGV0FiN255UVNva0JmT1J3am4xa2tzTzVaVUZQUDdwalBlaEFIaWsxMGQxck9wSjFvVU9sS2UxODBValZ3MUVScHc?oc=5\" target=\"_blank\" rel=\"nofollow noopener\">Demiral hizo de G\u00fcler<\/a>&nbsp;&nbsp;Diario AS<\/li>\n<li><a href=\"https:\/\/news.google.com\/rss\/articles\/CBMiqAFBVV95cUxOMXkzV0pjMmNqdkdCN0UyeHFBN0xVTG9wMkE3dzdPM2t1QWFrWmc1bjQzZTF4a2hHQnRiUEdQbjlLSnNOWjNiamZyNVp6VHB3S2ZQTmhfejdnQVpVMzVnYkJTZk5jU2JOV2NFYV9MdVc3MHBrcDNuUlRrVmtBWkdfejBZWWdTcmtxVlVQcE1RSTA1SU5YalBMd1VaNC1jcFM4dDdvWm9DMG3SAagBQVVfeXFMTnVIb2NkWFdZYXp6MFJOY2M2UUpuZXBmdmUxM2FLYklZT2tob18yb3ZGXzd3UlRvcXB5Mmdic0tFVkJnaEE3NWxmMUdoS0Q1TU1XLXJDTmhVQnVUYVNvRmdTVm1CdnhCSEp6bzFOY3p4TlBWQlVSY0V0TmFlYW15RHZJbHBHOFZLRWlOcnZSamYzOFMydHlQWHpqZVEyVUdEOHpuV0Z1NVZB?oc=5\" target=\"_blank\" rel=\"nofollow noopener\">Una Turqu\u00eda imperial firma otro triunfo incontestable&#8230; G\u00fcler no consigui\u00f3 anotar<\/a>&nbsp;&nbsp;MARCA<\/li>\n<li><a href=\"https:\/\/news.google.com\/rss\/articles\/CBMiuAFBVV95cUxQVGRDV0w5SUFvX3J6dXlyYzJrWHFPVVNUOHRVU1prQ3lUbnN6TEVkTERxM0cxLU1yN0dYQXYwV0lldUVjd1AxNWIwdy1Fak9kRUFybUhDM2hNbmJxdHpHcXU1WW15QjBuRU1XNGFiWkUzN1Vsb3BUMFNWN2dYN2xZMkNoQjh1ZU5sbnBXcF9IblVzUjF2VkF0di1RYzhpUzFEbmhKTnR2b2Z1MFZQeDdpNDlvRWxPSjB5?oc=5\" target=\"_blank\" rel=\"nofollow noopener\">Turqu\u00eda &#8211; Georgia en directo &#8211; Clasificaci\u00f3n Mundial UEFA: Resultados y res\u00famenes de F\u00fatbol &#8211; 14\/10\/2025<\/a>&nbsp;&nbsp;Eurosport<\/li>\n<li><a href=\"https:\/\/news.google.com\/rss\/articles\/CBMifkFVX3lxTE9oaU11Zjl1TUVtWUM2c1c3MmhEbXVLeERGT3ZoV0lYYl93QnUtS3B5NEZOaGRNNkk1R2ljRGVqNXlmbXBqS3k4d3V3UWYtVFFmYWo2bThTTHctSm9pYmt1WE1lUEFjdG9XVEl1X2tqbi1ENGNDZGhOeEoxdVpyZ9IBkgFBVV95cUxNOU5kOFZMUFVYRkpGMTlTbVBJVU0xWHBYSWdrc0NDNG1zY0IyQnN6bkxnLXROQUNzdHVleUU1am4yNG9FY2FYMGhPUE9heTUwSTk2eUw1bW85aTJQZUNVLXluUW5PbFNEYkNEN0Vfd2tGM0YyOUpNeGsxU3M5QldKd08wU2tKdWJNWjNFdlNJWGJUQQ?oc=5\" target=\"_blank\" rel=\"nofollow noopener\">Turqu\u00eda-Georgia, en directo<\/a>&nbsp;&nbsp;Diario AS<\/li>\n<\/ol>\n","protected":false},"excerpt":{"rendered":"4-1: Arda G\u00fcler vence con Turqu\u00eda a Georgia&nbsp;&nbsp;realmadrid.com Demiral hizo de G\u00fcler&nbsp;&nbsp;Diario AS Una Turqu\u00eda imperial firma otro&hellip;\n","protected":false},"author":2,"featured_media":171506,"comment_status":"","ping_status":"","sticky":false,"template":"","format":"standard","meta":{"footnotes":""},"categories":[93],"tags":[168,25,24,6523,3048,23,167],"class_list":{"0":"post-177065","1":"post","2":"type-post","3":"status-publish","4":"format-standard","5":"has-post-thumbnail","7":"category-deportes","8":"tag-deportes","9":"tag-es","10":"tag-espana","11":"tag-home","12":"tag-real-madrid","13":"tag-spain","14":"tag-sports"},"share_on_mastodon":{"url":"","error":""},"_links":{"self":[{"href":"https:\/\/www.europesays.com\/es\/wp-json\/wp\/v2\/posts\/177065","targetHints":{"allow":["GET"]}}],"collection":[{"href":"https:\/\/www.europesays.com\/es\/wp-json\/wp\/v2\/posts"}],"about":[{"href":"https:\/\/www.europesays.com\/es\/wp-json\/wp\/v2\/types\/post"}],"author":[{"embeddable":true,"href":"https:\/\/www.europesays.com\/es\/wp-json\/wp\/v2\/users\/2"}],"replies":[{"embeddable":true,"href":"https:\/\/www.europesays.com\/es\/wp-json\/wp\/v2\/comments?post=177065"}],"version-history":[{"count":0,"href":"https:\/\/www.europesays.com\/es\/wp-json\/wp\/v2\/posts\/177065\/revisions"}],"wp:featuredmedia":[{"embeddable":true,"href":"https:\/\/www.europesays.com\/es\/wp-json\/wp\/v2\/media\/171506"}],"wp:attachment":[{"href":"https:\/\/www.europesays.com\/es\/wp-json\/wp\/v2\/media?parent=177065"}],"wp:term":[{"taxonomy":"category","embeddable":true,"href":"https:\/\/www.europesays.com\/es\/wp-json\/wp\/v2\/categories?post=177065"},{"taxonomy":"post_tag","embeddable":true,"href":"https:\/\/www.europesays.com\/es\/wp-json\/wp\/v2\/tags?post=177065"}],"curies":[{"name":"wp","href":"https:\/\/api.w.org\/{rel}","templated":true}]}}