{"id":177066,"date":"2025-10-14T21:39:11","date_gmt":"2025-10-14T21:39:11","guid":{"rendered":"https:\/\/www.europesays.com\/es\/177066\/"},"modified":"2025-10-14T21:39:11","modified_gmt":"2025-10-14T21:39:11","slug":"andy-estalla-contra-lucas-tras-su-ultimo-concierto-juntos","status":"publish","type":"post","link":"https:\/\/www.europesays.com\/es\/177066\/","title":{"rendered":"Andy estalla contra Lucas tras su \u00faltimo concierto juntos"},"content":{"rendered":"<p>\n        <a href=\"https:\/\/www.noticiasdenavarra.com\/tags\/andy-y-lucas\/\" title=\"Andy y Lucas\" target=\"_blank\" class=\"link copy\" rel=\"nofollow noopener\"><strong>Andy y Lucas<\/strong><\/a><strong> ya no son un d\u00fao.<\/strong> Este pasado viernes dieron su <strong>\u00faltimo concierto de la gira<\/strong> con la que se desped\u00edan de los escenarios y a partir de ahora se abre una nueva etapa. Dejan as\u00ed <strong>22 a\u00f1os de carrera<\/strong> en los que lograron algunos \u00e9xitos, sobre todo en sus inicios, con temas como Son de amores o Tanto la quer\u00eda, y en los que much\u00edsima gente no ha tenido claro <strong>qui\u00e9n era Andy y qui\u00e9n era Lucas<\/strong> hasta que en el \u00faltimo a\u00f1o la <strong>fallida <\/strong>operaci\u00f3n de nariz del segundo lo coloc\u00f3 en todos los medios y redes sociales, convirti\u00e9ndose en meme.\n<\/p>\n<p class=\"article-body__text \">\n        En 2023 el d\u00fao gaditano anunci\u00f3 que se embarcar\u00eda en una <strong>gira de despedida<\/strong> debido a que los m\u00e9dicos hab\u00edan recomendado a <strong>Lucas <\/strong>llevar una vida m\u00e1s relajada debido a unos <strong>problemas cardiovasculares<\/strong><strong>.<\/strong> Ha sido un adi\u00f3s que ha durado dos a\u00f1os y durante los cuales han surgido diversos <strong>rumores <\/strong>e informaciones que aseguraban que<strong> la relaci\u00f3n entre ambos era muy mala.<\/strong> Aun as\u00ed terminaron la gira, intercalada con apariciones en plat\u00f3s de Lucas contando su traum\u00e1tica experiencia con su nariz. Mientras, <strong>Andy guardaba silencio.<\/strong>\n<\/p>\n<p>  Se l\u00eda tras el \u00faltimo concierto<\/p>\n<p class=\"article-body__text \">\n        En el \u00faltimo concierto, en el<strong> Palacio de Vistalegre de Madrid, <\/strong>Lucas, que al parecer es el que tiene registrado todo a su nombre, dedic\u00f3 unas bonitas palabras a Andy y <strong>se fundieron en un abrazo. <\/strong>Pero parece que era m\u00e1s postureo que otra cosa, e incluso Telecinco asegura que al finalizar, <strong>ya en el camerino, <\/strong>se produjo una<strong> fuerte discusi\u00f3n entre ambos.<\/strong>\n<\/p>\n<p class=\"article-body__text \">\n        Parece ser que<strong> Andy ofrecer\u00e1<\/strong> en los pr\u00f3ximos d\u00edas <strong>una entrevista en televisi\u00f3n<\/strong> en la que puede soltar todo el lastre que ha acumulado mientras ya ha anunciado que emprender\u00e1 una <strong>carrera en solitario.<\/strong> Pero, sin necesidad de pronunciarse todav\u00eda sobre su relaci\u00f3n con Lucas, ya ha soltado unos cuantos <strong>pu\u00f1ales aprovechando las stories de Instagram de algunos de sus fans.<\/strong>\n<\/p>\n<blockquote class=\"twitter-tweet\" data-lang=\"es\" wp_automatic_readability=\"3.1782945736434\">\n<p lang=\"es\" dir=\"ltr\">Ayy\u2026 qu\u00e9 penita me ha dado aqu\u00ed Andy\u2026.\ud83d\ude22 <a href=\"https:\/\/t.co\/dsU9a2RhQy\" rel=\"nofollow\">pic.twitter.com\/dsU9a2RhQy<\/a><\/p>\n<p>\u2014 Ojito \ud83d\udc41 (@elojoquetodolv) <a href=\"https:\/\/twitter.com\/elojoquetodolv\/status\/1977062766260432933?ref_src=twsrc%5Etfw\" rel=\"nofollow noopener\" target=\"_blank\">11 de octubre de 2025<\/a><\/p><\/blockquote>\n<p>  Comparte ataques a Lucas<\/p>\n<p class=\"article-body__text \">\n        Lo que ha hecho es <strong>compartir un par de ellas en las que criticaban a Lucas,<\/strong> lo que da a entender que est\u00e1 de acuerdo con lo que se dice en ellas. En la primera, un fan escribe: <strong>\u201cHasta luego Lucassss! Anda que no le has puteado al pobre muchachooo\u201d.<\/strong> Y tambi\u00e9n ha compartido otra que ataca bastante a su excompa\u00f1ero, describiendo la imagen que se vio al final del \u00faltimo concierto, con Lucas subido a hombros y Andy solo y tremendamente triste.\n<\/p>\n<p class=\"article-photo__footer\">\n            Las stories compartidas por Andy.            Instagram        <\/p>\n<p class=\"article-body__text \">\n        <strong>\u201cAqu\u00ed se ve la arrogancia y la humildad. <\/strong>Aqu\u00ed se ve la verdad. <strong>Uno en hombros, pensando ser un rey. El otro caminando siendo humilde.<\/strong> No hay mucho m\u00e1s que decir. Aqu\u00ed se ve lo que hay\u201d, se puede leer en la historia de una seguidora que \u00e9l ha querido compartir, dejando ver que ha terminado <strong>hasta las narices de Lucas.<\/strong>\n<\/p>\n<p>            <script async src=\"https:\/\/platform.twitter.com\/widgets.js\" charset=\"utf-8\"><\/script><\/p>\n","protected":false},"excerpt":{"rendered":"Andy y Lucas ya no son un d\u00fao. Este pasado viernes dieron su \u00faltimo concierto de la gira&hellip;\n","protected":false},"author":2,"featured_media":177067,"comment_status":"","ping_status":"","sticky":false,"template":"","format":"standard","meta":{"footnotes":""},"categories":[91],"tags":[16221,2339,19913,146,147,25,24,9915,1300,7357,23,575,3667],"class_list":{"0":"post-177066","1":"post","2":"type-post","3":"status-publish","4":"format-standard","5":"has-post-thumbnail","7":"category-entretenimiento","8":"tag-andy","9":"tag-concierto","10":"tag-contra","11":"tag-entertainment","12":"tag-entretenimiento","13":"tag-es","14":"tag-espana","15":"tag-estalla","16":"tag-juntos","17":"tag-lucas","18":"tag-spain","19":"tag-tras","20":"tag-ultimo"},"share_on_mastodon":{"url":"","error":""},"_links":{"self":[{"href":"https:\/\/www.europesays.com\/es\/wp-json\/wp\/v2\/posts\/177066","targetHints":{"allow":["GET"]}}],"collection":[{"href":"https:\/\/www.europesays.com\/es\/wp-json\/wp\/v2\/posts"}],"about":[{"href":"https:\/\/www.europesays.com\/es\/wp-json\/wp\/v2\/types\/post"}],"author":[{"embeddable":true,"href":"https:\/\/www.europesays.com\/es\/wp-json\/wp\/v2\/users\/2"}],"replies":[{"embeddable":true,"href":"https:\/\/www.europesays.com\/es\/wp-json\/wp\/v2\/comments?post=177066"}],"version-history":[{"count":0,"href":"https:\/\/www.europesays.com\/es\/wp-json\/wp\/v2\/posts\/177066\/revisions"}],"wp:featuredmedia":[{"embeddable":true,"href":"https:\/\/www.europesays.com\/es\/wp-json\/wp\/v2\/media\/177067"}],"wp:attachment":[{"href":"https:\/\/www.europesays.com\/es\/wp-json\/wp\/v2\/media?parent=177066"}],"wp:term":[{"taxonomy":"category","embeddable":true,"href":"https:\/\/www.europesays.com\/es\/wp-json\/wp\/v2\/categories?post=177066"},{"taxonomy":"post_tag","embeddable":true,"href":"https:\/\/www.europesays.com\/es\/wp-json\/wp\/v2\/tags?post=177066"}],"curies":[{"name":"wp","href":"https:\/\/api.w.org\/{rel}","templated":true}]}}