{"id":177071,"date":"2025-10-14T21:42:09","date_gmt":"2025-10-14T21:42:09","guid":{"rendered":"https:\/\/www.europesays.com\/es\/177071\/"},"modified":"2025-10-14T21:42:09","modified_gmt":"2025-10-14T21:42:09","slug":"seis-muertos-tras-nuevo-ataque-de-ee-uu-a-un-barco-frente-a-venezuela-2","status":"publish","type":"post","link":"https:\/\/www.europesays.com\/es\/177071\/","title":{"rendered":"Seis muertos tras nuevo ataque de EE.UU. a un barco frente a Venezuela"},"content":{"rendered":"<p>      CNN<br \/>\n        \u00a0\u2014\u00a0<\/p>\n<p class=\"paragraph inline-placeholder vossi-paragraph\" data-uri=\"es.cms.cnn.com\/_components\/paragraph\/instances\/cmgqvq46v000r28nq35xmf4q2@published\" data-editable=\"text\" data-component-name=\"paragraph\" data-article-gutter=\"true\">\n            Las Fuerzas Armadas de Estados Unidos llevaron a cabo un nuevo ataque a un barco presuntamente involucrado en el tr\u00e1fico de drogas frente a la costa de Venezuela, matando a seis personas a bordo, anunci\u00f3 el presidente Donald Trump el martes.\n    <\/p>\n<p class=\"paragraph inline-placeholder vossi-paragraph\" data-uri=\"es.cms.cnn.com\/_components\/paragraph\/instances\/cmgr1gsev0000356nasjiwsny@published\" data-editable=\"text\" data-component-name=\"paragraph\" data-article-gutter=\"true\">\n            Trump dijo que la embarcaci\u00f3n estaba \u201cafiliada a una organizaci\u00f3n terrorista designada\u201d, pero no nombr\u00f3 ninguna organizaci\u00f3n ni proporcion\u00f3 pruebas que respaldaran la afirmaci\u00f3n.\n    <\/p>\n<p class=\"paragraph inline-placeholder vossi-paragraph\" data-uri=\"es.cms.cnn.com\/_components\/paragraph\/instances\/cmgr1o2zm000e356nl71chzlh@published\" data-editable=\"text\" data-component-name=\"paragraph\" data-article-gutter=\"true\">\n            \u201cLa inteligencia confirm\u00f3 que la embarcaci\u00f3n estaba traficando narc\u00f3ticos, estaba asociada con redes il\u00edcitas de narcoterrorismo y transitaba por una ruta conocida de organizaciones de tr\u00e1fico de drogas\u201d, dijo Trump en su plataforma Truth Social. \u201cEl ataque se realiz\u00f3 en aguas internacionales y seis narcoterroristas masculinos a bordo de la embarcaci\u00f3n murieron en el ataque. Ninguna fuerza estadounidense result\u00f3 herida\u201d.\n    <\/p>\n<p class=\"paragraph inline-placeholder vossi-paragraph\" data-uri=\"es.cms.cnn.com\/_components\/paragraph\/instances\/cmgr1o2zm000f356ng1ds1gh5@published\" data-editable=\"text\" data-component-name=\"paragraph\" data-article-gutter=\"true\">\n            Esta es al menos la quinta vez que Estados Unidos anuncia un ataque de este tipo; el Pent\u00e1gono anunci\u00f3 otro a principios de octubre.\n    <\/p>\n<p class=\"paragraph inline-placeholder vossi-paragraph\" data-uri=\"es.cms.cnn.com\/_components\/paragraph\/instances\/cmgr1o2zm000g356nmm9ve6fu@published\" data-editable=\"text\" data-component-name=\"paragraph\" data-article-gutter=\"true\">\n            Es probable que el m\u00e1s reciente ataque aumente a\u00fan m\u00e1s las tensiones entre Estados Unidos y el presidente de Venezuela, Nicol\u00e1s Maduro, quien ha indicado que se est\u00e1 preparando para declarar un estado de emergencia para proteger a su pa\u00eds en caso de un ataque por parte de fuerzas estadounidense. Tambi\u00e9n es probable que alimente preguntas continuas sobre la legalidad del esfuerzo estadounidense.\n    <\/p>\n<p class=\"paragraph inline-placeholder vossi-paragraph\" data-uri=\"es.cms.cnn.com\/_components\/paragraph\/instances\/cmgr1o2zm000h356nt65bzy0j@published\" data-editable=\"text\" data-component-name=\"paragraph\" data-article-gutter=\"true\">\n            El Gobierno de EE.UU. ha defendido los ataques. En una carta al Congreso, el Pent\u00e1gono dijo que Trump hab\u00eda determinado que <a href=\"https:\/\/cnnespanol.cnn.com\/2025\/10\/02\/eeuu\/gobierno-trump-conflicto-armado-carteles-droga-caribe-trax\" rel=\"nofollow noopener\" target=\"_blank\">Estados Unidos est\u00e1 en un \u201cconflicto armado\u201d<\/a> con los c\u00e1rteles de la droga que su administraci\u00f3n ha designado como organizaciones terroristas, y que los traficantes de los c\u00e1rteles son \u201ccombatientes ilegales\u201d, inform\u00f3 anteriormente CNN.\n    <\/p>\n<p class=\"paragraph inline-placeholder vossi-paragraph\" data-uri=\"es.cms.cnn.com\/_components\/paragraph\/instances\/cmgr1o2zm000i356nzfejvylh@published\" data-editable=\"text\" data-component-name=\"paragraph\" data-article-gutter=\"true\">\n            Pero incluso entre algunos conservadores, ha habido inquietud, y al menos una embarcaci\u00f3n atacada por las fuerzas estadounidenses hab\u00eda dado la vuelta antes de ser alcanzada, inform\u00f3 CNN, lo que indica que no representaba una amenaza inminente para Estados Unidos ni para sus fuerzas.\n    <\/p>\n<p class=\"paragraph inline-placeholder vossi-paragraph\" data-uri=\"es.cms.cnn.com\/_components\/paragraph\/instances\/cmgr1o2zm000j356nuyl3r40l@published\" data-editable=\"text\" data-component-name=\"paragraph\" data-article-gutter=\"true\">\n            A principios de este mes, el senador republicano Rand Paul anunci\u00f3 que estaba copatrocinando una resoluci\u00f3n de Poderes de Guerra que impedir\u00eda al presidente llevar a cabo unilateralmente ataques de este tipo.\n    <\/p>\n<p class=\"paragraph inline-placeholder vossi-paragraph\" data-uri=\"es.cms.cnn.com\/_components\/paragraph\/instances\/cmgr1o2zm000k356ncf53a89h@published\" data-editable=\"text\" data-component-name=\"paragraph\" data-article-gutter=\"true\">\n            \u201cDestruir barcos sin el debido proceso podr\u00eda provocar una escalada no intencionada y desencadenar intentos de cambio de r\u00e9gimen, un enfoque que la historia ha demostrado repetidamente que fracasa. Por eso estoy copatrocinando una resoluci\u00f3n de Poderes de Guerra para detenerlo. El Congreso debe reafirmar su autoridad\u201d, dijo Paul en X.\n    <\/p>\n<p class=\"paragraph inline-placeholder vossi-paragraph\" data-uri=\"es.cms.cnn.com\/_components\/paragraph\/instances\/cmgr1o2zm000l356ncgi25qq2@published\" data-editable=\"text\" data-component-name=\"paragraph\" data-article-gutter=\"true\">\n            Paul tambi\u00e9n critic\u00f3 p\u00fablicamente al vicepresidente J. D. Vance el mes pasado despu\u00e9s de que celebrara uno de los ataques.\n    <\/p>\n<p class=\"paragraph inline-placeholder vossi-paragraph\" data-uri=\"es.cms.cnn.com\/_components\/paragraph\/instances\/cmgr1o2zm000m356nkfkjsb6q@published\" data-editable=\"text\" data-component-name=\"paragraph\" data-article-gutter=\"true\">\n            \u201cQu\u00e9 sentimiento tan despreciable e irreflexivo es glorificar el asesinato de alguien sin un juicio\u201d, dijo Paul en respuesta al vicepresidente.\n    <\/p>\n<p class=\"paragraph inline-placeholder vossi-paragraph\" data-uri=\"es.cms.cnn.com\/_components\/paragraph\/instances\/cmgr1o2zm000n356n4kmxbe0h@published\" data-editable=\"text\" data-component-name=\"paragraph\" data-article-gutter=\"true\">\n            En comentarios en la Casa Blanca durante un evento con el presidente de Argentina, Javier Milei, el martes, el secretario del Tesoro, Scott Bessent, mencion\u00f3 los ataques mientras abogaba por construir puentes econ\u00f3micos con otras naciones.\n    <\/p>\n<p class=\"paragraph inline-placeholder vossi-paragraph\" data-uri=\"es.cms.cnn.com\/_components\/paragraph\/instances\/cmgr1o2zm000o356n5ma07tyz@published\" data-editable=\"text\" data-component-name=\"paragraph\" data-article-gutter=\"true\">\n            \u201cEstamos utilizando nuestra fortaleza econ\u00f3mica para crear paz\u201d, dijo Bessent. \u201cEs mucho mejor formar un puente econ\u00f3mico con nuestros aliados, personas que quieren hacer lo correcto, que tener que disparar a narcolanchas\u201d.\n    <\/p>\n<p class=\"paragraph inline-placeholder vossi-paragraph\" data-uri=\"es.cms.cnn.com\/_components\/paragraph\/instances\/cmgr1o2zm000p356nw36k3t68@published\" data-editable=\"text\" data-component-name=\"paragraph\" data-article-gutter=\"true\">\n            Trump tambi\u00e9n public\u00f3 un video no clasificado del \u00faltimo ataque.\n    <\/p>\n<p class=\"paragraph inline-placeholder vossi-paragraph\" data-uri=\"es.cms.cnn.com\/_components\/paragraph\/instances\/cmgr1o2zm000q356noukjfe0v@published\" data-editable=\"text\" data-component-name=\"paragraph\" data-article-gutter=\"true\">\n            Esta historia ha sido actualizada con detalles adicionales.\n    <\/p>\n","protected":false},"excerpt":{"rendered":"CNN \u00a0\u2014\u00a0 Las Fuerzas Armadas de Estados Unidos llevaron a cabo un nuevo ataque a un barco presuntamente&hellip;\n","protected":false},"author":2,"featured_media":176921,"comment_status":"","ping_status":"","sticky":false,"template":"","format":"standard","meta":{"footnotes":""},"categories":[42],"tags":[17,18,30234,50649,13,14,11,150,61,62,63,64,19,20,7337,9,10,15,16,12,21,22,65,66,67],"class_list":{"0":"post-177071","1":"post","2":"type-post","3":"status-publish","4":"format-standard","5":"has-post-thumbnail","7":"category-internacional","8":"tag-breaking-news","9":"tag-breakingnews","10":"tag-caribe","11":"tag-embaracion","12":"tag-featured-news","13":"tag-featurednews","14":"tag-headlines","15":"tag-instanoticias","16":"tag-internacional","17":"tag-international","18":"tag-international-news","19":"tag-internationalnews","20":"tag-latest-news","21":"tag-latestnews","22":"tag-narcotrafico","23":"tag-news","24":"tag-noticias","25":"tag-noticias-destacadas","26":"tag-noticiasdestacadas","27":"tag-titulares","28":"tag-ultimas-noticias","29":"tag-ultimasnoticias","30":"tag-world","31":"tag-world-news","32":"tag-worldnews"},"share_on_mastodon":{"url":"","error":""},"_links":{"self":[{"href":"https:\/\/www.europesays.com\/es\/wp-json\/wp\/v2\/posts\/177071","targetHints":{"allow":["GET"]}}],"collection":[{"href":"https:\/\/www.europesays.com\/es\/wp-json\/wp\/v2\/posts"}],"about":[{"href":"https:\/\/www.europesays.com\/es\/wp-json\/wp\/v2\/types\/post"}],"author":[{"embeddable":true,"href":"https:\/\/www.europesays.com\/es\/wp-json\/wp\/v2\/users\/2"}],"replies":[{"embeddable":true,"href":"https:\/\/www.europesays.com\/es\/wp-json\/wp\/v2\/comments?post=177071"}],"version-history":[{"count":0,"href":"https:\/\/www.europesays.com\/es\/wp-json\/wp\/v2\/posts\/177071\/revisions"}],"wp:featuredmedia":[{"embeddable":true,"href":"https:\/\/www.europesays.com\/es\/wp-json\/wp\/v2\/media\/176921"}],"wp:attachment":[{"href":"https:\/\/www.europesays.com\/es\/wp-json\/wp\/v2\/media?parent=177071"}],"wp:term":[{"taxonomy":"category","embeddable":true,"href":"https:\/\/www.europesays.com\/es\/wp-json\/wp\/v2\/categories?post=177071"},{"taxonomy":"post_tag","embeddable":true,"href":"https:\/\/www.europesays.com\/es\/wp-json\/wp\/v2\/tags?post=177071"}],"curies":[{"name":"wp","href":"https:\/\/api.w.org\/{rel}","templated":true}]}}