{"id":177078,"date":"2025-10-14T21:46:07","date_gmt":"2025-10-14T21:46:07","guid":{"rendered":"https:\/\/www.europesays.com\/es\/177078\/"},"modified":"2025-10-14T21:46:07","modified_gmt":"2025-10-14T21:46:07","slug":"telemadrid-entrega-sus-premios-con-la-ausencia-de-morante-tras-su-retirada-el-adios-que-la-tauromaquia-jamas-sabra-decir","status":"publish","type":"post","link":"https:\/\/www.europesays.com\/es\/177078\/","title":{"rendered":"Telemadrid entrega sus premios, con la ausencia de Morante tras su retirada, \u00abel adi\u00f3s que la tauromaquia jam\u00e1s sabr\u00e1 decir\u00bb"},"content":{"rendered":"<p style=\"\">El compromiso de Telemadrid con la tauromaquia ha alcanzado esta temporada unos niveles extraordinarios, al retransmitir todo San Isidro, la Copa Chenel, novilladas del Circuito de Madrid, y la Corrida de la Hispanidad del <a href=\"https:\/\/www.abc.es\/cultura\/toros\/gracias-curro-bendito-20251012125022-nt.html\" target=\"_self\" data-voc-vtm-id=\"in-text-traffic\" title=\"domingo\" data-mrf-link=\"www.abc.es\" rel=\"nofollow noopener\">domingo<\/a>, una tarde que pasar\u00e1 a la <a href=\"https:\/\/www.abc.es\/cultura\/toros\/robleno-torero-retiro-dia-morante-impacto-quito-20251013123051-nt.html\" target=\"_self\" data-voc-vtm-id=\"in-text-traffic\" title=\"historia\" data-mrf-link=\"www.abc.es\" rel=\"nofollow noopener\">historia<\/a> de  &#8230; la Fiesta, con datos de audiencia que mostraban que a los madrile\u00f1os no le han saturado los toros, si no al contrario.<\/p>\n<p class=\"voc-p\" style=\"\">Este martes, el Teatro Calder\u00f3n ha acogido la XXIII edici\u00f3n de la entrega de los premios taurinos de la cadena madrile\u00f1a, en un acto marcado por la ausencia de <a href=\"https:\/\/www.abc.es\/cultura\/toros\/pedro-jorge-marques-apoderado-morante-sabe-definitivo-20251013142935-nt.html\" target=\"_self\" data-voc-vtm-id=\"in-text-traffic\" title=\"Morante\" data-mrf-link=\"www.abc.es\" rel=\"nofollow noopener\">Morante<\/a>, centro de todas las conversaciones. El cigarrero fue premiado como mejor torero de San Isidro, por su \u00ab<strong>su genialidad en una feria hist\u00f3rica, a un torero que ha dejado su impronta en las plazas<\/strong>\u00bb, seg\u00fan rezaba la votaci\u00f3n el jurado. Recogi\u00f3 el trofeo Curro V\u00e1zquez, otro protagonista de la ma\u00f1ana del domingo, al firmar uno de los m\u00e1s bellos cap\u00edtulos de la historia vente\u00f1a.<\/p>\n<p class=\"voc-p\" style=\"\"><strong>La infanta Elena presidi\u00f3 el acto<\/strong> y entreg\u00f3 el premio a maestro de Linares, tras lo que felicit\u00f3 a la televisi\u00f3n madrile\u00f1a por su labor y por esta gala, \u00abuna cita que nos re\u00fane para celebrar el arte, la entrega y valor que definen al mundo del toreo. Un mundo estrechamente ligado a nuestras ra\u00edces, que siempre ha admirado una parte esencial de nuestra cultura\u00bb. Eso es<strong> el toreo, \u00abparte del alma de Espa\u00f1a\u00bb<\/strong>, que nos recuerda \u00abla importancia de conservar aquello que nos une como pueblo\u00bb. <\/p>\n<p class=\"voc-p\" style=\"\">Su alteza tuvo unas bonitas palabras para Morante: \u00ab<strong>Te vas de la plaza como te mereces, pero jam\u00e1s te ir\u00e1s de nuestras almas<\/strong>, que conectaron tantas veces con tu son, tu maestr\u00eda y tu temple en la vida. <strong>Ser\u00e1s el adi\u00f3s que la tauromaquia jam\u00e1s sabr\u00e1 decir<\/strong>\u00bb. Tampoco falt\u00f3 su felicitaci\u00f3n a los premiados, y a\u00f1adi\u00f3 su deseo de que la Fiesta \u00absiga siendo motivo de orgullo y uni\u00f3n para generaciones presentes y futuras\u00bb.<\/p>\n<p class=\"voc-p\" style=\"\">Carlos Novillo, Consejero de Medio Ambiente, Agricultura e Interior de la Comunidad de Madrid, expresaba que todav\u00eda segu\u00eda en shock tras las emociones del pasado fin de semana: \u00ab<strong>Cada suceso ser\u00e1 un hecho a reflejar en los anales de la tauromaquia<\/strong>, desde el descubrimiento a la estatua de Anto\u00f1ete, hasta el festival, y luego lo que sucedi\u00f3 durante la tarde. <strong>Estamos asimilando esas despedidas de Fernando Roble\u00f1o<\/strong>, torero de Madrid y director de nuestra escuela, <strong>y la del maestro Morante, que no nos ha podido acompa\u00f1ar y que nos ha dejado un poco hu\u00e9rfanos<\/strong>\u00bb.<\/p>\n<p class=\"voc-p\" style=\"\">Record\u00f3 los grandes datos de asistencia que ha tenido Las Ventas, a lo que hay que sumar la audiencia televisiva: \u00ab<strong>Muy pocas actividades culturales superan el mill\u00f3n de espectadores y eso se ha conseguido s\u00f3lo en Las Ventas<\/strong>\u00bb. El consejero adem\u00e1s entreg\u00f3 el galard\u00f3n como mejor toro a Victoriano del R\u00edo, mostr\u00e1ndose \u00abmuy orgulloso de que una ganader\u00eda de la comunidad de Madrid sea premiado\u00bb.<\/p>\n<p class=\"voc-p\" style=\"\"><strong>Frenoso<\/strong>, de la divisa de San Agust\u00edn de Guadalix, que tiene unos datos inigualables este siglo en la Monumental vente\u00f1a, destac\u00f3 por <strong>\u00ab<strong>su bravura, entrega en la muleta y capacidad e ir a m\u00e1s en cada embestida<\/strong>\u00bb<\/strong>. Lo lidi\u00f3 Fernando Adri\u00e1n el pasado 16 de mayo. El ganadero agradeci\u00f3 el <strong>\u00ab<strong>compromiso firme y valiente del Gobierno de la Comunidad de Madrid, y, en especial a su Presidenta por posicionarse con claridad en defensa de la Fiesta<\/strong>\u00bb<\/strong>. Adem\u00e1s, hizo part\u00edcipes a todos los ganaderos, ya que \u00abeste premio simboliza el esfuerzo de un colectivo que trabaja con pasi\u00f3n y entrega hacia el toro\u00bb.<\/p>\n<p class=\"voc-p\" style=\"\">Tambi\u00e9n se reconoci\u00f3 la trayectoria de Fernando Roble\u00f1o, a\u00fan emocionado por el d\u00eda que dijo adi\u00f3s a los ruedos tras un cuarto de siglo de alternativa: \u00abRecojo este premio con toda la ilusi\u00f3n, muy feliz de haber llegado al final de mi carrera profesional. <strong>Estoy muy contento de que Dios me tuviera preparado ese \u00faltimo toro de mi carrera, para desarrollar la tauromaquia que llevo dentro<\/strong>, que no he podido sacar muchas tardes\u00bb. Tripulante, de Garcigrande, estar\u00e1 para siempre en el sal\u00f3n de la casa del maestro. <\/p>\n<p class=\"voc-p\" style=\"\">Morante doctor\u00f3 a Roble\u00f1o. \u00abLas casualidades: <strong>\u00e9l fue mi padrino y estuvo el \u00faltimo tarde de mi carrera, y tambi\u00e9n fue su \u00faltima tarde. Ya era una suerte estar anunciado la \u00faltima tarde de mi carrera junto a \u00e9l, y al final result\u00f3 ser hist\u00f3rica<\/strong>\u00bb, dijo Fernando. Tambi\u00e9n agradeci\u00f3 a Telemadrid \u00abel grandioso trabajo que hacen, y enhorabuena por lograr que llegue el toreo q todos los hogares de nuestra comunidad\u00bb.<\/p>\n<p class=\"voc-p\" style=\"\">Jos\u00e9 Antonio S\u00e1nchez, director de la televisi\u00f3n p\u00fablica, record\u00f3 c\u00f3mo el toro siempre ha estado ligado a las ra\u00edces cat\u00f3licas y espa\u00f1olas, como dijo Ortega y Gasset: \u00abLa historia del toreo est\u00e1 ligada a la de Espa\u00f1a, tanto que sin conocer la primera, resultar\u00e1 imposible comprender la segunda\u00bb. \u00abEl toro ha sido siempre un manantial de inspiraci\u00f3n para artistas\u00bb, dijo S\u00e1nchez, que record\u00f3 las palabras que le dijo Isabel D\u00edaz Ayuso en su nombramiento: \u00abMe pidi\u00f3 que, dentro de nuestras humildes posibilidades, potenci\u00e1ramos al actividad de la corona y de la tauromaquia\u00bb. La tauromaquia siempre estar\u00e1 con nosotros porque <strong>\u00abla media luna de los pitones est\u00e1n clavados en la historia de Espa\u00f1a\u00bb<\/strong>, concluy\u00f3 Jos\u00e9 Antonio.<\/p>\n","protected":false},"excerpt":{"rendered":"El compromiso de Telemadrid con la tauromaquia ha alcanzado esta temporada unos niveles extraordinarios, al retransmitir todo San&hellip;\n","protected":false},"author":2,"featured_media":177079,"comment_status":"","ping_status":"","sticky":false,"template":"","format":"standard","meta":{"footnotes":""},"categories":[277],"tags":[6831,3272,373,29448,168,36,25,24,780,532,1367,50668,23,167,625,11223,374,575],"class_list":{"0":"post-177078","1":"post","2":"type-post","3":"status-publish","4":"format-standard","5":"has-post-thumbnail","7":"category-toreo","8":"tag-adios","9":"tag-ausencia","10":"tag-bullfighting","11":"tag-decir","12":"tag-deportes","13":"tag-entrega","14":"tag-es","15":"tag-espana","16":"tag-morante","17":"tag-premios","18":"tag-retirada","19":"tag-sabra","20":"tag-spain","21":"tag-sports","22":"tag-tauromaquia","23":"tag-telemadrid","24":"tag-toreo","25":"tag-tras"},"share_on_mastodon":{"url":"","error":""},"_links":{"self":[{"href":"https:\/\/www.europesays.com\/es\/wp-json\/wp\/v2\/posts\/177078","targetHints":{"allow":["GET"]}}],"collection":[{"href":"https:\/\/www.europesays.com\/es\/wp-json\/wp\/v2\/posts"}],"about":[{"href":"https:\/\/www.europesays.com\/es\/wp-json\/wp\/v2\/types\/post"}],"author":[{"embeddable":true,"href":"https:\/\/www.europesays.com\/es\/wp-json\/wp\/v2\/users\/2"}],"replies":[{"embeddable":true,"href":"https:\/\/www.europesays.com\/es\/wp-json\/wp\/v2\/comments?post=177078"}],"version-history":[{"count":0,"href":"https:\/\/www.europesays.com\/es\/wp-json\/wp\/v2\/posts\/177078\/revisions"}],"wp:featuredmedia":[{"embeddable":true,"href":"https:\/\/www.europesays.com\/es\/wp-json\/wp\/v2\/media\/177079"}],"wp:attachment":[{"href":"https:\/\/www.europesays.com\/es\/wp-json\/wp\/v2\/media?parent=177078"}],"wp:term":[{"taxonomy":"category","embeddable":true,"href":"https:\/\/www.europesays.com\/es\/wp-json\/wp\/v2\/categories?post=177078"},{"taxonomy":"post_tag","embeddable":true,"href":"https:\/\/www.europesays.com\/es\/wp-json\/wp\/v2\/tags?post=177078"}],"curies":[{"name":"wp","href":"https:\/\/api.w.org\/{rel}","templated":true}]}}